{"id":943,"date":"2021-10-26T07:08:20","date_gmt":"2021-10-26T07:08:20","guid":{"rendered":"https:\/\/blog.spbinvest.hu\/?p=943"},"modified":"2021-10-26T07:08:20","modified_gmt":"2021-10-26T07:08:20","slug":"spb-21-esemeny-osszefoglalo","status":"publish","type":"post","link":"https:\/\/blog.spbinvest.hu\/?p=943","title":{"rendered":"SPB 21 esem\u00e9ny \u00f6sszefoglal\u00f3"},"content":{"rendered":"<p style=\"text-align: center;\"><strong>Az SPB Befektet\u00e9si Zrt. \u00e9l\u0151 egyenes ad\u00e1sban el\u0151sz\u00f6r mutatkozott be a virtu\u00e1lis t\u00e9rben egy online esem\u00e9ny keret\u00e9ben<\/strong><\/p>\n<p>A t\u00e1rsas\u00e1g szak\u00e9rt\u0151i (Szab\u00f3 S\u00e1ndor \u2013 pr\u00e9mium banking igazgat\u00f3\/moder\u00e1tor, Kalapos Csaba \u2013 private banking igazgat\u00f3, Kosovics L\u00e1szl\u00f3 \u2013 senior elemz\u0151) aktu\u00e1lis befektet\u00e9si t\u00e9m\u00e1kr\u00f3l \u00e9s id\u0151szer\u0171 gazdas\u00e1gi k\u00e9rd\u00e9sekr\u0151l besz\u00e9lgettek.<\/p>\n<p>Ebben a t\u00e9mak\u00f6rben els\u0151 helyen szerepelt az infl\u00e1ci\u00f3s helyzet \u00e9rt\u00e9kel\u00e9se, illetve az ultra laza monet\u00e1ris k\u00f6rnyezet. A nemzetk\u00f6zi vonatkoz\u00e1sokat illet\u0151en kit\u00e9rtek a legfontosabb r\u00e9gi\u00f3k ez ir\u00e1ny\u00fa \u00e9rintetts\u00e9g\u00e9re. A vil\u00e1g vezet\u0151 gazdas\u00e1gi szerepl\u0151i mer\u0151ben m\u00e1s helyzetben vannak ebben a tekintetben. Az USA m\u00e1r j\u00f3val el\u0151r\u00e9bb tart a j\u00e1rv\u00e1nyhelyzetet k\u00f6vet\u0151 gazdas\u00e1gi nyit\u00e1s folyamat\u00e1ban. Az er\u0151teljes kereslet neh\u00e9z helyzetbe hozta a feldolgoz\u00f3 \u00e9s szolg\u00e1ltat\u00f3 szektort, ell\u00e1t\u00e1si probl\u00e9m\u00e1kkal szembes\u00fclnek, emelkednek a besz\u00e1ll\u00edt\u00f3i \u00e1rak \u00e9s nem utols\u00f3 sorban a fesz\u00fclt munkaer\u0151 piaci \u00e1llapotok miatt a b\u00e9rinfl\u00e1ci\u00f3 is egyre komolyabban \u00e9p\u00fcl be a v\u00e1rakoz\u00e1sokba. Az amerikai k\u00f6zponti bank, a FED r\u00e9sz\u00e9r\u0151l folytatott kommunik\u00e1ci\u00f3 az infl\u00e1ci\u00f3 \u00e1tmeneti jelleg\u00e9t igyekszik sugallni. A november elej\u00e9n tartand\u00f3 FOMC \u00fcl\u00e9s ut\u00e1n m\u00e1r pontosabb menetrendet fogunk kapni a laza monet\u00e1ris politika esetleges befejez\u0151 f\u00e1zis\u00e1r\u00f3l. Az eur\u00f3pai helyzet eg\u00e9szen m\u00e1s, a gazdas\u00e1gi ciklus teljesen elt\u00e9r\u0151 f\u00e1zis\u00e1ban vagyunk. Az infl\u00e1ci\u00f3 egyel\u0151re j\u00f3val alacsonyabb szinten van, ezzel egy\u00fctt a gazdas\u00e1gi n\u00f6veked\u00e9s is j\u00f3val szer\u00e9nyebb. Az Eur\u00f3pai K\u00f6zponti Bank r\u00e9sz\u00e9r\u0151l szint\u00e9n az infl\u00e1ci\u00f3 \u00e1tmeneti jellege ker\u00fcl kiemel\u00e9sre, a laza monet\u00e1ris kond\u00edci\u00f3k egyel\u0151re biztosan vel\u00fcnk maradnak. K\u00edna, a pand\u00e9mia id\u0151szak\u00e1nak egy\u00e9rtelm\u0171 nyertese lett gazdas\u00e1gi \u00e9rtelemben. A vil\u00e1gszerte kiny\u00edl\u00f3 piacok kereslete els\u0151sorban K\u00edn\u00e1t tal\u00e1lta meg, amely \u00e9lt ezzel a lehet\u0151s\u00e9ggel \u00e9s saj\u00e1t \u00e9rdekeinek megfelel\u0151en haszn\u00e1lta azt ki. Eset\u00fckben a kiugr\u00f3 gazdas\u00e1gi n\u00f6veked\u00e9s lend\u00fclete most \u00e9pp hogy vesz\u00edt erej\u00e9b\u0151l, ebb\u0151l ad\u00f3d\u00f3an nem a t\u00falf\u0171t\u00f6tts\u00e9get, hanem az esetleges t\u00falzott lassul\u00e1st k\u00edv\u00e1nj\u00e1k elker\u00fclni.<\/p>\n<p>Az SPB Befektet\u00e9si Zrt. r\u00e9sz\u00e9r\u0151l a besz\u00e9lget\u00e9sen r\u00e9sztvev\u0151 k\u00e9t \u00fczlet\u00e1gnak egy k\u00f6z\u00f6s strat\u00e9gi\u00e1n alapul\u00f3, ugyanakkor a saj\u00e1t \u00fcgyf\u00e9lk\u00f6re saj\u00e1toss\u00e1gainak legink\u00e1bb megfelel\u0151 v\u00e1laszokat kell adnia az \u00faj befektet\u0151i k\u00f6rnyezetre. A t\u00e1rsas\u00e1g priv\u00e1t bank\u00e1rjainak tekintet\u00e9ben a hazai \u00e9s nemzetk\u00f6zi piacokon megszerzett t\u00f6bb mint 20 \u00e9ves szakmai tud\u00e1s biztos h\u00e1tteret ad ahhoz, hogy az \u00faj ig\u00e9nyeknek megfelel\u0151, \u00fct\u00e9s\u00e1ll\u00f3, biztos cash-flow-val rendelkez\u0151, r\u00f6vid- \u00e9s k\u00f6z\u00e9pes futamidej\u0171, de adott k\u00f6r\u00fclm\u00e9nyek k\u00f6z\u00f6tt magas hozamszint\u0171 egyedi v\u00e1llalati k\u00f6tv\u00e9nyeket tudjanak aj\u00e1nlani \u00fcgyfeleiknek a befektet\u00e9si portf\u00f3li\u00f3kba. Kalapos Csaba priv\u00e1t bank\u00e1r \u00fczlet\u00e1gi igazgat\u00f3 szerint kifejezetten \u00e9rdekes lehet\u0151s\u00e9g ebben a tekintetben az orosz Gazprom doll\u00e1rban denomin\u00e1lt k\u00f6tv\u00e9nyeinek megv\u00e9tele. Az energiapiacon meghat\u00e1roz\u00f3 szerepet bet\u00f6lt\u0151 t\u00e1rsas\u00e1gok \u00e9rt\u00e9kpap\u00edrjai a fokoz\u00f3d\u00f3 infl\u00e1ci\u00f3s v\u00e1rakoz\u00e1sok idej\u00e9n az \u00e1tlagn\u00e1l magasabb j\u00f6vedelmez\u0151s\u00e9ggel b\u00edrnak.<\/p>\n<p>Kosovics L\u00e1szl\u00f3 senior elemz\u0151 szerint \u00fczlet\u00e1guknak helyzet\u00e9b\u0151l ad\u00f3d\u00f3an ink\u00e1bb a kollekt\u00edv befektet\u00e9si form\u00e1k fel\u00e9 kell fordulni \u00fcgyfeleik ez ir\u00e1ny\u00fa befektet\u00e9seit illet\u0151en. A k\u00f6nnyen el\u00e9rhet\u0151, k\u00f6lts\u00e9ghat\u00e9kony \u00e9s nagy diverzifik\u00e1ci\u00f3t biztos\u00edt\u00f3 k\u00f6tv\u00e9ny ETF-ek (Exchange Traded Fund-ok, vagyis t\u0151zsd\u00e9n kereskedett befektet\u00e9si alapok) t\u00f6k\u00e9letesen megfelelnek portf\u00f3li\u00f3 szeml\u00e9let\u00fck passz\u00edv r\u00e9sz\u00e9nek kialak\u00edt\u00e1s\u00e1hoz. A Vanguard Total Bond ETF-je t\u00f6bb ezer, d\u00f6nt\u0151en v\u00e1llalati emellett \u00e1llami kibocs\u00e1t\u00e1s\u00fa k\u00f6tv\u00e9nyt foglal mag\u00e1ban, melyek \u00e1tlagos futamideje kevesebb, mint 10 \u00e9v, eddigi visszatekint\u0151 teljes\u00edtm\u00e9nye 3 \u00e9v alatt 4,5%\/\u00e9v volt \u00e9s mindez doll\u00e1rban. B\u00e1r ez m\u00e9g mindig alulm\u00falja doll\u00e1rban m\u00e9rt infl\u00e1ci\u00f3 aktu\u00e1lis szintj\u00e9t, m\u00e9gis biztos alapot ad ahhoz, hogy a pr\u00e9mium portf\u00f3li\u00f3k akt\u00edv r\u00e9sz\u00e9nek addicion\u00e1lis hozam\u00e1val fel\u00fclteljes\u00edt\u0151k lehessenek. Ezt az akt\u00edv tev\u00e9kenys\u00e9get a pr\u00e9mium \u00fcgyfelek tekintet\u00e9ben a j\u00f6v\u0151ben az igen \u00edg\u00e9retesnek t\u0171n\u0151 banki, p\u00e9nz\u00fcgyi szolg\u00e1ltat\u00f3i szektorra koncentr\u00e1l\u00f3 ETF-eken kereszt\u00fcl igyekeznek majd megval\u00f3s\u00edtani.<\/p>\n<p>A magyar piacot illet\u0151en a szakemberek egyet\u00e9rtettek abban, hogy mind a Mol, mind az OTP r\u00e9szv\u00e9nyek teljes\u00edtm\u00e9nye az elm\u00falt id\u0151szakban igazolta v\u00e1rakoz\u00e1saikat. Kalapos Csaba kiemelte, hogy az OTP Bank eur\u00f3pai \u00f6sszehasonl\u00edt\u00e1sban is az egyik legjobb mutat\u00f3kkal rendelkez\u0151 p\u00e9nzint\u00e9zet. Meg\u00edt\u00e9l\u00e9se szerint a jelenlegi \u00e1rfolyamszintr\u0151l t\u00f6rt\u00e9n\u0151 ak\u00e1r kisebb visszaes\u00e9s is j\u00f3 bel\u00e9p\u00e9si pont lehet mind k\u00f6z\u00e9p- \u00e9s hossz\u00fat\u00e1von. Kosovics L\u00e1szl\u00f3 szerint a Mol r\u00e9szv\u00e9nyek teljes\u00edtm\u00e9nye alapvet\u0151en az olajpiaci sz\u00e1rnyal\u00e1s\u00e1t k\u00f6veti. V\u00e9lem\u00e9nye szerint r\u00e9gi\u00f3s \u00f6sszehasonl\u00edt\u00e1sban az\u00e9rt vannak olyan olajpap\u00edrok, melyek dinamik\u00e1jukat \u00e9s \u00e9rt\u00e9kelts\u00e9g\u00fcket tekintve tal\u00e1n \u00e9rdekesebbek lehetnek, \u00fagymint a lengyel PKN Orlen vagy az osztr\u00e1k OMV.<\/p>\n<p>Az energia- \u00e9s nyersanyagpiacokat illet\u0151en a szakemberek v\u00e9lem\u00e9nye megegyezett abban, hogy ezek tov\u00e1bbra is kereslet vez\u00e9relt piacok. Az olaj\u00e1rak magas szintje, a kiny\u00edl\u00f3 gazdas\u00e1gok fokozott \u00e9s koncentr\u00e1lt energia ig\u00e9nye miatt, eleve bor\u00edt\u00e9kolhat\u00f3. Ehhez a k\u00f6zelg\u0151 \u00e9s v\u00e1rhat\u00f3an hidegebb t\u00e9li id\u0151szak csak \u00fajabb l\u00f6k\u00e9st adhat. A keresleti \u00e9s k\u00edn\u00e1lati viszonyok rendez\u0151d\u00e9se szerint\u00fck a j\u00f6v\u0151 \u00e9v els\u0151 negyed\u00e9ve el\u0151tt biztosan nem v\u00e1rhat\u00f3.<\/p>\n<p>A fosszilis energiaforr\u00e1sok er\u0151teljes kereslete felvetette azt a k\u00e9rd\u00e9st, hogy mire sz\u00e1m\u00edthatunk az eddig oly n\u00e9pszer\u0171 alternat\u00edv energiaforr\u00e1sok, illetve a fenntarthat\u00f3 fejl\u0151d\u00e9s \u00e9s ESG alapelvek tov\u00e1bbi alkalmaz\u00e1s\u00e1ban. Az SPB Befektet\u00e9si Zrt. priv\u00e1t \u00e9s pr\u00e9mium banki \u00fcgyfelei r\u00e9sz\u00e9r\u0151l egy\u00e9rtelm\u0171en \u00e9rezhet\u0151 ig\u00e9ny az ESG ir\u00e1nyelveknek megfelel\u0151 befektet\u00e9si form\u00e1k k\u00f6zvet\u00edt\u00e9se. A t\u00e1rsas\u00e1g priv\u00e1t bank\u00e1rjai legink\u00e1bb a \u201ez\u00f6ld\u201d k\u00f6tv\u00e9nyek ir\u00e1ny\u00e1ban fejtik ki ez ir\u00e1ny\u00fa tev\u00e9kenys\u00e9g\u00fcket. Kalapos Csaba p\u00e9ldak\u00e9nt a PAPREC francia hullad\u00e9k feldolgoz\u00f3 t\u00e1rsas\u00e1g k\u00f6tv\u00e9ny\u00e9t eml\u00edtette meg, amely az elm\u00falt id\u0151szakban k\u00f6zel 20%-os \u00e1rfolyam emelked\u00e9st mutatott.<\/p>\n<p>A pr\u00e9mium szegmens r\u00e9sz\u00e9r\u0151l Kosovics L\u00e1szl\u00f3 arra h\u00edvta fel a figyelmet, hogy b\u00e1r a kollekt\u00edv befektet\u00e9si form\u00e1kat illet\u0151en sz\u00e1mtalan ETF kapott ESG min\u0151s\u00edt\u00e9st, ennek ellen\u00e9re alaposan \u00e1t kell tekinteni ezek val\u00f3s tartalm\u00e1t. A \u201egreen washing\u201d sajnos \u00e1tj\u00e1rja ezt a ter\u00fcletet, vagyis \u201ez\u00f6ld\u201d-nek l\u00e1tsz\u00f3 befektet\u00e9si eszk\u00f6z\u00f6k ker\u00fclnek a piacra \u00fagy, hogy azok val\u00f3j\u00e1ban nem rendelkeznek val\u00f3s k\u00f6rnyezettudatos jellemz\u0151kkel. \u00dczlet\u00e1guk d\u00f6nt\u0151en olyan ETF-eket aj\u00e1nl ebben a tekintetben, amelyek az ESG ir\u00e1nyelveket \u00e9s a k\u00f6rnyezettudatoss\u00e1got marad\u00e9ktalanul szem el\u0151tt tart\u00f3 v\u00e1llalatok \u00e9rt\u00e9kpap\u00edrjait tartalmazz\u00e1k. P\u00e9ldak\u00e9nt eml\u00edtette az iShares USA ESG Select ETF-et, illetve az Invesco Globar Water Index ETF-et.<\/p>\n<p>Az aktu\u00e1lis geopolitikai piaci kock\u00e1zatokat illet\u0151en a szak\u00e9rt\u0151k szerint kiemelt helyen szerepel a k\u00ednai belpolitikai helyzet. A kommunista p\u00e1rtvezet\u00e9s ny\u00edltan \u00e9s direkt m\u00f3don avatkozik bele az orsz\u00e1g vezet\u0151 mag\u00e1nc\u00e9geinek \u00fczleti modellj\u00e9be, ami er\u0151teljes t\u0151keki\u00e1raml\u00e1st eredm\u00e9nyezett az ut\u00f3bbi id\u0151ben. Kalapos Csaba kiemelte, hogy a priv\u00e1t banki \u00fczlet\u00e1g term\u00e9szetesen figyelemmel k\u00eds\u00e9ri a vil\u00e1g egyik legnagyobb t\u0151kepiac\u00e1nak fejlem\u00e9nyeit, ugyanakkor egyedi pap\u00edrok szintj\u00e9n egyel\u0151re nem kereskednek ezekkel. Kosovics L\u00e1szl\u00f3 elmondta, hogy a pr\u00e9mium \u00fczlet\u00e1g az \u00e9v elej\u00e9n m\u00e9g komoly potenci\u00e1lt l\u00e1tott a k\u00ednai piacban. Alapvet\u0151en ism\u00e9t csak diverzifik\u00e1lt ETF-eken kereszt\u00fcl val\u00f3s\u00edtott\u00e1k meg ezeket a befektet\u00e9seiket, ugyanakkor l\u00e1tva a bizonytalan helyzetet, szinte kiv\u00e9tel n\u00e9lk\u00fcl felsz\u00e1molt\u00e1k kitetts\u00e9g\u00fcket. B\u00e1r az \u00e9rt\u00e9kelts\u00e9gi szintek rendk\u00edv\u00fcl kedvez\u0151ek egyes c\u00e9gek tekintet\u00e9ben, m\u00e9gis ink\u00e1bb jobb egyel\u0151re t\u00e1volr\u00f3l figyelni az esem\u00e9nyeket. Hosszabb t\u00e1vra, a portf\u00f3li\u00f3 max. 5%-ig aj\u00e1nlanak ilyen t\u00edpus\u00fa befektet\u00e9seket kock\u00e1zatv\u00e1llal\u00f3 \u00fcgyfeleiknek.<\/p>\n<p>A hazai vonatkoz\u00e1sokat illet\u0151en az SPB Befektet\u00e9si Zrt. glob\u00e1lis kereskedelmi tev\u00e9kenys\u00e9ge miatt megker\u00fclhetetlen volt a forint \u00e1rfolyam\u00e1nak alakul\u00e1s\u00e1r\u00f3l is sz\u00f3t ejteni. A szak\u00e9rt\u0151k egybehangz\u00f3 v\u00e9lem\u00e9nye szerint a magyar gazdas\u00e1gban tapasztalhat\u00f3 er\u0151teljes infl\u00e1ci\u00f3s nyom\u00e1s miatt a Magyar Nemzeti Bank kamatemel\u00e9seinek egyel\u0151re nem siker\u00fclt meg\u00e1ll\u00edtani a forint gyeng\u00fcl\u00e9s\u00e9t. A legut\u00f3bbi 15bps-os emel\u00e9s, illetve az \u00e9v v\u00e9g\u00e9ig v\u00e1rhat\u00f3 hasonl\u00f3 l\u00e9p\u00e9sek v\u00e9lhet\u0151en nem lesznek elegend\u0151ek a forint \u00e1rfolyam\u00e1nak mark\u00e1ns er\u0151s\u00edt\u00e9s\u00e9re az EUR szemben. A j\u00f6v\u0151 \u00e9v elej\u00e9n napvil\u00e1gra ker\u00fcl\u0151 konkr\u00e9t infl\u00e1ci\u00f3s adatok t\u00fckr\u00e9ben kaphatunk pontosabb k\u00e9pet az MNB tov\u00e1bbi monet\u00e1ris strat\u00e9gi\u00e1j\u00e1r\u00f3l. Ami a legfontosabb devizap\u00e1r, az EUR\/USD \u00e1rfolyam\u00e1t illeti, Kalapos Csaba v\u00e9lem\u00e9nye szerint az USA \u00e9s az EU teljesen elt\u00e9r\u0151 ciklusban l\u00e9v\u0151 gazdas\u00e1gi folyamati miatt v\u00e1rhat\u00f3an megmarad az USD kamatel\u0151nye. Ennek megfelel\u0151en \u00e9rdemes ink\u00e1bb ez ut\u00f3bbi devizanemben t\u00fals\u00falyozni befektet\u00e9si portf\u00f3li\u00f3nkat.<\/p>\n","protected":false},"excerpt":{"rendered":"<p>Az SPB Befektet\u00e9si Zrt. \u00e9l\u0151 egyenes ad\u00e1sban el\u0151sz\u00f6r mutatkozott be a virtu\u00e1lis t\u00e9rben egy online esem\u00e9ny keret\u00e9ben A t\u00e1rsas\u00e1g szak\u00e9rt\u0151i (Szab\u00f3 S\u00e1ndor \u2013 pr\u00e9mium banking igazgat\u00f3\/moder\u00e1tor, Kalapos Csaba \u2013 private banking igazgat\u00f3, Kosovics L\u00e1szl\u00f3 \u2013 senior elemz\u0151) aktu\u00e1lis befektet\u00e9si t\u00e9m\u00e1kr\u00f3l \u00e9s id\u0151szer\u0171 gazdas\u00e1gi k\u00e9rd\u00e9sekr\u0151l besz\u00e9lgettek. Ebben a t\u00e9mak\u00f6rben els\u0151 helyen szerepelt az infl\u00e1ci\u00f3s helyzet \u00e9rt\u00e9kel\u00e9se,&#8230;<\/p>\n","protected":false},"author":1,"featured_media":944,"comment_status":"closed","ping_status":"open","sticky":false,"template":"","format":"standard","meta":{"footnotes":""},"categories":[4,5,25,2,24],"tags":[],"class_list":["post-943","post","type-post","status-publish","format-standard","has-post-thumbnail","hentry","category-kotveny","category-lifestyle","category-makro","category-reszveny","category-spb"],"yoast_head":"<!-- This site is optimized with the Yoast SEO plugin v27.5 - https:\/\/yoast.com\/product\/yoast-seo-wordpress\/ -->\n<title>SPB 21 esem\u00e9ny \u00f6sszefoglal\u00f3 - SPB Blog<\/title>\n<meta name=\"description\" content=\"Az SPB Befektet\u00e9si Zrt. \u00e9l\u0151 egyenes ad\u00e1sban el\u0151sz\u00f6r mutatkozott be a virtu\u00e1lis t\u00e9rben egy online esem\u00e9ny keret\u00e9ben\" \/>\n<meta name=\"robots\" content=\"index, follow, max-snippet:-1, max-image-preview:large, max-video-preview:-1\" \/>\n<link rel=\"canonical\" href=\"https:\/\/blog.spbinvest.hu\/?p=943\" \/>\n<meta property=\"og:locale\" content=\"hu_HU\" \/>\n<meta property=\"og:type\" content=\"article\" \/>\n<meta property=\"og:title\" content=\"SPB 21 esem\u00e9ny \u00f6sszefoglal\u00f3 - SPB Blog\" \/>\n<meta property=\"og:description\" content=\"Az SPB Befektet\u00e9si Zrt. \u00e9l\u0151 egyenes ad\u00e1sban el\u0151sz\u00f6r mutatkozott be a virtu\u00e1lis t\u00e9rben egy online esem\u00e9ny keret\u00e9ben\" \/>\n<meta property=\"og:url\" content=\"https:\/\/blog.spbinvest.hu\/?p=943\" \/>\n<meta property=\"og:site_name\" content=\"SPB Blog\" \/>\n<meta property=\"article:published_time\" content=\"2021-10-26T07:08:20+00:00\" \/>\n<meta property=\"og:image\" content=\"https:\/\/blog.spbinvest.hu\/wp-content\/uploads\/2021\/10\/spb3.jpg\" \/>\n\t<meta property=\"og:image:width\" content=\"1000\" \/>\n\t<meta property=\"og:image:height\" content=\"637\" \/>\n\t<meta property=\"og:image:type\" content=\"image\/jpeg\" \/>\n<meta name=\"author\" content=\"SPB\" \/>\n<meta name=\"twitter:card\" content=\"summary_large_image\" \/>\n<meta name=\"twitter:label1\" content=\"Szerz\u0151:\" \/>\n\t<meta name=\"twitter:data1\" content=\"SPB\" \/>\n\t<meta name=\"twitter:label2\" content=\"Becs\u00fclt olvas\u00e1si id\u0151\" \/>\n\t<meta name=\"twitter:data2\" content=\"5 perc\" \/>\n<script type=\"application\/ld+json\" class=\"yoast-schema-graph\">{\"@context\":\"https:\\\/\\\/schema.org\",\"@graph\":[{\"@type\":\"Article\",\"@id\":\"https:\\\/\\\/blog.spbinvest.hu\\\/?p=943#article\",\"isPartOf\":{\"@id\":\"https:\\\/\\\/blog.spbinvest.hu\\\/?p=943\"},\"author\":{\"name\":\"SPB\",\"@id\":\"https:\\\/\\\/blog.spbinvest.hu\\\/#\\\/schema\\\/person\\\/d5af847b20d61bf27bae3db50d6247f7\"},\"headline\":\"SPB 21 esem\u00e9ny \u00f6sszefoglal\u00f3\",\"datePublished\":\"2021-10-26T07:08:20+00:00\",\"mainEntityOfPage\":{\"@id\":\"https:\\\/\\\/blog.spbinvest.hu\\\/?p=943\"},\"wordCount\":1758,\"image\":{\"@id\":\"https:\\\/\\\/blog.spbinvest.hu\\\/?p=943#primaryimage\"},\"thumbnailUrl\":\"https:\\\/\\\/blog.spbinvest.hu\\\/wp-content\\\/uploads\\\/2021\\\/10\\\/spb3.jpg\",\"articleSection\":[\"K\u00f6tv\u00e9ny\",\"Lifestyle\",\"Makr\u00f3\",\"R\u00e9szv\u00e9ny\",\"SPB\"],\"inLanguage\":\"hu\"},{\"@type\":\"WebPage\",\"@id\":\"https:\\\/\\\/blog.spbinvest.hu\\\/?p=943\",\"url\":\"https:\\\/\\\/blog.spbinvest.hu\\\/?p=943\",\"name\":\"SPB 21 esem\u00e9ny \u00f6sszefoglal\u00f3 - SPB Blog\",\"isPartOf\":{\"@id\":\"https:\\\/\\\/blog.spbinvest.hu\\\/#website\"},\"primaryImageOfPage\":{\"@id\":\"https:\\\/\\\/blog.spbinvest.hu\\\/?p=943#primaryimage\"},\"image\":{\"@id\":\"https:\\\/\\\/blog.spbinvest.hu\\\/?p=943#primaryimage\"},\"thumbnailUrl\":\"https:\\\/\\\/blog.spbinvest.hu\\\/wp-content\\\/uploads\\\/2021\\\/10\\\/spb3.jpg\",\"datePublished\":\"2021-10-26T07:08:20+00:00\",\"author\":{\"@id\":\"https:\\\/\\\/blog.spbinvest.hu\\\/#\\\/schema\\\/person\\\/d5af847b20d61bf27bae3db50d6247f7\"},\"description\":\"Az SPB Befektet\u00e9si Zrt. \u00e9l\u0151 egyenes ad\u00e1sban el\u0151sz\u00f6r mutatkozott be a virtu\u00e1lis t\u00e9rben egy online esem\u00e9ny keret\u00e9ben\",\"breadcrumb\":{\"@id\":\"https:\\\/\\\/blog.spbinvest.hu\\\/?p=943#breadcrumb\"},\"inLanguage\":\"hu\",\"potentialAction\":[{\"@type\":\"ReadAction\",\"target\":[\"https:\\\/\\\/blog.spbinvest.hu\\\/?p=943\"]}]},{\"@type\":\"ImageObject\",\"inLanguage\":\"hu\",\"@id\":\"https:\\\/\\\/blog.spbinvest.hu\\\/?p=943#primaryimage\",\"url\":\"https:\\\/\\\/blog.spbinvest.hu\\\/wp-content\\\/uploads\\\/2021\\\/10\\\/spb3.jpg\",\"contentUrl\":\"https:\\\/\\\/blog.spbinvest.hu\\\/wp-content\\\/uploads\\\/2021\\\/10\\\/spb3.jpg\",\"width\":1000,\"height\":637},{\"@type\":\"BreadcrumbList\",\"@id\":\"https:\\\/\\\/blog.spbinvest.hu\\\/?p=943#breadcrumb\",\"itemListElement\":[{\"@type\":\"ListItem\",\"position\":1,\"name\":\"Kezd\u0151lap\",\"item\":\"https:\\\/\\\/blog.spbinvest.hu\\\/\"},{\"@type\":\"ListItem\",\"position\":2,\"name\":\"SPB 21 esem\u00e9ny \u00f6sszefoglal\u00f3\"}]},{\"@type\":\"WebSite\",\"@id\":\"https:\\\/\\\/blog.spbinvest.hu\\\/#website\",\"url\":\"https:\\\/\\\/blog.spbinvest.hu\\\/\",\"name\":\"SPB Blog\",\"description\":\"\",\"potentialAction\":[{\"@type\":\"SearchAction\",\"target\":{\"@type\":\"EntryPoint\",\"urlTemplate\":\"https:\\\/\\\/blog.spbinvest.hu\\\/?s={search_term_string}\"},\"query-input\":{\"@type\":\"PropertyValueSpecification\",\"valueRequired\":true,\"valueName\":\"search_term_string\"}}],\"inLanguage\":\"hu\"},{\"@type\":\"Person\",\"@id\":\"https:\\\/\\\/blog.spbinvest.hu\\\/#\\\/schema\\\/person\\\/d5af847b20d61bf27bae3db50d6247f7\",\"name\":\"SPB\",\"image\":{\"@type\":\"ImageObject\",\"inLanguage\":\"hu\",\"@id\":\"https:\\\/\\\/secure.gravatar.com\\\/avatar\\\/e4bde87cb0016e1f94b62d02932290f9440405440ef9e5f3917ee5cec0b41662?s=96&d=mm&r=g\",\"url\":\"https:\\\/\\\/secure.gravatar.com\\\/avatar\\\/e4bde87cb0016e1f94b62d02932290f9440405440ef9e5f3917ee5cec0b41662?s=96&d=mm&r=g\",\"contentUrl\":\"https:\\\/\\\/secure.gravatar.com\\\/avatar\\\/e4bde87cb0016e1f94b62d02932290f9440405440ef9e5f3917ee5cec0b41662?s=96&d=mm&r=g\",\"caption\":\"SPB\"},\"sameAs\":[\"https:\\\/\\\/blog.spbinvest.hu\"],\"url\":\"https:\\\/\\\/blog.spbinvest.hu\\\/?author=1\"}]}<\/script>\n<!-- \/ Yoast SEO plugin. -->","yoast_head_json":{"title":"SPB 21 esem\u00e9ny \u00f6sszefoglal\u00f3 - SPB Blog","description":"Az SPB Befektet\u00e9si Zrt. \u00e9l\u0151 egyenes ad\u00e1sban el\u0151sz\u00f6r mutatkozott be a virtu\u00e1lis t\u00e9rben egy online esem\u00e9ny keret\u00e9ben","robots":{"index":"index","follow":"follow","max-snippet":"max-snippet:-1","max-image-preview":"max-image-preview:large","max-video-preview":"max-video-preview:-1"},"canonical":"https:\/\/blog.spbinvest.hu\/?p=943","og_locale":"hu_HU","og_type":"article","og_title":"SPB 21 esem\u00e9ny \u00f6sszefoglal\u00f3 - SPB Blog","og_description":"Az SPB Befektet\u00e9si Zrt. \u00e9l\u0151 egyenes ad\u00e1sban el\u0151sz\u00f6r mutatkozott be a virtu\u00e1lis t\u00e9rben egy online esem\u00e9ny keret\u00e9ben","og_url":"https:\/\/blog.spbinvest.hu\/?p=943","og_site_name":"SPB Blog","article_published_time":"2021-10-26T07:08:20+00:00","og_image":[{"width":1000,"height":637,"url":"https:\/\/blog.spbinvest.hu\/wp-content\/uploads\/2021\/10\/spb3.jpg","type":"image\/jpeg"}],"author":"SPB","twitter_card":"summary_large_image","twitter_misc":{"Szerz\u0151:":"SPB","Becs\u00fclt olvas\u00e1si id\u0151":"5 perc"},"schema":{"@context":"https:\/\/schema.org","@graph":[{"@type":"Article","@id":"https:\/\/blog.spbinvest.hu\/?p=943#article","isPartOf":{"@id":"https:\/\/blog.spbinvest.hu\/?p=943"},"author":{"name":"SPB","@id":"https:\/\/blog.spbinvest.hu\/#\/schema\/person\/d5af847b20d61bf27bae3db50d6247f7"},"headline":"SPB 21 esem\u00e9ny \u00f6sszefoglal\u00f3","datePublished":"2021-10-26T07:08:20+00:00","mainEntityOfPage":{"@id":"https:\/\/blog.spbinvest.hu\/?p=943"},"wordCount":1758,"image":{"@id":"https:\/\/blog.spbinvest.hu\/?p=943#primaryimage"},"thumbnailUrl":"https:\/\/blog.spbinvest.hu\/wp-content\/uploads\/2021\/10\/spb3.jpg","articleSection":["K\u00f6tv\u00e9ny","Lifestyle","Makr\u00f3","R\u00e9szv\u00e9ny","SPB"],"inLanguage":"hu"},{"@type":"WebPage","@id":"https:\/\/blog.spbinvest.hu\/?p=943","url":"https:\/\/blog.spbinvest.hu\/?p=943","name":"SPB 21 esem\u00e9ny \u00f6sszefoglal\u00f3 - SPB Blog","isPartOf":{"@id":"https:\/\/blog.spbinvest.hu\/#website"},"primaryImageOfPage":{"@id":"https:\/\/blog.spbinvest.hu\/?p=943#primaryimage"},"image":{"@id":"https:\/\/blog.spbinvest.hu\/?p=943#primaryimage"},"thumbnailUrl":"https:\/\/blog.spbinvest.hu\/wp-content\/uploads\/2021\/10\/spb3.jpg","datePublished":"2021-10-26T07:08:20+00:00","author":{"@id":"https:\/\/blog.spbinvest.hu\/#\/schema\/person\/d5af847b20d61bf27bae3db50d6247f7"},"description":"Az SPB Befektet\u00e9si Zrt. \u00e9l\u0151 egyenes ad\u00e1sban el\u0151sz\u00f6r mutatkozott be a virtu\u00e1lis t\u00e9rben egy online esem\u00e9ny keret\u00e9ben","breadcrumb":{"@id":"https:\/\/blog.spbinvest.hu\/?p=943#breadcrumb"},"inLanguage":"hu","potentialAction":[{"@type":"ReadAction","target":["https:\/\/blog.spbinvest.hu\/?p=943"]}]},{"@type":"ImageObject","inLanguage":"hu","@id":"https:\/\/blog.spbinvest.hu\/?p=943#primaryimage","url":"https:\/\/blog.spbinvest.hu\/wp-content\/uploads\/2021\/10\/spb3.jpg","contentUrl":"https:\/\/blog.spbinvest.hu\/wp-content\/uploads\/2021\/10\/spb3.jpg","width":1000,"height":637},{"@type":"BreadcrumbList","@id":"https:\/\/blog.spbinvest.hu\/?p=943#breadcrumb","itemListElement":[{"@type":"ListItem","position":1,"name":"Kezd\u0151lap","item":"https:\/\/blog.spbinvest.hu\/"},{"@type":"ListItem","position":2,"name":"SPB 21 esem\u00e9ny \u00f6sszefoglal\u00f3"}]},{"@type":"WebSite","@id":"https:\/\/blog.spbinvest.hu\/#website","url":"https:\/\/blog.spbinvest.hu\/","name":"SPB Blog","description":"","potentialAction":[{"@type":"SearchAction","target":{"@type":"EntryPoint","urlTemplate":"https:\/\/blog.spbinvest.hu\/?s={search_term_string}"},"query-input":{"@type":"PropertyValueSpecification","valueRequired":true,"valueName":"search_term_string"}}],"inLanguage":"hu"},{"@type":"Person","@id":"https:\/\/blog.spbinvest.hu\/#\/schema\/person\/d5af847b20d61bf27bae3db50d6247f7","name":"SPB","image":{"@type":"ImageObject","inLanguage":"hu","@id":"https:\/\/secure.gravatar.com\/avatar\/e4bde87cb0016e1f94b62d02932290f9440405440ef9e5f3917ee5cec0b41662?s=96&d=mm&r=g","url":"https:\/\/secure.gravatar.com\/avatar\/e4bde87cb0016e1f94b62d02932290f9440405440ef9e5f3917ee5cec0b41662?s=96&d=mm&r=g","contentUrl":"https:\/\/secure.gravatar.com\/avatar\/e4bde87cb0016e1f94b62d02932290f9440405440ef9e5f3917ee5cec0b41662?s=96&d=mm&r=g","caption":"SPB"},"sameAs":["https:\/\/blog.spbinvest.hu"],"url":"https:\/\/blog.spbinvest.hu\/?author=1"}]}},"_links":{"self":[{"href":"https:\/\/blog.spbinvest.hu\/index.php?rest_route=\/wp\/v2\/posts\/943","targetHints":{"allow":["GET"]}}],"collection":[{"href":"https:\/\/blog.spbinvest.hu\/index.php?rest_route=\/wp\/v2\/posts"}],"about":[{"href":"https:\/\/blog.spbinvest.hu\/index.php?rest_route=\/wp\/v2\/types\/post"}],"author":[{"embeddable":true,"href":"https:\/\/blog.spbinvest.hu\/index.php?rest_route=\/wp\/v2\/users\/1"}],"replies":[{"embeddable":true,"href":"https:\/\/blog.spbinvest.hu\/index.php?rest_route=%2Fwp%2Fv2%2Fcomments&post=943"}],"version-history":[{"count":1,"href":"https:\/\/blog.spbinvest.hu\/index.php?rest_route=\/wp\/v2\/posts\/943\/revisions"}],"predecessor-version":[{"id":945,"href":"https:\/\/blog.spbinvest.hu\/index.php?rest_route=\/wp\/v2\/posts\/943\/revisions\/945"}],"wp:featuredmedia":[{"embeddable":true,"href":"https:\/\/blog.spbinvest.hu\/index.php?rest_route=\/wp\/v2\/media\/944"}],"wp:attachment":[{"href":"https:\/\/blog.spbinvest.hu\/index.php?rest_route=%2Fwp%2Fv2%2Fmedia&parent=943"}],"wp:term":[{"taxonomy":"category","embeddable":true,"href":"https:\/\/blog.spbinvest.hu\/index.php?rest_route=%2Fwp%2Fv2%2Fcategories&post=943"},{"taxonomy":"post_tag","embeddable":true,"href":"https:\/\/blog.spbinvest.hu\/index.php?rest_route=%2Fwp%2Fv2%2Ftags&post=943"}],"curies":[{"name":"wp","href":"https:\/\/api.w.org\/{rel}","templated":true}]}}