{"id":940,"date":"2021-10-25T13:22:07","date_gmt":"2021-10-25T13:22:07","guid":{"rendered":"https:\/\/blog.spbinvest.hu\/?p=940"},"modified":"2021-10-25T13:22:07","modified_gmt":"2021-10-25T13:22:07","slug":"kina-szembemegy-a-globalis-trendekkel","status":"publish","type":"post","link":"https:\/\/blog.spbinvest.hu\/?p=940","title":{"rendered":"J\u00f6v\u0151re lassulhat vil\u00e1gszinten az \u00e1remelked\u00e9s &#8211; K\u00edna szembemegy a glob\u00e1lis trendekkel"},"content":{"rendered":"<section class=\"pfarticle-section-lead\"><\/section>\n<div class=\"lead\"><\/div>\n<div class=\"lead\">\n<p>Nem magyar saj\u00e1toss\u00e1g a hazai n\u00f6vekv\u0151 infl\u00e1ci\u00f3s k\u00f6rnyezet. Nyugat-Eur\u00f3p\u00e1ban 3 sz\u00e1zal\u00e9k k\u00f6r\u00fcli az infl\u00e1ci\u00f3 de \u00c9szak-Amerik\u00e1ban 5 sz\u00e1zal\u00e9k feletti infl\u00e1ci\u00f3s kock\u00e1zatot j\u00f3solnak az elemz\u0151k. K\u00edna nem szigor\u00edt, hossz\u00fat\u00e1von egy gazdas\u00e1g\u00e9l\u00e9nk\u00edt\u0151 csomag v\u00e1rhat\u00f3 az \u00e1zsiai orsz\u00e1gban. Komoly piaci l\u00f6k\u00e9st adott az ESG min\u0151s\u00edt\u00e9s\u0171 k\u00f6tv\u00e9nyeknek az MNB N\u00f6veked\u00e9si K\u00f6tv\u00e9nyprogramja.<\/p>\n<\/div>\n<h2>J\u00f6v\u0151re normaliz\u00e1l\u00f3dhat az infl\u00e1ci\u00f3<\/h2>\n<p class=\"alnyomatos-kiemeles-container\">Nem magyar saj\u00e1toss\u00e1g a hazai n\u00f6vekv\u0151 infl\u00e1ci\u00f3s k\u00f6rnyezet. A szeptemberi infl\u00e1ci\u00f3s adat 5 \u00e9s f\u00e9l sz\u00e1zal\u00e9kot mutatott. A nyugat-eur\u00f3pai \u00e9rt\u00e9k kicsit alacsonyabb, ott 3 sz\u00e1zal\u00e9k k\u00f6r\u00fcli infl\u00e1ci\u00f3t lehet l\u00e1tni, de<span class=\"alnyomatos-kiemeles\">\u00c9szak-Amerik\u00e1ban 5 sz\u00e1zal\u00e9k feletti infl\u00e1ci\u00f3s kock\u00e1zatot val\u00f3sz\u00edn\u0171s\u00edtenek az elemz\u0151k.<\/span>\u00cdgy a vil\u00e1g jegybankjai sz\u00e1m\u00e1ra fel van adva a lecke. Jelenleg a jegybankok azt kommunik\u00e1lj\u00e1k, hogy ez egy \u00e1tmeneti jelleg\u0171 jelens\u00e9g \u00e9s<span class=\"alnyomatos-kiemeles\">j\u00f6v\u0151 \u00e9v m\u00e1sodik fel\u00e9re visszat\u00e9rhet az \u00e1remelked\u00e9s a kor\u00e1bbi \u00e1ltaluk megfelel\u0151nek \u00edt\u00e9lt c\u00e9l\u00e9rt\u00e9k s\u00e1vba<\/span>\u2013 hangzott el a Sovereign Private Banking (SPB) Befektet\u00e9si Zrt. online konferenci\u00e1j\u00e1n.<\/p>\n<p>A priv\u00e1tbanki szak\u00e9rt\u0151k jelenleg \u00fagy v\u00e9lik, hogy az infl\u00e1ci\u00f3val mindenk\u00e9ppen foglalkoznia kell a jegybankoknak. A jegybankok szigor\u00edt\u00e1s\u00e1ra, a k\u00f6tv\u00e9nyv\u00e1s\u00e1rl\u00e1si programok visszafog\u00e1s\u00e1ra \u00e9s 2022-ben a FED kamatemel\u00e9s\u00e9re is lehet sz\u00e1m\u00edtani v\u00e9lem\u00e9ny\u00fck szerint.<\/p>\n<h6><img loading=\"lazy\" decoding=\"async\" class=\"tinymce-image\" src=\"https:\/\/novekedes.hu\/media\/\/45d\/45ded436c85f56871365a5ed31b9c1f5f4bddd88.png\" alt=\"\" width=\"1466\" height=\"772\" \/>Forint \u2013 Euro \u00e1rfolyam alakul\u00e1sa; Forr\u00e1s: SPB Befektet\u00e9si Zrt.<\/h6>\n<h2>K\u00edna szembe megy a trendekkel<\/h2>\n<p class=\"alnyomatos-kiemeles-container\">K\u00edn\u00e1ban jelenleg l\u00e1tsz\u00f3lag szembe mennek ezekkel a glob\u00e1lis trendekkel. Az \u00e1zsiai orsz\u00e1g hamarabb kil\u00e1balt a pand\u00e9mia okozta v\u00e1ls\u00e1gb\u00f3l \u00e9s nagyon dinamikus n\u00f6veked\u00e9snek indult a gazdas\u00e1ga. Most ez lassulni l\u00e1tszik, \u00edgy<span class=\"alnyomatos-kiemeles\">K\u00edn\u00e1ban ink\u00e1bb az a k\u00e9rd\u00e9s, hogy meddig fogj\u00e1k engedni ezt a lassul\u00e1st.<\/span>\u00cdgy r\u00e9sz\u00fckr\u0151l ink\u00e1bb egy gazdas\u00e1gi \u00e9l\u00e9nk\u00edt\u0151 csomag v\u00e1rhat\u00f3 a k\u00f6zelj\u00f6v\u0151ben, ak\u00e1r monet\u00e1ris, ak\u00e1r fisk\u00e1lis oldalon \u2013 tudtuk meg a webin\u00e1riumon.<\/p>\n<h2>Nyugtalan\u00edt\u00f3 h\u00edrek \u00c1zsi\u00e1b\u00f3l<\/h2>\n<p class=\"alnyomatos-kiemeles-container\">A geopolitikai kock\u00e1zatokat is figyelembe kell venni a befektet\u00e9sek sor\u00e1n. Az \u00e1zsiai t\u00e9rs\u00e9gr\u0151l az SPB-t\u0151l is t\u00f6bben k\u00e9rtek tan\u00e1csot az elm\u00falt id\u0151szakban. \u00c1zsi\u00e1n bel\u00fcl k\u00fcl\u00f6n\u00f6sen koncentr\u00e1ltak K\u00edn\u00e1ra \u00e9s a k\u00ednai tech v\u00e1llalatokra. Sok\u00e1ig nagyon j\u00f3k voltak a kil\u00e1t\u00e1sok, azt\u00e1n<span class=\"alnyomatos-kiemeles\">t\u00f6bb nyugtalan\u00edt\u00f3 h\u00edr is \u00e9rkezett arr\u00f3l, hogy a k\u00ednai \u00e1llam ny\u00edltan, direkt m\u00f3don sz\u00e1ll bele mag\u00e1n c\u00e9gek \u00fczleti strukt\u00far\u00e1j\u00e1ba.<\/span>Ennek nagyon rossz \u00fczenete volt. A t\u0151keki\u00e1raml\u00e1s meg is kezd\u0151d\u00f6tt ennek hat\u00e1s\u00e1ra az idei \u00e9v els\u0151 fel\u00e9ben. Most eljutottunk oda, hogy a pr\u00e9mium \u00fczlet\u00e1gban gyakorlatilag m\u00e1r alig tarthat\u00f3 k\u00ednai kitetts\u00e9g.<span class=\"alnyomatos-kiemeles\">Viszont K\u00edn\u00e1t elfelejteni nem lehet, \u00e9s amint konszolid\u00e1l\u00f3dik a helyzet \u00e9rdemes visszat\u00e9rni erre a piacra.<\/span>A fundamentumok j\u00f3k, de a jelenlegi piaci k\u00f6rnyezet nem el\u00e9g t\u00e1mogat\u00f3 \u2013 tudtuk meg.<\/p>\n<h2>Enyh\u00fcl\u0151 g\u00e1z\u00e1r kr\u00edzis<\/h2>\n<p class=\"alnyomatos-kiemeles-container\">Ir\u00e1n \u00e9s Oroszorsz\u00e1g is magukkal hordoznak geopolitikai kock\u00e1zatokat a befektet\u00e9sek ter\u00e9n. Ezek is befoly\u00e1solj\u00e1k a piacokat. Itthonr\u00f3l n\u00e9zve az Oroszorsz\u00e1ggal kapcsolatos folyamatok kifejezetten fontosak.<span class=\"alnyomatos-kiemeles\">Eur\u00f3p\u00e1ban nemr\u00e9g egy g\u00e1z\u00e1r kr\u00edzis kezdett kibontakozni, most az oroszok kommunik\u00e1ci\u00f3ja nyom\u00e1n ez kicsit enyh\u00fclni l\u00e1tszik.<\/span>Ez a kock\u00e1zat \u00e9rintheti a befektet\u00e9seket \u2013 v\u00e9lik a szak\u00e9rt\u0151k.<\/p>\n<h2>Megt\u00e9veszt\u0151 ESG min\u0151s\u00edt\u00e9s<\/h2>\n<p class=\"alnyomatos-kiemeles-container\">A befektet\u00e9sek ter\u00e9n a hagyom\u00e1nyos fogalmak mellett \u00fajabban bevezet\u00e9sre ker\u00fclt az ESG azaz Environmental, Social and Governance min\u0151s\u00edt\u00e9si rendszer, ami alapj\u00e1n a p\u00e9nz\u00fcgyi szakemberek fenntarthat\u00f3s\u00e1gi szempontok alapj\u00e1n rangsorolj\u00e1k a gazdas\u00e1gi szervezeteket \u00e9s a hozz\u00e1juk kapcsol\u00f3d\u00f3 befektet\u00e9seket. Ezzel kapcsolatban m\u00e9g<span class=\"alnyomatos-kiemeles\">gyakori, hogy az \u00fcgyf\u00e9l nem ugyanazt \u00e9rti a fenntarthat\u00f3s\u00e1g alatt, mint amit a val\u00f3s\u00e1gban az ESG min\u0151s\u00edt\u00e9s takar.<\/span>Jelenleg t\u00f6bb ezer olyan ESG min\u0151s\u00edt\u00e9s\u0171 k\u00f6tv\u00e9ny kering a piacon ami nem olyan k\u00f6rnyezetbar\u00e1t, mint azt a befektet\u0151 szeretn\u00e9. A szak\u00e9rt\u0151k feladata most a kutat\u00e1s, elemz\u00e9s, hogy min\u00e9l nagyobb biztons\u00e1ggal tudjanak megfelel\u0151 befektet\u00e9st aj\u00e1nlani az \u00fcgyfeleknek \u2013 hangzott el.<\/p>\n<p class=\"alnyomatos-kiemeles-container\">Az ESG min\u0151s\u00edt\u00e9s \u00fajnak hathat, mert<span class=\"alnyomatos-kiemeles\">az elm\u00falt \u00e9vekben egyre t\u00f6bben haszn\u00e1lj\u00e1k, de val\u00f3j\u00e1ban el\u00e9g r\u00e9g\u00f3ta, 4 \u00e9ve vel\u00fcnk van.<\/span>Viszont a z\u00f6ldk\u00f6tv\u00e9ny kibocs\u00e1t\u00e1s m\u00e9g mindig gyerekcip\u0151ben j\u00e1r \u2013 v\u00e9lik a szak\u00e9rt\u0151k.<\/p>\n<h6><img loading=\"lazy\" decoding=\"async\" class=\"tinymce-image alignnone\" src=\"https:\/\/novekedes.hu\/media\/\/7e4\/7e43d78eb287828cac1a6ccd3e0fbe38a0a645b6.png\" alt=\"\" width=\"1390\" height=\"718\" \/>Folyamatosan n\u0151 az ESG min\u0151s\u00edt\u00e9s\u0171 k\u00f6tv\u00e9nyek kibocs\u00e1t\u00e1sa; Forr\u00e1s: SPB Befektet\u00e9si Zrt.<\/h6>\n<h2>L\u00f6k\u00e9st adott a piacnak az MNB<\/h2>\n<p class=\"alnyomatos-kiemeles-container\">Ezen a t\u00e9ren a hazai piacnak komoly l\u00f6k\u00e9st adott a 2019-ben elindult N\u00f6veked\u00e9si K\u00f6tv\u00e9nyprogramja a Magyar Nemzeti Banknak. Ennek keret\u00e9ben mostanra eljutottunk oda, hogy<span class=\"alnyomatos-kiemeles\">k\u00f6r\u00fclbel\u00fcl 600 milli\u00e1rd forint \u00e9rt\u00e9kben bocs\u00e1tottak ki hazai v\u00e1llalatok is fenntarthat\u00f3s\u00e1gi szempontokat figyelembe v\u00e9ve k\u00f6tv\u00e9nyeket.<\/span>A jegybank ezeknek m\u00e9g a jegyz\u00e9skor 60-70 sz\u00e1zal\u00e9k\u00e1t megv\u00e1s\u00e1rolta \u00edgy egyenl\u0151re nem alakult ki tart\u00f3san likvid m\u00e1sodpiaca az ilyen k\u00f6tv\u00e9nyeknek \u2013 hangzott el. Aki ilyen befektet\u00e9st keres jelenleg m\u00e9g \u00e9rdemes a k\u00fclf\u00f6ldi doll\u00e1r, vagy eur\u00f3 alap\u00fa k\u00f6tv\u00e9nyek k\u00f6z\u00f6tt is \u2013 tan\u00e1csolj\u00e1k a szak\u00e9rt\u0151k.<\/p>\n<p>\u00a0<\/p>\n<p style=\"text-align: left;\">Forr\u00e1s: <a href=\"https:\/\/novekedes.hu\/elemzesek\/nem-egyedi-a-magyar-inflacio-kina-szembe-megy-a-globalis-trendekkel\">https:\/\/novekedes.hu\/elemzesek\/nem-egyedi-a-magyar-inflacio-kina-szembe-megy-a-globalis-trendekkel<\/a><\/p>\n","protected":false},"excerpt":{"rendered":"<p>Nem magyar saj\u00e1toss\u00e1g a hazai n\u00f6vekv\u0151 infl\u00e1ci\u00f3s k\u00f6rnyezet. Nyugat-Eur\u00f3p\u00e1ban 3 sz\u00e1zal\u00e9k k\u00f6r\u00fcli az infl\u00e1ci\u00f3 de \u00c9szak-Amerik\u00e1ban 5 sz\u00e1zal\u00e9k feletti infl\u00e1ci\u00f3s kock\u00e1zatot j\u00f3solnak az elemz\u0151k. K\u00edna nem szigor\u00edt, hossz\u00fat\u00e1von egy gazdas\u00e1g\u00e9l\u00e9nk\u00edt\u0151 csomag v\u00e1rhat\u00f3 az \u00e1zsiai orsz\u00e1gban. Komoly piaci l\u00f6k\u00e9st adott az ESG min\u0151s\u00edt\u00e9s\u0171 k\u00f6tv\u00e9nyeknek az MNB N\u00f6veked\u00e9si K\u00f6tv\u00e9nyprogramja. J\u00f6v\u0151re normaliz\u00e1l\u00f3dhat az infl\u00e1ci\u00f3 Nem magyar saj\u00e1toss\u00e1g a&#8230;<\/p>\n","protected":false},"author":1,"featured_media":941,"comment_status":"closed","ping_status":"open","sticky":false,"template":"","format":"standard","meta":{"footnotes":""},"categories":[4,5,25,2,24],"tags":[],"class_list":["post-940","post","type-post","status-publish","format-standard","has-post-thumbnail","hentry","category-kotveny","category-lifestyle","category-makro","category-reszveny","category-spb"],"yoast_head":"<!-- This site is optimized with the Yoast SEO plugin v27.5 - https:\/\/yoast.com\/product\/yoast-seo-wordpress\/ -->\n<title>J\u00f6v\u0151re lassulhat vil\u00e1gszinten az \u00e1remelked\u00e9s - K\u00edna szembemegy a glob\u00e1lis trendekkel - SPB Blog<\/title>\n<meta name=\"description\" content=\"Nem magyar saj\u00e1toss\u00e1g a hazai n\u00f6vekv\u0151 infl\u00e1ci\u00f3s k\u00f6rnyezet - hangzott el a Sovereign Private Banking (SPB) Befektet\u00e9si Zrt. online konferenci\u00e1j\u00e1n.\" \/>\n<meta name=\"robots\" content=\"index, follow, max-snippet:-1, max-image-preview:large, max-video-preview:-1\" \/>\n<link rel=\"canonical\" href=\"https:\/\/blog.spbinvest.hu\/?p=940\" \/>\n<meta property=\"og:locale\" content=\"hu_HU\" \/>\n<meta property=\"og:type\" content=\"article\" \/>\n<meta property=\"og:title\" content=\"J\u00f6v\u0151re lassulhat vil\u00e1gszinten az \u00e1remelked\u00e9s - K\u00edna szembemegy a glob\u00e1lis trendekkel - SPB Blog\" \/>\n<meta property=\"og:description\" content=\"Nem magyar saj\u00e1toss\u00e1g a hazai n\u00f6vekv\u0151 infl\u00e1ci\u00f3s k\u00f6rnyezet - hangzott el a Sovereign Private Banking (SPB) Befektet\u00e9si Zrt. online konferenci\u00e1j\u00e1n.\" \/>\n<meta property=\"og:url\" content=\"https:\/\/blog.spbinvest.hu\/?p=940\" \/>\n<meta property=\"og:site_name\" content=\"SPB Blog\" \/>\n<meta property=\"article:published_time\" content=\"2021-10-25T13:22:07+00:00\" \/>\n<meta property=\"og:image\" content=\"https:\/\/blog.spbinvest.hu\/wp-content\/uploads\/2021\/10\/shutterstock_149072456-002.jpg\" \/>\n\t<meta property=\"og:image:width\" content=\"1000\" \/>\n\t<meta property=\"og:image:height\" content=\"664\" \/>\n\t<meta property=\"og:image:type\" content=\"image\/jpeg\" \/>\n<meta name=\"author\" content=\"SPB\" \/>\n<meta name=\"twitter:card\" content=\"summary_large_image\" \/>\n<meta name=\"twitter:label1\" content=\"Szerz\u0151:\" \/>\n\t<meta name=\"twitter:data1\" content=\"SPB\" \/>\n\t<meta name=\"twitter:label2\" content=\"Becs\u00fclt olvas\u00e1si id\u0151\" \/>\n\t<meta name=\"twitter:data2\" content=\"4 perc\" \/>\n<script type=\"application\/ld+json\" class=\"yoast-schema-graph\">{\"@context\":\"https:\\\/\\\/schema.org\",\"@graph\":[{\"@type\":\"Article\",\"@id\":\"https:\\\/\\\/blog.spbinvest.hu\\\/?p=940#article\",\"isPartOf\":{\"@id\":\"https:\\\/\\\/blog.spbinvest.hu\\\/?p=940\"},\"author\":{\"name\":\"SPB\",\"@id\":\"https:\\\/\\\/blog.spbinvest.hu\\\/#\\\/schema\\\/person\\\/d5af847b20d61bf27bae3db50d6247f7\"},\"headline\":\"J\u00f6v\u0151re lassulhat vil\u00e1gszinten az \u00e1remelked\u00e9s &#8211; K\u00edna szembemegy a glob\u00e1lis trendekkel\",\"datePublished\":\"2021-10-25T13:22:07+00:00\",\"mainEntityOfPage\":{\"@id\":\"https:\\\/\\\/blog.spbinvest.hu\\\/?p=940\"},\"wordCount\":1042,\"image\":{\"@id\":\"https:\\\/\\\/blog.spbinvest.hu\\\/?p=940#primaryimage\"},\"thumbnailUrl\":\"https:\\\/\\\/blog.spbinvest.hu\\\/wp-content\\\/uploads\\\/2021\\\/10\\\/shutterstock_149072456-002.jpg\",\"articleSection\":[\"K\u00f6tv\u00e9ny\",\"Lifestyle\",\"Makr\u00f3\",\"R\u00e9szv\u00e9ny\",\"SPB\"],\"inLanguage\":\"hu\"},{\"@type\":\"WebPage\",\"@id\":\"https:\\\/\\\/blog.spbinvest.hu\\\/?p=940\",\"url\":\"https:\\\/\\\/blog.spbinvest.hu\\\/?p=940\",\"name\":\"J\u00f6v\u0151re lassulhat vil\u00e1gszinten az \u00e1remelked\u00e9s - K\u00edna szembemegy a glob\u00e1lis trendekkel - SPB Blog\",\"isPartOf\":{\"@id\":\"https:\\\/\\\/blog.spbinvest.hu\\\/#website\"},\"primaryImageOfPage\":{\"@id\":\"https:\\\/\\\/blog.spbinvest.hu\\\/?p=940#primaryimage\"},\"image\":{\"@id\":\"https:\\\/\\\/blog.spbinvest.hu\\\/?p=940#primaryimage\"},\"thumbnailUrl\":\"https:\\\/\\\/blog.spbinvest.hu\\\/wp-content\\\/uploads\\\/2021\\\/10\\\/shutterstock_149072456-002.jpg\",\"datePublished\":\"2021-10-25T13:22:07+00:00\",\"author\":{\"@id\":\"https:\\\/\\\/blog.spbinvest.hu\\\/#\\\/schema\\\/person\\\/d5af847b20d61bf27bae3db50d6247f7\"},\"description\":\"Nem magyar saj\u00e1toss\u00e1g a hazai n\u00f6vekv\u0151 infl\u00e1ci\u00f3s k\u00f6rnyezet - hangzott el a Sovereign Private Banking (SPB) Befektet\u00e9si Zrt. online konferenci\u00e1j\u00e1n.\",\"breadcrumb\":{\"@id\":\"https:\\\/\\\/blog.spbinvest.hu\\\/?p=940#breadcrumb\"},\"inLanguage\":\"hu\",\"potentialAction\":[{\"@type\":\"ReadAction\",\"target\":[\"https:\\\/\\\/blog.spbinvest.hu\\\/?p=940\"]}]},{\"@type\":\"ImageObject\",\"inLanguage\":\"hu\",\"@id\":\"https:\\\/\\\/blog.spbinvest.hu\\\/?p=940#primaryimage\",\"url\":\"https:\\\/\\\/blog.spbinvest.hu\\\/wp-content\\\/uploads\\\/2021\\\/10\\\/shutterstock_149072456-002.jpg\",\"contentUrl\":\"https:\\\/\\\/blog.spbinvest.hu\\\/wp-content\\\/uploads\\\/2021\\\/10\\\/shutterstock_149072456-002.jpg\",\"width\":1000,\"height\":664},{\"@type\":\"BreadcrumbList\",\"@id\":\"https:\\\/\\\/blog.spbinvest.hu\\\/?p=940#breadcrumb\",\"itemListElement\":[{\"@type\":\"ListItem\",\"position\":1,\"name\":\"Kezd\u0151lap\",\"item\":\"https:\\\/\\\/blog.spbinvest.hu\\\/\"},{\"@type\":\"ListItem\",\"position\":2,\"name\":\"J\u00f6v\u0151re lassulhat vil\u00e1gszinten az \u00e1remelked\u00e9s &#8211; K\u00edna szembemegy a glob\u00e1lis trendekkel\"}]},{\"@type\":\"WebSite\",\"@id\":\"https:\\\/\\\/blog.spbinvest.hu\\\/#website\",\"url\":\"https:\\\/\\\/blog.spbinvest.hu\\\/\",\"name\":\"SPB Blog\",\"description\":\"\",\"potentialAction\":[{\"@type\":\"SearchAction\",\"target\":{\"@type\":\"EntryPoint\",\"urlTemplate\":\"https:\\\/\\\/blog.spbinvest.hu\\\/?s={search_term_string}\"},\"query-input\":{\"@type\":\"PropertyValueSpecification\",\"valueRequired\":true,\"valueName\":\"search_term_string\"}}],\"inLanguage\":\"hu\"},{\"@type\":\"Person\",\"@id\":\"https:\\\/\\\/blog.spbinvest.hu\\\/#\\\/schema\\\/person\\\/d5af847b20d61bf27bae3db50d6247f7\",\"name\":\"SPB\",\"image\":{\"@type\":\"ImageObject\",\"inLanguage\":\"hu\",\"@id\":\"https:\\\/\\\/secure.gravatar.com\\\/avatar\\\/e4bde87cb0016e1f94b62d02932290f9440405440ef9e5f3917ee5cec0b41662?s=96&d=mm&r=g\",\"url\":\"https:\\\/\\\/secure.gravatar.com\\\/avatar\\\/e4bde87cb0016e1f94b62d02932290f9440405440ef9e5f3917ee5cec0b41662?s=96&d=mm&r=g\",\"contentUrl\":\"https:\\\/\\\/secure.gravatar.com\\\/avatar\\\/e4bde87cb0016e1f94b62d02932290f9440405440ef9e5f3917ee5cec0b41662?s=96&d=mm&r=g\",\"caption\":\"SPB\"},\"sameAs\":[\"https:\\\/\\\/blog.spbinvest.hu\"],\"url\":\"https:\\\/\\\/blog.spbinvest.hu\\\/?author=1\"}]}<\/script>\n<!-- \/ Yoast SEO plugin. -->","yoast_head_json":{"title":"J\u00f6v\u0151re lassulhat vil\u00e1gszinten az \u00e1remelked\u00e9s - K\u00edna szembemegy a glob\u00e1lis trendekkel - SPB Blog","description":"Nem magyar saj\u00e1toss\u00e1g a hazai n\u00f6vekv\u0151 infl\u00e1ci\u00f3s k\u00f6rnyezet - hangzott el a Sovereign Private Banking (SPB) Befektet\u00e9si Zrt. online konferenci\u00e1j\u00e1n.","robots":{"index":"index","follow":"follow","max-snippet":"max-snippet:-1","max-image-preview":"max-image-preview:large","max-video-preview":"max-video-preview:-1"},"canonical":"https:\/\/blog.spbinvest.hu\/?p=940","og_locale":"hu_HU","og_type":"article","og_title":"J\u00f6v\u0151re lassulhat vil\u00e1gszinten az \u00e1remelked\u00e9s - K\u00edna szembemegy a glob\u00e1lis trendekkel - SPB Blog","og_description":"Nem magyar saj\u00e1toss\u00e1g a hazai n\u00f6vekv\u0151 infl\u00e1ci\u00f3s k\u00f6rnyezet - hangzott el a Sovereign Private Banking (SPB) Befektet\u00e9si Zrt. online konferenci\u00e1j\u00e1n.","og_url":"https:\/\/blog.spbinvest.hu\/?p=940","og_site_name":"SPB Blog","article_published_time":"2021-10-25T13:22:07+00:00","og_image":[{"width":1000,"height":664,"url":"https:\/\/blog.spbinvest.hu\/wp-content\/uploads\/2021\/10\/shutterstock_149072456-002.jpg","type":"image\/jpeg"}],"author":"SPB","twitter_card":"summary_large_image","twitter_misc":{"Szerz\u0151:":"SPB","Becs\u00fclt olvas\u00e1si id\u0151":"4 perc"},"schema":{"@context":"https:\/\/schema.org","@graph":[{"@type":"Article","@id":"https:\/\/blog.spbinvest.hu\/?p=940#article","isPartOf":{"@id":"https:\/\/blog.spbinvest.hu\/?p=940"},"author":{"name":"SPB","@id":"https:\/\/blog.spbinvest.hu\/#\/schema\/person\/d5af847b20d61bf27bae3db50d6247f7"},"headline":"J\u00f6v\u0151re lassulhat vil\u00e1gszinten az \u00e1remelked\u00e9s &#8211; K\u00edna szembemegy a glob\u00e1lis trendekkel","datePublished":"2021-10-25T13:22:07+00:00","mainEntityOfPage":{"@id":"https:\/\/blog.spbinvest.hu\/?p=940"},"wordCount":1042,"image":{"@id":"https:\/\/blog.spbinvest.hu\/?p=940#primaryimage"},"thumbnailUrl":"https:\/\/blog.spbinvest.hu\/wp-content\/uploads\/2021\/10\/shutterstock_149072456-002.jpg","articleSection":["K\u00f6tv\u00e9ny","Lifestyle","Makr\u00f3","R\u00e9szv\u00e9ny","SPB"],"inLanguage":"hu"},{"@type":"WebPage","@id":"https:\/\/blog.spbinvest.hu\/?p=940","url":"https:\/\/blog.spbinvest.hu\/?p=940","name":"J\u00f6v\u0151re lassulhat vil\u00e1gszinten az \u00e1remelked\u00e9s - K\u00edna szembemegy a glob\u00e1lis trendekkel - SPB Blog","isPartOf":{"@id":"https:\/\/blog.spbinvest.hu\/#website"},"primaryImageOfPage":{"@id":"https:\/\/blog.spbinvest.hu\/?p=940#primaryimage"},"image":{"@id":"https:\/\/blog.spbinvest.hu\/?p=940#primaryimage"},"thumbnailUrl":"https:\/\/blog.spbinvest.hu\/wp-content\/uploads\/2021\/10\/shutterstock_149072456-002.jpg","datePublished":"2021-10-25T13:22:07+00:00","author":{"@id":"https:\/\/blog.spbinvest.hu\/#\/schema\/person\/d5af847b20d61bf27bae3db50d6247f7"},"description":"Nem magyar saj\u00e1toss\u00e1g a hazai n\u00f6vekv\u0151 infl\u00e1ci\u00f3s k\u00f6rnyezet - hangzott el a Sovereign Private Banking (SPB) Befektet\u00e9si Zrt. online konferenci\u00e1j\u00e1n.","breadcrumb":{"@id":"https:\/\/blog.spbinvest.hu\/?p=940#breadcrumb"},"inLanguage":"hu","potentialAction":[{"@type":"ReadAction","target":["https:\/\/blog.spbinvest.hu\/?p=940"]}]},{"@type":"ImageObject","inLanguage":"hu","@id":"https:\/\/blog.spbinvest.hu\/?p=940#primaryimage","url":"https:\/\/blog.spbinvest.hu\/wp-content\/uploads\/2021\/10\/shutterstock_149072456-002.jpg","contentUrl":"https:\/\/blog.spbinvest.hu\/wp-content\/uploads\/2021\/10\/shutterstock_149072456-002.jpg","width":1000,"height":664},{"@type":"BreadcrumbList","@id":"https:\/\/blog.spbinvest.hu\/?p=940#breadcrumb","itemListElement":[{"@type":"ListItem","position":1,"name":"Kezd\u0151lap","item":"https:\/\/blog.spbinvest.hu\/"},{"@type":"ListItem","position":2,"name":"J\u00f6v\u0151re lassulhat vil\u00e1gszinten az \u00e1remelked\u00e9s &#8211; K\u00edna szembemegy a glob\u00e1lis trendekkel"}]},{"@type":"WebSite","@id":"https:\/\/blog.spbinvest.hu\/#website","url":"https:\/\/blog.spbinvest.hu\/","name":"SPB Blog","description":"","potentialAction":[{"@type":"SearchAction","target":{"@type":"EntryPoint","urlTemplate":"https:\/\/blog.spbinvest.hu\/?s={search_term_string}"},"query-input":{"@type":"PropertyValueSpecification","valueRequired":true,"valueName":"search_term_string"}}],"inLanguage":"hu"},{"@type":"Person","@id":"https:\/\/blog.spbinvest.hu\/#\/schema\/person\/d5af847b20d61bf27bae3db50d6247f7","name":"SPB","image":{"@type":"ImageObject","inLanguage":"hu","@id":"https:\/\/secure.gravatar.com\/avatar\/e4bde87cb0016e1f94b62d02932290f9440405440ef9e5f3917ee5cec0b41662?s=96&d=mm&r=g","url":"https:\/\/secure.gravatar.com\/avatar\/e4bde87cb0016e1f94b62d02932290f9440405440ef9e5f3917ee5cec0b41662?s=96&d=mm&r=g","contentUrl":"https:\/\/secure.gravatar.com\/avatar\/e4bde87cb0016e1f94b62d02932290f9440405440ef9e5f3917ee5cec0b41662?s=96&d=mm&r=g","caption":"SPB"},"sameAs":["https:\/\/blog.spbinvest.hu"],"url":"https:\/\/blog.spbinvest.hu\/?author=1"}]}},"_links":{"self":[{"href":"https:\/\/blog.spbinvest.hu\/index.php?rest_route=\/wp\/v2\/posts\/940","targetHints":{"allow":["GET"]}}],"collection":[{"href":"https:\/\/blog.spbinvest.hu\/index.php?rest_route=\/wp\/v2\/posts"}],"about":[{"href":"https:\/\/blog.spbinvest.hu\/index.php?rest_route=\/wp\/v2\/types\/post"}],"author":[{"embeddable":true,"href":"https:\/\/blog.spbinvest.hu\/index.php?rest_route=\/wp\/v2\/users\/1"}],"replies":[{"embeddable":true,"href":"https:\/\/blog.spbinvest.hu\/index.php?rest_route=%2Fwp%2Fv2%2Fcomments&post=940"}],"version-history":[{"count":1,"href":"https:\/\/blog.spbinvest.hu\/index.php?rest_route=\/wp\/v2\/posts\/940\/revisions"}],"predecessor-version":[{"id":942,"href":"https:\/\/blog.spbinvest.hu\/index.php?rest_route=\/wp\/v2\/posts\/940\/revisions\/942"}],"wp:featuredmedia":[{"embeddable":true,"href":"https:\/\/blog.spbinvest.hu\/index.php?rest_route=\/wp\/v2\/media\/941"}],"wp:attachment":[{"href":"https:\/\/blog.spbinvest.hu\/index.php?rest_route=%2Fwp%2Fv2%2Fmedia&parent=940"}],"wp:term":[{"taxonomy":"category","embeddable":true,"href":"https:\/\/blog.spbinvest.hu\/index.php?rest_route=%2Fwp%2Fv2%2Fcategories&post=940"},{"taxonomy":"post_tag","embeddable":true,"href":"https:\/\/blog.spbinvest.hu\/index.php?rest_route=%2Fwp%2Fv2%2Ftags&post=940"}],"curies":[{"name":"wp","href":"https:\/\/api.w.org\/{rel}","templated":true}]}}