{"id":890,"date":"2021-09-23T10:15:25","date_gmt":"2021-09-23T10:15:25","guid":{"rendered":"https:\/\/blog.spbinvest.hu\/?p=890"},"modified":"2021-09-23T10:15:25","modified_gmt":"2021-09-23T10:15:25","slug":"hirtelen-nem-fog-eltunni-a-veteli-ero-a-piacokrol","status":"publish","type":"post","link":"https:\/\/blog.spbinvest.hu\/?p=890","title":{"rendered":"Hirtelen nem fog elt\u0171nni a v\u00e9teli er\u0151 a piacokr\u00f3l"},"content":{"rendered":"<div class=\"article-text\">\n<div class=\"article-content\">\n<div class=\"article-desc\">\u00c1tl\u00e9pte a 7 ezermilli\u00e1rd forintot a magyar priv\u00e1tbanki piac, a n\u00f6veked\u00e9s a Covid-j\u00e1rv\u00e1ny ellen\u00e9re is t\u00f6retlen volt. Egyre ink\u00e1bb kacsingatnak a priv\u00e1tbanki \u00fcgyfelek a nemzetk\u00f6zi befektet\u00e9sek fel\u00e9, ez pedig kedvez a f\u00fcggetlen hazai priv\u00e1tbanki tan\u00e1csad\u00f3k\u00e9nt m\u0171k\u00f6d\u0151 SPB Befektet\u00e9si Zrt.-nek\u2013 hangs\u00falyozta a Vil\u00e1ggazdas\u00e1gnak adott interj\u00faj\u00e1ban Par\u00e1di-Varga Tam\u00e1s, a t\u00e1rsas\u00e1g vez\u00e9rigazgat\u00f3ja.<\/div>\n<div class=\"article-desc\"><\/div>\n<div class=\"desktop-only article-info\">\n<div class=\"fb-like fb_iframe_widget\" data-width=\"\" data-href=\"https:\/\/www.vg.hu\/penz-es-tokepiac\/2021\/08\/hirtelen-nem-fog-eltunni-a-veteli-ero-a-piacokrol?utm_medium=Social&utm_campaign=vilaggazdasag&utm_source=Facebook&fbclid=IwAR1Qo9xsTvm9yBIgfiHoozDanzoedYGw1HwLCgFXBW1sbwnimgoc0R0Rmns#Echobox=1629121859\" data-layout=\"button_count\" data-action=\"like\" data-size=\"small\" data-share=\"true\"><strong>Hogyan \u00e9rt\u00e9keli, a gazdagok befektet\u00e9sei teljes\u00edtettek j\u00f3l a j\u00e1rv\u00e1ny alatt, vagy az elmaradt fogyaszt\u00e1s hajtotta a belf\u00f6ldi priv\u00e1tbanki piacot az elm\u00falt b\u0151 \u00e9vben? Sok befektet\u0151 \u00e9rte el a priv\u00e1tbanki m\u00e9retet?<\/strong><\/div>\n<\/div>\n<div class=\"article-text\">\n<div class=\"article-content\">\n<p>A vagyonkoncentr\u00e1ci\u00f3 ir\u00e1ny\u00e1ba mozdultak el a trendek, ugyanis a priv\u00e1tbanki \u00fcgyf\u00e9lk\u00f6r m\u00e1r \u00e9vek \u00f3ta nem n\u0151 olyan m\u00e9rt\u00e9kben, mint az egyes szerepl\u0151k kez\u00e9ben l\u00e9v\u0151 vagyon, teh\u00e1t Magyarorsz\u00e1gon egy \u00e9rett szakasz\u00e1ban l\u00e9v\u0151 priv\u00e1tbanki piacr\u00f3l besz\u00e9lhet\u00fcnk. \u00d6rvendetes, hogy az \u00fcgyfelek a j\u00e1rv\u00e1ny alatt sem a priv\u00e1tbanki vagyonukb\u00f3l fedezt\u00e9k a c\u00e9geikben esetlegesen keletkez\u0151 vesztes\u00e9get. Szerintem a vagyonok n\u00f6veked\u00e9se r\u00e9szben a fogyaszt\u00e1s elhalaszt\u00e1s\u00e1nak, r\u00e9szben pedig a kedvez\u0151 2020-as hozamoknak k\u00f6sz\u00f6nhet\u0151.<\/p>\n<p><strong>Ha az \u00fcgyfelek elhalasztj\u00e1k a fogyaszt\u00e1st, abb\u00f3l a n\u00f6veked\u00e9si \u00fctem cs\u00f6kken\u00e9se k\u00f6vetkezhet. Mit v\u00e1r az elk\u00f6vetkez\u0151 \u00e9vben, hogyan v\u00e1ltozhat az \u00fcgyf\u00e9lk\u00f6r?<\/strong><\/p>\n<p>A hozamokkal egy\u00fctt a vagyonn\u00f6veked\u00e9s piaci szinten 10 sz\u00e1zal\u00e9kot meghalad\u00f3 m\u00e9rt\u00e9k\u0171 volt az elm\u00falt \u00e9vben. Azt gondolom, hogy a priv\u00e1tbanki szegmens n\u00f6veked\u00e9si \u00fcteme tart\u00f3san \u00e9vi 6-8 sz\u00e1zal\u00e9k k\u00f6r\u00fcl alakul ezut\u00e1n is, ami szerintem sz\u00e9p eredm\u00e9ny. Ez persze annak is k\u00f6sz\u00f6nhet\u0151, hogy sz\u00e1mos olyan sz\u00e1mlatulajdonos van, aki pr\u00e9miumbanki \u00fcgyf\u00e9lb\u0151l priv\u00e1tbanki \u00fcgyf\u00e9ll\u00e9 v\u00e1lik vagyona gyarapod\u00e1sa r\u00e9v\u00e9n. M\u00e1rpedig a pr\u00e9miumszegmens is gyorsan n\u00f6vekszik, m\u00e1r 6 ezermilli\u00e1rd forint k\u00f6r\u00fcl van, \u00e9s folyamatosan b\u0151v\u00fcl. A pr\u00e9mium\u00fcgyfelek egy f\u0151re vet\u00edtett vagyona persze j\u00f3val kisebb, mint a priv\u00e1tbanki \u00fcgyfelek megtakar\u00edt\u00e1sa, de a szegmens n\u00f6veked\u00e9se sokkal gyorsabb, mint a priv\u00e1tbanki tort\u00e1\u00e9.<\/p>\n<figure class=\"image\"><img loading=\"lazy\" decoding=\"async\" class=\"aligncenter\" style=\"width: 920px; height: 613px;\" src=\"https:\/\/cdn.vg.hu\/2021\/08\/3Hke1giieJFFeis7MIdpSs3su0EHl5EQ9Et1PyLeBVQ\/fill\/2400\/1600\/no\/1\/aHR0cHM6Ly9jbXNjZG4uYXBwLmNvbnRlbnQucHJpdmF0ZS9jb250ZW50LzVmMDY4N2M5MDM2ZDQ5ODBiOTY3N2YxMTUxNTdkNDQw.jpg\" width=\"1034\" height=\"689\" \/><figcaption>Par\u00e1di-Varga Tam\u00e1s<\/p>\n<\/figcaption><\/figure>\n<p><strong>Most \u00e1tlagosan 150 milli\u00f3 forint egy priv\u00e1tbanki \u00fcgyf\u00e9l befektetett vagyona. A szolg\u00e1ltat\u00e1s l\u00e9nyege, hogy teljes m\u00e9rt\u00e9kben az \u00fcgyf\u00e9l ig\u00e9nyeire szabott portf\u00f3li\u00f3t \u00e1ll\u00edtanak \u00f6ssze, de mi az az eszk\u00f6z, ami v\u00e9lem\u00e9nye szerint ebb\u0151l nem hi\u00e1nyozhat? Az \u00fcgyfelek mire esk\u00fcsznek, mit szeretn\u00e9nek a portf\u00f3li\u00f3jukban l\u00e1tni?<\/strong>A priv\u00e1tbanki szolg\u00e1ltat\u00e1s az \u00fcgyfelek egyedi elv\u00e1r\u00e1sainak kiel\u00e9g\u00edt\u00e9s\u00e9n alapul, \u00e9s mivel minket nem korl\u00e1toz p\u00e9ld\u00e1ul egy anyav\u00e1llalat a befektet\u00e9si politika kialak\u00edt\u00e1s\u00e1ban vagy a term\u00e9kk\u00edn\u00e1latban, ezt a legszabadabban tudjuk megtenni. Mi alapvet\u0151en a nemzetk\u00f6zi t\u0151kepiaci befektet\u00e9sekben hisz\u00fcnk, itt viszont fontos eloszlatni egy gyakori t\u00e9vhitet: nem igaz, hogy eur\u00f3- vagy \u00e9ppen doll\u00e1ralapon nem lehet j\u00f3 hozamokat el\u00e9rni.<\/p>\n<p><strong>Tehet\u0151s szegmensr\u0151l besz\u00e9l\u00fcnk, azt gondolom, a priv\u00e1tbanki \u00fcgyfeleknek maguknak is megvan az elk\u00e9pzel\u00e9s\u00fck arr\u00f3l, hogy mit is szeretn\u00e9nek. Ehhez k\u00e9pest mennyire k\u00edn\u00e1lnak alternat\u00edv\u00e1kat?<\/strong><\/p>\n<p>A mi strat\u00e9gi\u00e1nk kezdetekt\u0151l fogva egy\u00e9rtelm\u0171 \u00e9s k\u00f6vethet\u0151. Glob\u00e1lis portf\u00f3li\u00f3kat \u00e9p\u00edt\u00fcnk, \u00edgy f\u0151k\u00e9nt azok az \u00fcgyfelek v\u00e1lasztanak minket, akik eur\u00f3-, doll\u00e1r-, sv\u00e1jcifrank- vagy angolfont-alap\u00fa befektet\u00e9seket keresnek. \u00dcgyfeleink nagy r\u00e9sze dolgozott k\u00fclf\u00f6ld\u00f6n, nyelveket besz\u00e9l, van eur\u00f3pai, tengerent\u00fali vagy \u00e9ppen \u00e1zsiai tapasztalata, \u00edgy k\u00f6nnyed\u00e9n azonosul ezzel a strat\u00e9gi\u00e1val. Alapvet\u0151en nem befektet\u00e9si term\u00e9keket \u00e9rt\u00e9kes\u00edt\u00fcnk, hanem megold\u00e1st szeretn\u00e9nk k\u00edn\u00e1lni az \u00fcgyf\u00e9lnek a hitvall\u00e1sa szerint.<\/p>\n<p><strong>R\u00e9gi\u00f3s \u00f6sszehasonl\u00edt\u00e1sban hol tart a magyar priv\u00e1tbanki piac?<\/strong><\/p>\n<p>Az egy \u00fcgyf\u00e9lre jut\u00f3 150 milli\u00f3 forintos \u00e1tlagos vagyon a k\u00f6z\u00e9p-eur\u00f3pai \u00e1tlagot k\u00e9pviseli. Nyugatabbra egymilli\u00f3 eur\u00f3 szokott lenni a priv\u00e1tbanki nyit\u00f3limit, teh\u00e1t ennek alatta vagyunk, de viszonylag gyorsan felz\u00e1rk\u00f3zunk.<\/p>\n<p><strong>A priv\u00e1tbanki \u00fcgyf\u00e9l \u00e1tlag\u00e9letkora \u00f6tven \u00e9v felett van. Hogyan lehet vonzani a fiatalokat, akik nyitottabbak az \u00faj, divatos befektet\u00e9si eszk\u00f6z\u00f6kre, lehet\u0151s\u00e9gekre? A kriptopiacra \u00e9s a fintech c\u00e9gekre gondolok.<\/strong><\/p>\n<p>A mi befektet\u00e9si filoz\u00f3fi\u00e1nk konzervat\u00edv: csak az azonnali piacokon keresked\u00fcnk, \u00e1llamk\u00f6tv\u00e9nyekkel, v\u00e1llalati k\u00f6tv\u00e9nyekkel, r\u00e9szv\u00e9nyekkel, befektet\u00e9si alapokkal. Viszont ez nem z\u00e1rja ki az \u00faj eszk\u00f6z\u00f6ket. Ha a bitcoin is elsz\u00e1molhat\u00f3 lesz a nemzetk\u00f6zi sztenderdekkel, illetve p\u00e9ld\u00e1ul egy nemzetk\u00f6zi k\u00f3ddal rendelkez\u0151 ETF is elkezdi k\u00f6vetni, akkor a kriptodeviza n\u00e1lunk is el\u00e9rhet\u0151 lesz. De a MiFID II. is arra k\u00f6telez minket, hogy csak transzparens term\u00e9kekkel foglalkozzunk. A pr\u00e9miumbanki szegmens\u00fcnkkel egy\u00e9bk\u00e9nt nyitottunk a fiatalabbak fel\u00e9 is. T\u00e9ny, hogy a fiatalok sz\u00e1m\u00e1ra m\u00e9g a befektet\u00e9si d\u00f6nt\u00e9sek meghoz\u00e1s\u00e1n\u00e1l is fontos szempont az ESG, azaz hogy egy t\u00e1rsas\u00e1g k\u00f6rnyezetv\u00e9delmi, t\u00e1rsadalmi szempontb\u00f3l fenntarthat\u00f3an m\u0171k\u00f6dik-e. Ha egy c\u00e9g vagy eszk\u00f6z z\u00f6ld, akkor a legt\u00f6bb esetben m\u00e9g ak\u00e1r az alacsonyabb hozamot is elfogadj\u00e1k.<\/p>\n<p><strong>Nemr\u00e9g startolt a portf\u00f3li\u00f3kezel\u00e9si szolg\u00e1ltat\u00e1suk. Milyen a fogadtat\u00e1sa?<\/strong><\/p>\n<p>J\u00falius v\u00e9g\u00e9n indultunk el, azokat az \u00fcgyfeleket c\u00e9lozzuk meg ezzel a szolg\u00e1ltat\u00e1ssal, akik nem akarnak folyamatosan, napi szinten jelen lenni a befektet\u00e9si d\u00f6nt\u00e9sek meghoz\u00e1s\u00e1n\u00e1l. A portf\u00f3li\u00f3kezel\u00e9s sor\u00e1n k\u00f6z\u00f6sen meghat\u00e1rozzuk az alapvet\u0151 elv\u00e1r\u00e1sokat, p\u00e9ld\u00e1ul a hozamra \u00e9s a kock\u00e1zatra vonatkoz\u00f3an, \u00e9s onnant\u00f3l kezdve nem kell folyamatosan foglalkoznia az \u00fcgyf\u00e9lnek a befektet\u00e9s\u00e9vel. Persze, ha akarja, akkor ezt is megteheti.<\/p>\n<p><strong>\u00c1tl\u00e9pte a BUX az \u00f6tvenezer pontot, a t\u0151zsd\u00e9k t\u00f6bbs\u00e9ge a cs\u00facsokon van. A nyersanyag\u00e1rak estek az ut\u00f3bbi id\u0151ben. Hogy l\u00e1tja, mely eszk\u00f6z\u00f6k tudnak hosszabb t\u00e1von pozit\u00edvak maradni? Hol marad meg a v\u00e9teli er\u0151, ami hajtja az \u00e1rfolyamokat?<\/strong><\/p>\n<p>A mi portf\u00f3li\u00f3inkon bel\u00fcl id\u00e9n n\u0151tt a r\u00e9szv\u00e9nyek s\u00falya, ez most 22-23 sz\u00e1zal\u00e9kon van, a kor\u00e1bbi 15 sz\u00e1zal\u00e9kos r\u00e9szar\u00e1ny ut\u00e1n. A jegybankok p\u00e9nzpump\u00e1i likvidit\u00e1sb\u0151s\u00e9get teremtettek, \u00e9s siker\u00fclt viszonylag j\u00f3l \u00e1tv\u00e9szelni egy glob\u00e1lis gazdas\u00e1gi m\u00e9lyrep\u00fcl\u00e9st. A 2008-as p\u00e9nz\u00fcgyi v\u00e1ls\u00e1gb\u00f3l tanultak, \u00edgy most a kontroll\u00e1lhatatlan esem\u00e9nyek elker\u00fcl\u00e9se ker\u00fclt a jegybank\u00e1rok f\u00f3kusz\u00e1ba. A v\u00e9gtelens\u00e9gig persze nem lehet p\u00e9nzt nyomtatni, de nagy k\u00fcl\u00f6nbs\u00e9g, hogy a lufi kipukkad, vagy valamilyen szelepen kereszt\u00fcl kontroll\u00e1ltan leeresztik. Most a gazdas\u00e1gok stabiliz\u00e1ci\u00f3ja a legfontosabb c\u00e9l, \u00e9s nem az infl\u00e1ci\u00f3 megf\u00e9kez\u00e9se. Ez igen nagy v\u00e1lt\u00e1s a jegybanki politik\u00e1kban. \u00cdgy a v\u00e9teli er\u0151 nem fog egyik pillanatr\u00f3l a m\u00e1sikra elt\u0171nni a piacokr\u00f3l.<\/p>\n<\/div>\n<\/div>\n<p>\u00a0<\/p>\n<p>Forr\u00e1s: https:\/\/www.vg.hu\/penz-es-tokepiac\/2021\/08\/hirtelen-nem-fog-eltunni-a-veteli-ero-a-piacokrol<\/p>\n<p>Fot\u00f3: Kallus Gy\u00f6rgy\/VG<\/p>\n<\/div>\n<\/div>\n","protected":false},"excerpt":{"rendered":"<p>\u00c1tl\u00e9pte a 7 ezermilli\u00e1rd forintot a magyar priv\u00e1tbanki piac, a n\u00f6veked\u00e9s a Covid-j\u00e1rv\u00e1ny ellen\u00e9re is t\u00f6retlen volt. Egyre ink\u00e1bb kacsingatnak a priv\u00e1tbanki \u00fcgyfelek a nemzetk\u00f6zi befektet\u00e9sek fel\u00e9, ez pedig kedvez a f\u00fcggetlen hazai priv\u00e1tbanki tan\u00e1csad\u00f3k\u00e9nt m\u0171k\u00f6d\u0151 SPB Befektet\u00e9si Zrt.-nek\u2013 hangs\u00falyozta a Vil\u00e1ggazdas\u00e1gnak adott interj\u00faj\u00e1ban Par\u00e1di-Varga Tam\u00e1s, a t\u00e1rsas\u00e1g vez\u00e9rigazgat\u00f3ja. Hogyan \u00e9rt\u00e9keli, a gazdagok befektet\u00e9sei teljes\u00edtettek&#8230;<\/p>\n","protected":false},"author":1,"featured_media":891,"comment_status":"closed","ping_status":"open","sticky":false,"template":"","format":"standard","meta":{"footnotes":""},"categories":[4,5,25,2,24],"tags":[],"class_list":["post-890","post","type-post","status-publish","format-standard","has-post-thumbnail","hentry","category-kotveny","category-lifestyle","category-makro","category-reszveny","category-spb"],"yoast_head":"<!-- This site is optimized with the Yoast SEO plugin v27.5 - https:\/\/yoast.com\/product\/yoast-seo-wordpress\/ -->\n<title>Hirtelen nem fog elt\u0171nni a v\u00e9teli er\u0151 a piacokr\u00f3l - SPB Blog<\/title>\n<meta name=\"description\" content=\"\u00c1tl\u00e9pte a 7 ezermilli\u00e1rd forintot a magyar priv\u00e1tbanki piac, a n\u00f6veked\u00e9s a Covid-j\u00e1rv\u00e1ny ellen\u00e9re is t\u00f6retlen volt. Egyre ink\u00e1bb kacsingatnak a priv\u00e1tbanki \u00fcgyfelek a nemzetk\u00f6zi befektet\u00e9sek fel\u00e9.\" \/>\n<meta name=\"robots\" content=\"index, follow, max-snippet:-1, max-image-preview:large, max-video-preview:-1\" \/>\n<link rel=\"canonical\" href=\"https:\/\/blog.spbinvest.hu\/?p=890\" \/>\n<meta property=\"og:locale\" content=\"hu_HU\" \/>\n<meta property=\"og:type\" content=\"article\" \/>\n<meta property=\"og:title\" content=\"Hirtelen nem fog elt\u0171nni a v\u00e9teli er\u0151 a piacokr\u00f3l - SPB Blog\" \/>\n<meta property=\"og:description\" content=\"\u00c1tl\u00e9pte a 7 ezermilli\u00e1rd forintot a magyar priv\u00e1tbanki piac, a n\u00f6veked\u00e9s a Covid-j\u00e1rv\u00e1ny ellen\u00e9re is t\u00f6retlen volt. Egyre ink\u00e1bb kacsingatnak a priv\u00e1tbanki \u00fcgyfelek a nemzetk\u00f6zi befektet\u00e9sek fel\u00e9.\" \/>\n<meta property=\"og:url\" content=\"https:\/\/blog.spbinvest.hu\/?p=890\" \/>\n<meta property=\"og:site_name\" content=\"SPB Blog\" \/>\n<meta property=\"article:published_time\" content=\"2021-09-23T10:15:25+00:00\" \/>\n<meta property=\"og:image\" content=\"https:\/\/blog.spbinvest.hu\/wp-content\/uploads\/2021\/09\/Paradi_Varga_Tamas_VG.jpg\" \/>\n\t<meta property=\"og:image:width\" content=\"2400\" \/>\n\t<meta property=\"og:image:height\" content=\"1600\" \/>\n\t<meta property=\"og:image:type\" content=\"image\/jpeg\" \/>\n<meta name=\"author\" content=\"SPB\" \/>\n<meta name=\"twitter:card\" content=\"summary_large_image\" \/>\n<meta name=\"twitter:label1\" content=\"Szerz\u0151:\" \/>\n\t<meta name=\"twitter:data1\" content=\"SPB\" \/>\n\t<meta name=\"twitter:label2\" content=\"Becs\u00fclt olvas\u00e1si id\u0151\" \/>\n\t<meta name=\"twitter:data2\" content=\"4 perc\" \/>\n<script type=\"application\/ld+json\" class=\"yoast-schema-graph\">{\"@context\":\"https:\\\/\\\/schema.org\",\"@graph\":[{\"@type\":\"Article\",\"@id\":\"https:\\\/\\\/blog.spbinvest.hu\\\/?p=890#article\",\"isPartOf\":{\"@id\":\"https:\\\/\\\/blog.spbinvest.hu\\\/?p=890\"},\"author\":{\"name\":\"SPB\",\"@id\":\"https:\\\/\\\/blog.spbinvest.hu\\\/#\\\/schema\\\/person\\\/d5af847b20d61bf27bae3db50d6247f7\"},\"headline\":\"Hirtelen nem fog elt\u0171nni a v\u00e9teli er\u0151 a piacokr\u00f3l\",\"datePublished\":\"2021-09-23T10:15:25+00:00\",\"mainEntityOfPage\":{\"@id\":\"https:\\\/\\\/blog.spbinvest.hu\\\/?p=890\"},\"wordCount\":1294,\"image\":{\"@id\":\"https:\\\/\\\/blog.spbinvest.hu\\\/?p=890#primaryimage\"},\"thumbnailUrl\":\"https:\\\/\\\/blog.spbinvest.hu\\\/wp-content\\\/uploads\\\/2021\\\/09\\\/Paradi_Varga_Tamas_VG.jpg\",\"articleSection\":[\"K\u00f6tv\u00e9ny\",\"Lifestyle\",\"Makr\u00f3\",\"R\u00e9szv\u00e9ny\",\"SPB\"],\"inLanguage\":\"hu\"},{\"@type\":\"WebPage\",\"@id\":\"https:\\\/\\\/blog.spbinvest.hu\\\/?p=890\",\"url\":\"https:\\\/\\\/blog.spbinvest.hu\\\/?p=890\",\"name\":\"Hirtelen nem fog elt\u0171nni a v\u00e9teli er\u0151 a piacokr\u00f3l - SPB Blog\",\"isPartOf\":{\"@id\":\"https:\\\/\\\/blog.spbinvest.hu\\\/#website\"},\"primaryImageOfPage\":{\"@id\":\"https:\\\/\\\/blog.spbinvest.hu\\\/?p=890#primaryimage\"},\"image\":{\"@id\":\"https:\\\/\\\/blog.spbinvest.hu\\\/?p=890#primaryimage\"},\"thumbnailUrl\":\"https:\\\/\\\/blog.spbinvest.hu\\\/wp-content\\\/uploads\\\/2021\\\/09\\\/Paradi_Varga_Tamas_VG.jpg\",\"datePublished\":\"2021-09-23T10:15:25+00:00\",\"author\":{\"@id\":\"https:\\\/\\\/blog.spbinvest.hu\\\/#\\\/schema\\\/person\\\/d5af847b20d61bf27bae3db50d6247f7\"},\"description\":\"\u00c1tl\u00e9pte a 7 ezermilli\u00e1rd forintot a magyar priv\u00e1tbanki piac, a n\u00f6veked\u00e9s a Covid-j\u00e1rv\u00e1ny ellen\u00e9re is t\u00f6retlen volt. Egyre ink\u00e1bb kacsingatnak a priv\u00e1tbanki \u00fcgyfelek a nemzetk\u00f6zi befektet\u00e9sek fel\u00e9.\",\"breadcrumb\":{\"@id\":\"https:\\\/\\\/blog.spbinvest.hu\\\/?p=890#breadcrumb\"},\"inLanguage\":\"hu\",\"potentialAction\":[{\"@type\":\"ReadAction\",\"target\":[\"https:\\\/\\\/blog.spbinvest.hu\\\/?p=890\"]}]},{\"@type\":\"ImageObject\",\"inLanguage\":\"hu\",\"@id\":\"https:\\\/\\\/blog.spbinvest.hu\\\/?p=890#primaryimage\",\"url\":\"https:\\\/\\\/blog.spbinvest.hu\\\/wp-content\\\/uploads\\\/2021\\\/09\\\/Paradi_Varga_Tamas_VG.jpg\",\"contentUrl\":\"https:\\\/\\\/blog.spbinvest.hu\\\/wp-content\\\/uploads\\\/2021\\\/09\\\/Paradi_Varga_Tamas_VG.jpg\",\"width\":2400,\"height\":1600},{\"@type\":\"BreadcrumbList\",\"@id\":\"https:\\\/\\\/blog.spbinvest.hu\\\/?p=890#breadcrumb\",\"itemListElement\":[{\"@type\":\"ListItem\",\"position\":1,\"name\":\"Kezd\u0151lap\",\"item\":\"https:\\\/\\\/blog.spbinvest.hu\\\/\"},{\"@type\":\"ListItem\",\"position\":2,\"name\":\"Hirtelen nem fog elt\u0171nni a v\u00e9teli er\u0151 a piacokr\u00f3l\"}]},{\"@type\":\"WebSite\",\"@id\":\"https:\\\/\\\/blog.spbinvest.hu\\\/#website\",\"url\":\"https:\\\/\\\/blog.spbinvest.hu\\\/\",\"name\":\"SPB Blog\",\"description\":\"\",\"potentialAction\":[{\"@type\":\"SearchAction\",\"target\":{\"@type\":\"EntryPoint\",\"urlTemplate\":\"https:\\\/\\\/blog.spbinvest.hu\\\/?s={search_term_string}\"},\"query-input\":{\"@type\":\"PropertyValueSpecification\",\"valueRequired\":true,\"valueName\":\"search_term_string\"}}],\"inLanguage\":\"hu\"},{\"@type\":\"Person\",\"@id\":\"https:\\\/\\\/blog.spbinvest.hu\\\/#\\\/schema\\\/person\\\/d5af847b20d61bf27bae3db50d6247f7\",\"name\":\"SPB\",\"image\":{\"@type\":\"ImageObject\",\"inLanguage\":\"hu\",\"@id\":\"https:\\\/\\\/secure.gravatar.com\\\/avatar\\\/e4bde87cb0016e1f94b62d02932290f9440405440ef9e5f3917ee5cec0b41662?s=96&d=mm&r=g\",\"url\":\"https:\\\/\\\/secure.gravatar.com\\\/avatar\\\/e4bde87cb0016e1f94b62d02932290f9440405440ef9e5f3917ee5cec0b41662?s=96&d=mm&r=g\",\"contentUrl\":\"https:\\\/\\\/secure.gravatar.com\\\/avatar\\\/e4bde87cb0016e1f94b62d02932290f9440405440ef9e5f3917ee5cec0b41662?s=96&d=mm&r=g\",\"caption\":\"SPB\"},\"sameAs\":[\"https:\\\/\\\/blog.spbinvest.hu\"],\"url\":\"https:\\\/\\\/blog.spbinvest.hu\\\/?author=1\"}]}<\/script>\n<!-- \/ Yoast SEO plugin. -->","yoast_head_json":{"title":"Hirtelen nem fog elt\u0171nni a v\u00e9teli er\u0151 a piacokr\u00f3l - SPB Blog","description":"\u00c1tl\u00e9pte a 7 ezermilli\u00e1rd forintot a magyar priv\u00e1tbanki piac, a n\u00f6veked\u00e9s a Covid-j\u00e1rv\u00e1ny ellen\u00e9re is t\u00f6retlen volt. Egyre ink\u00e1bb kacsingatnak a priv\u00e1tbanki \u00fcgyfelek a nemzetk\u00f6zi befektet\u00e9sek fel\u00e9.","robots":{"index":"index","follow":"follow","max-snippet":"max-snippet:-1","max-image-preview":"max-image-preview:large","max-video-preview":"max-video-preview:-1"},"canonical":"https:\/\/blog.spbinvest.hu\/?p=890","og_locale":"hu_HU","og_type":"article","og_title":"Hirtelen nem fog elt\u0171nni a v\u00e9teli er\u0151 a piacokr\u00f3l - SPB Blog","og_description":"\u00c1tl\u00e9pte a 7 ezermilli\u00e1rd forintot a magyar priv\u00e1tbanki piac, a n\u00f6veked\u00e9s a Covid-j\u00e1rv\u00e1ny ellen\u00e9re is t\u00f6retlen volt. Egyre ink\u00e1bb kacsingatnak a priv\u00e1tbanki \u00fcgyfelek a nemzetk\u00f6zi befektet\u00e9sek fel\u00e9.","og_url":"https:\/\/blog.spbinvest.hu\/?p=890","og_site_name":"SPB Blog","article_published_time":"2021-09-23T10:15:25+00:00","og_image":[{"width":2400,"height":1600,"url":"https:\/\/blog.spbinvest.hu\/wp-content\/uploads\/2021\/09\/Paradi_Varga_Tamas_VG.jpg","type":"image\/jpeg"}],"author":"SPB","twitter_card":"summary_large_image","twitter_misc":{"Szerz\u0151:":"SPB","Becs\u00fclt olvas\u00e1si id\u0151":"4 perc"},"schema":{"@context":"https:\/\/schema.org","@graph":[{"@type":"Article","@id":"https:\/\/blog.spbinvest.hu\/?p=890#article","isPartOf":{"@id":"https:\/\/blog.spbinvest.hu\/?p=890"},"author":{"name":"SPB","@id":"https:\/\/blog.spbinvest.hu\/#\/schema\/person\/d5af847b20d61bf27bae3db50d6247f7"},"headline":"Hirtelen nem fog elt\u0171nni a v\u00e9teli er\u0151 a piacokr\u00f3l","datePublished":"2021-09-23T10:15:25+00:00","mainEntityOfPage":{"@id":"https:\/\/blog.spbinvest.hu\/?p=890"},"wordCount":1294,"image":{"@id":"https:\/\/blog.spbinvest.hu\/?p=890#primaryimage"},"thumbnailUrl":"https:\/\/blog.spbinvest.hu\/wp-content\/uploads\/2021\/09\/Paradi_Varga_Tamas_VG.jpg","articleSection":["K\u00f6tv\u00e9ny","Lifestyle","Makr\u00f3","R\u00e9szv\u00e9ny","SPB"],"inLanguage":"hu"},{"@type":"WebPage","@id":"https:\/\/blog.spbinvest.hu\/?p=890","url":"https:\/\/blog.spbinvest.hu\/?p=890","name":"Hirtelen nem fog elt\u0171nni a v\u00e9teli er\u0151 a piacokr\u00f3l - SPB Blog","isPartOf":{"@id":"https:\/\/blog.spbinvest.hu\/#website"},"primaryImageOfPage":{"@id":"https:\/\/blog.spbinvest.hu\/?p=890#primaryimage"},"image":{"@id":"https:\/\/blog.spbinvest.hu\/?p=890#primaryimage"},"thumbnailUrl":"https:\/\/blog.spbinvest.hu\/wp-content\/uploads\/2021\/09\/Paradi_Varga_Tamas_VG.jpg","datePublished":"2021-09-23T10:15:25+00:00","author":{"@id":"https:\/\/blog.spbinvest.hu\/#\/schema\/person\/d5af847b20d61bf27bae3db50d6247f7"},"description":"\u00c1tl\u00e9pte a 7 ezermilli\u00e1rd forintot a magyar priv\u00e1tbanki piac, a n\u00f6veked\u00e9s a Covid-j\u00e1rv\u00e1ny ellen\u00e9re is t\u00f6retlen volt. Egyre ink\u00e1bb kacsingatnak a priv\u00e1tbanki \u00fcgyfelek a nemzetk\u00f6zi befektet\u00e9sek fel\u00e9.","breadcrumb":{"@id":"https:\/\/blog.spbinvest.hu\/?p=890#breadcrumb"},"inLanguage":"hu","potentialAction":[{"@type":"ReadAction","target":["https:\/\/blog.spbinvest.hu\/?p=890"]}]},{"@type":"ImageObject","inLanguage":"hu","@id":"https:\/\/blog.spbinvest.hu\/?p=890#primaryimage","url":"https:\/\/blog.spbinvest.hu\/wp-content\/uploads\/2021\/09\/Paradi_Varga_Tamas_VG.jpg","contentUrl":"https:\/\/blog.spbinvest.hu\/wp-content\/uploads\/2021\/09\/Paradi_Varga_Tamas_VG.jpg","width":2400,"height":1600},{"@type":"BreadcrumbList","@id":"https:\/\/blog.spbinvest.hu\/?p=890#breadcrumb","itemListElement":[{"@type":"ListItem","position":1,"name":"Kezd\u0151lap","item":"https:\/\/blog.spbinvest.hu\/"},{"@type":"ListItem","position":2,"name":"Hirtelen nem fog elt\u0171nni a v\u00e9teli er\u0151 a piacokr\u00f3l"}]},{"@type":"WebSite","@id":"https:\/\/blog.spbinvest.hu\/#website","url":"https:\/\/blog.spbinvest.hu\/","name":"SPB Blog","description":"","potentialAction":[{"@type":"SearchAction","target":{"@type":"EntryPoint","urlTemplate":"https:\/\/blog.spbinvest.hu\/?s={search_term_string}"},"query-input":{"@type":"PropertyValueSpecification","valueRequired":true,"valueName":"search_term_string"}}],"inLanguage":"hu"},{"@type":"Person","@id":"https:\/\/blog.spbinvest.hu\/#\/schema\/person\/d5af847b20d61bf27bae3db50d6247f7","name":"SPB","image":{"@type":"ImageObject","inLanguage":"hu","@id":"https:\/\/secure.gravatar.com\/avatar\/e4bde87cb0016e1f94b62d02932290f9440405440ef9e5f3917ee5cec0b41662?s=96&d=mm&r=g","url":"https:\/\/secure.gravatar.com\/avatar\/e4bde87cb0016e1f94b62d02932290f9440405440ef9e5f3917ee5cec0b41662?s=96&d=mm&r=g","contentUrl":"https:\/\/secure.gravatar.com\/avatar\/e4bde87cb0016e1f94b62d02932290f9440405440ef9e5f3917ee5cec0b41662?s=96&d=mm&r=g","caption":"SPB"},"sameAs":["https:\/\/blog.spbinvest.hu"],"url":"https:\/\/blog.spbinvest.hu\/?author=1"}]}},"_links":{"self":[{"href":"https:\/\/blog.spbinvest.hu\/index.php?rest_route=\/wp\/v2\/posts\/890","targetHints":{"allow":["GET"]}}],"collection":[{"href":"https:\/\/blog.spbinvest.hu\/index.php?rest_route=\/wp\/v2\/posts"}],"about":[{"href":"https:\/\/blog.spbinvest.hu\/index.php?rest_route=\/wp\/v2\/types\/post"}],"author":[{"embeddable":true,"href":"https:\/\/blog.spbinvest.hu\/index.php?rest_route=\/wp\/v2\/users\/1"}],"replies":[{"embeddable":true,"href":"https:\/\/blog.spbinvest.hu\/index.php?rest_route=%2Fwp%2Fv2%2Fcomments&post=890"}],"version-history":[{"count":1,"href":"https:\/\/blog.spbinvest.hu\/index.php?rest_route=\/wp\/v2\/posts\/890\/revisions"}],"predecessor-version":[{"id":892,"href":"https:\/\/blog.spbinvest.hu\/index.php?rest_route=\/wp\/v2\/posts\/890\/revisions\/892"}],"wp:featuredmedia":[{"embeddable":true,"href":"https:\/\/blog.spbinvest.hu\/index.php?rest_route=\/wp\/v2\/media\/891"}],"wp:attachment":[{"href":"https:\/\/blog.spbinvest.hu\/index.php?rest_route=%2Fwp%2Fv2%2Fmedia&parent=890"}],"wp:term":[{"taxonomy":"category","embeddable":true,"href":"https:\/\/blog.spbinvest.hu\/index.php?rest_route=%2Fwp%2Fv2%2Fcategories&post=890"},{"taxonomy":"post_tag","embeddable":true,"href":"https:\/\/blog.spbinvest.hu\/index.php?rest_route=%2Fwp%2Fv2%2Ftags&post=890"}],"curies":[{"name":"wp","href":"https:\/\/api.w.org\/{rel}","templated":true}]}}