{"id":844,"date":"2021-06-22T07:39:42","date_gmt":"2021-06-22T07:39:42","guid":{"rendered":"https:\/\/blog.spbinvest.hu\/?p=844"},"modified":"2021-06-22T07:41:19","modified_gmt":"2021-06-22T07:41:19","slug":"globalisan-is-negativan-hathatnak-biden-adovaltoztatasai","status":"publish","type":"post","link":"https:\/\/blog.spbinvest.hu\/?p=844","title":{"rendered":"Glob\u00e1lisan is negat\u00edvan hathatnak Biden ad\u00f3v\u00e1ltoztat\u00e1sai"},"content":{"rendered":"<h5>K\u00f6nnyen lehet, hogy ha a Biden-adminisztr\u00e1ci\u00f3 ad\u00f3emel\u00e9si tervei r\u00e9szben vagy eg\u00e9szben megval\u00f3sulnak, nem a k\u00edv\u00e1nt eredm\u00e9nyt fogj\u00e1k meghozni Egyes\u00fclt \u00c1llamok gazdas\u00e1g\u00e1nak. Lehetnek olyan v\u00e1llalati ipar\u00e1gak, illetve szem\u00e9lyek, akik annak ellen\u00e9re, hogy az adminisztr\u00e1ci\u00f3nak nem c\u00e9lja h\u00e1tr\u00e1nyba hozni \u0151ket, k\u00f6zvetetten m\u00e9gis vesztesei lesznek az int\u00e9zked\u00e9seknek.<\/h5>\n<p>\u00a0<\/p>\n<p><em>L\u00e1ng Andr\u00e1s, az SPB Befektet\u00e9si Zrt. priv\u00e1tbank\u00e1ra<\/em><\/p>\n<p>\u00a0<\/p>\n<p>A Biden-adminisztr\u00e1ci\u00f3 \u00e1prilisban k\u00e9tezermilli\u00e1rd doll\u00e1rt megk\u00f6zel\u00edt\u0151 infrastrukt\u00fara-fejleszt\u00e9si tervet jelentett be, amelyet els\u0151sorban a 21 sz\u00e1zal\u00e9kos t\u00e1rsas\u00e1gi ad\u00f3kulcs emel\u00e9s\u00e9b\u0151l finansz\u00edrozna. Az Egyes\u00fclt \u00c1llamokban 2017 el\u0151tt a v\u00e1llalati nyeres\u00e9gad\u00f3 35 sz\u00e1zal\u00e9kos volt, a Trump-adminisztr\u00e1ci\u00f3 cs\u00f6kkentette 21 sz\u00e1zal\u00e9kra.<\/p>\n<p><strong>Trump ad\u00f3reformj\u00e1nak gazdas\u00e1gi hat\u00e1sai<\/strong><\/p>\n<p>A Trump-korm\u00e1ny ad\u00f3reformja el\u0151tt az Egyes\u00fclt \u00c1llamokban bejegyzett v\u00e1llalatoknak 35 sz\u00e1zal\u00e9kos v\u00e1llalati nyeres\u00e9gad\u00f3t kellett fizetni\u00fck, m\u00e9g akkor is, ha a nyeres\u00e9g\u00fck olyan k\u00fclf\u00f6ldi orsz\u00e1gb\u00f3l sz\u00e1rmazott, ahol sokkal alacsonyabb a t\u00e1rsas\u00e1gi ad\u00f3kulcs.<\/p>\n<div class=\"enews-highlighted\">A t\u00f6rv\u00e9nyhoz\u00f3k azonban m\u00e1r 2017 el\u0151tt is hagytak kiskapukat.<\/div>\n<p>Abban az esetben, ha a k\u00fclf\u00f6ld\u00f6n szerzett nyeres\u00e9g a k\u00fclf\u00f6ldi orsz\u00e1gban maradt, a t\u00e1rsas\u00e1gi ad\u00f3t nem kellett 35 sz\u00e1zal\u00e9kra kieg\u00e9sz\u00edteni. Ezt a fajta ad\u00f3elker\u00fcl\u00e9si m\u00f3dszert az USA legnagyobb v\u00e1llalatai \u2013 p\u00e9ld\u00e1ul az Apple vagy az Amazon \u2013 el\u0151szeretettel alkalmazt\u00e1k. Hogy bez\u00e1rja ezt a kiskaput, a Trump-korm\u00e1ny region\u00e1lis ad\u00f3z\u00e1si modellre v\u00e1ltott: a k\u00fclf\u00f6ld\u00f6n \u201eragadt\u201d likvid p\u00e9nzeszk\u00f6z\u00f6k ut\u00e1n \u2013 amelyek az idegen orsz\u00e1gban megszerzett nyeres\u00e9gb\u0151l sz\u00e1rmaznak \u2013 egyszeri 15 sz\u00e1zal\u00e9kos extra ad\u00f3t kell fizetni.<\/p>\n<p><img loading=\"lazy\" decoding=\"async\" class=\"alignnone size-full wp-image-845\" src=\"https:\/\/blog.spbinvest.hu\/wp-content\/uploads\/2021\/06\/blumi1.png\" alt=\"\" width=\"810\" height=\"602\" srcset=\"https:\/\/blog.spbinvest.hu\/wp-content\/uploads\/2021\/06\/blumi1.png 810w, https:\/\/blog.spbinvest.hu\/wp-content\/uploads\/2021\/06\/blumi1-300x223.png 300w, https:\/\/blog.spbinvest.hu\/wp-content\/uploads\/2021\/06\/blumi1-768x571.png 768w\" sizes=\"auto, (max-width: 810px) 100vw, 810px\" \/><\/p>\n<p>Az ad\u00f3t\u00f6rv\u00e9ny szerint a t\u00e1rsas\u00e1gi ad\u00f3kulcs m\u00e9rt\u00e9ke att\u00f3l f\u00fcgg, hogy mely orsz\u00e1gb\u00f3l sz\u00e1rmazik a megtermelt nyeres\u00e9g. Az ad\u00f3rendszer tov\u00e1bb\u00e1 limit\u00e1lja a kamatk\u00f6lts\u00e9gekb\u0151l levonhat\u00f3 ad\u00f3t: ha a v\u00e1llalat kamatk\u00f6lts\u00e9gei meghaladj\u00e1k az \u00fczemi eredm\u00e9ny 30 sz\u00e1zal\u00e9k\u00e1t, akkor az \u00f6sszeget m\u00e1r nem lehet levonni az ad\u00f3alapb\u00f3l. \u00d6sszess\u00e9g\u00e9ben elmondhat\u00f3, hogy a Trump-adminisztr\u00e1ci\u00f3 ad\u00f3cs\u00f6kkent\u00e9se pozit\u00edvan hatott azokra a v\u00e1llalatokra, amelyek kev\u00e9s idegen t\u0151k\u00e9vel rendelkeznek, \u00e9s negat\u00edvan \u00e9rintette a magas ad\u00f3ss\u00e1gr\u00e1t\u00e1j\u00fa c\u00e9geket.<\/p>\n<p><strong>Biden javaslat\u00e1nak gazdas\u00e1gi hat\u00e1sai<\/strong><\/p>\n<p>A Biden-korm\u00e1ny a 21 sz\u00e1zal\u00e9kos t\u00e1rsas\u00e1gi ad\u00f3kulcsot 28 sz\u00e1zal\u00e9kra emeln\u00e9. Ha emelkedik a t\u00e1rsas\u00e1gi ad\u00f3, a c\u00e9g azonos bev\u00e9telek mellett kevesebb ad\u00f3z\u00e1s ut\u00e1ni eredm\u00e9nyt tud elk\u00f6nyvelni, azaz a v\u00e1llalat \u00e9rt\u00e9ke a visszaes\u0151 cash flow termel\u0151 k\u00e9pess\u00e9ge miatt cs\u00f6kken. Hab\u00e1r ez az \u00f6sszef\u00fcgg\u00e9s leegyszer\u0171s\u00edtve igaznak t\u0171nik, a t\u00e1rsas\u00e1gi ad\u00f3kulcs emel\u00e9se val\u00f3j\u00e1ban k\u00fcl\u00f6nf\u00e9lek\u00e9ppen hat a v\u00e1llalatokra annak f\u00fcggv\u00e9ny\u00e9ben, hogy mely szektorban tev\u00e9kenykednek.<\/p>\n<div class=\"enews-highlighted\">Azok a szektorok, amelyekben a c\u00e9geknek nagyobb mozg\u00e1ster\u00fck van az ad\u00f3alap cs\u00f6kkent\u00e9s\u00e9re, el\u0151nybe ker\u00fclnek m\u00e1s szektorokhoz k\u00e9pest.<\/div>\n<p>A technol\u00f3giai v\u00e1llalatoknak p\u00e9ld\u00e1ul magasak a kutat\u00e1s-fejleszt\u00e9si k\u00f6lts\u00e9geik, immateri\u00e1lis javak \u00e9s szolg\u00e1ltat\u00e1sok \u00e9rt\u00e9kes\u00edt\u00e9s\u00e9b\u0151l sz\u00e1rmazik a nyeres\u00e9g\u00fck, s ezekkel jelent\u0151s m\u00e9rt\u00e9kben tudj\u00e1k cs\u00f6kkenteni a t\u00e9nylegesen kifizetett effekt\u00edv ad\u00f3kulcsot. V\u00e9lem\u00e9nyem szerint az ad\u00f3emel\u00e9s a koronav\u00edrus \u00e1ltal m\u00e1r eddig is s\u00fajtott hotell\u00e1ncokat \u00e9s kiskereskedelemmel foglalkoz\u00f3 c\u00e9geket fogja legink\u00e1bb negat\u00edvan \u00e9rinteni, mivel ennek a k\u00e9t szektornak van a legkevesebb mozg\u00e1stere az ad\u00f3alap cs\u00f6kkent\u00e9s\u00e9re.<\/p>\n<p><strong>Az eln\u00f6k 21 sz\u00e1zal\u00e9kos glob\u00e1lis v\u00e1llalati ad\u00f3terve<\/strong><\/p>\n<p>Biden a v\u00e1llalati nyeres\u00e9gad\u00f3 emel\u00e9s\u00e9n k\u00edv\u00fcl egy glob\u00e1lis minimum t\u00e1rsas\u00e1gi ad\u00f3kulcs bevezet\u00e9s\u00e9t is tervezi, amely fontos pontja volt a h\u00e9t v\u00e9g\u00e9n lezajlott G7-cs\u00facsnak. A vil\u00e1g h\u00e9t vezet\u0151 orsz\u00e1g\u00e1nak \u00e1llamf\u0151je t\u00e1mogatta az ad\u00f3 bevezet\u00e9s\u00e9t, a terv megval\u00f3sul\u00e1s\u00e1hoz azonban 139 orsz\u00e1g beleegyez\u00e9se kell. A glob\u00e1lis minimumad\u00f3 bevezet\u00e9se eset\u00e9n m\u00e1r nem \u00e9rn\u00e9 meg a v\u00e1llalatoknak a kor\u00e1bbi ad\u00f3paradicsomokban, p\u00e9ld\u00e1ul Panam\u00e1ban vagy a Kajm\u00e1n-szigeteken bejegyezni a c\u00e9g\u00fcket.<\/p>\n<p><img loading=\"lazy\" decoding=\"async\" class=\"alignnone size-full wp-image-846\" src=\"https:\/\/blog.spbinvest.hu\/wp-content\/uploads\/2021\/06\/blumi2.png\" alt=\"\" width=\"810\" height=\"603\" srcset=\"https:\/\/blog.spbinvest.hu\/wp-content\/uploads\/2021\/06\/blumi2.png 810w, https:\/\/blog.spbinvest.hu\/wp-content\/uploads\/2021\/06\/blumi2-300x223.png 300w, https:\/\/blog.spbinvest.hu\/wp-content\/uploads\/2021\/06\/blumi2-768x572.png 768w\" sizes=\"auto, (max-width: 810px) 100vw, 810px\" \/><\/p>\n<p><strong>A mag\u00e1nszem\u00e9lyek is t\u00f6bbet fizetn\u00e9nek<\/strong><\/p>\n<p>A v\u00e1llalati ad\u00f3kulcsok emel\u00e9se mellett a Biden-adminisztr\u00e1ci\u00f3 a mag\u00e1nszem\u00e9lyek t\u0151kenyeres\u00e9g-ad\u00f3j\u00e1val is foglalkozott. A javaslat els\u0151 pontja a Trump-adminisztr\u00e1ci\u00f3 ad\u00f3kedvezm\u00e9nyeinek elt\u00f6rl\u00e9se. Biden a mag\u00e1nszem\u00e9lyek t\u0151kenyeres\u00e9gb\u0151l sz\u00e1rmaz\u00f3 j\u00f6vedelm\u00e9t a szem\u00e9lyi j\u00f6vedelemad\u00f3hoz hasonl\u00f3an progressz\u00edvv\u00e1 alak\u00edtan\u00e1 \u00e1t: a legfels\u0151 ad\u00f3s\u00e1vba azok ker\u00fcln\u00e9nek, akiknek a befektet\u00e9seikb\u0151l sz\u00e1rmaz\u00f3 j\u00f6vedelm\u00fck meghaladja az egymilli\u00f3 doll\u00e1rt. A Biden-adminisztr\u00e1ci\u00f3 legf\u0151bb \u00e9rve az ad\u00f3emel\u00e9s mellett, hogy ez csup\u00e1n az amerikai lakoss\u00e1g legvagyonosabb r\u00e9sz\u00e9t, 0,32 sz\u00e1zal\u00e9k\u00e1t \u00e9rinten\u00e9. Ez azonban kor\u00e1ntsem ennyire egy\u00e9rtelm\u0171.<\/p>\n<div class=\"enews-highlighted\">Amerika leggazdagabbjai sz\u00e1m\u00e1ra a sz\u00f6vets\u00e9gi t\u0151kenyeres\u00e9g-ad\u00f3 a dupl\u00e1j\u00e1ra, 39,6 sz\u00e1zal\u00e9kra n\u0151ne.<\/div>\n<p>Ha ehhez hozz\u00e1adjuk az \u00e1llam \u00e9s az Obamacare ut\u00e1n fizetett ad\u00f3kat, akkor a magas r\u00e1t\u00e1val rendelkez\u0151 \u00e1llamokban a t\u0151kenyeres\u00e9g ut\u00e1n fizetett ad\u00f3 egy\u00fcttesen ak\u00e1r az 50 sz\u00e1zal\u00e9kot is meghaladhatja. Miut\u00e1n Amerika legvagyonosabbjai birtokolj\u00e1k a v\u00e1llalatok r\u00e9szv\u00e9nyeinek egyharmad\u00e1t, Biden\u00e9k ad\u00f3emel\u00e9si terve k\u00f6zvetetten, de minden befektet\u0151t \u00e9rinteni fog. A t\u0151kenyeres\u00e9g-ad\u00f3 emel\u00e9se a befektet\u00e9sekt\u0151l elv\u00e1rt hozamot n\u00f6veli, ez pedig egyes c\u00e9gek eset\u00e9ben elad\u00e1si hull\u00e1mot gener\u00e1lhat.<\/p>\n<p>\u00d6sszegezve \u00fagy gondolom, hogy ha a Biden-adminisztr\u00e1ci\u00f3 ad\u00f3emel\u00e9si tervei r\u00e9szben vagy eg\u00e9szben megval\u00f3sulnak, nem a k\u00edv\u00e1nt eredm\u00e9nyt fogj\u00e1k meghozni Egyes\u00fclt \u00c1llamok gazdas\u00e1g\u00e1nak. V\u00e9lem\u00e9nyem szerint az ad\u00f3emel\u00e9sekb\u0151l befoly\u00f3 t\u00f6bbletbev\u00e9tel nem a megfelel\u0151 helyen \u00e9s m\u00e9rt\u00e9kben fog lecsap\u00f3dni, \u00e9s lesznek olyan v\u00e1llalati ipar\u00e1gak, illetve szem\u00e9lyek, akik annak ellen\u00e9re, hogy az adminisztr\u00e1ci\u00f3nak nem c\u00e9lja h\u00e1tr\u00e1nyba hozni \u0151ket, k\u00f6zvetetten m\u00e9gis vesz\u00edteni fognak.<\/p>\n<p><em>Forr\u00e1s: <a href=\"https:\/\/www.vg.hu\/gazdasag\/gazdasagi-hirek\/globalisan-is-negativan-hathatnak-biden-adovaltoztatasai-3836978\/\">https:\/\/www.vg.hu\/gazdasag\/gazdasagi-hirek\/globalisan-is-negativan-hathatnak-biden-adovaltoztatasai-3836978\/<\/a><\/em><\/p>\n<p><em>Fot\u00f3: Stephanie LECOCQ \/ POOL \/ AFP<\/em><\/p>\n","protected":false},"excerpt":{"rendered":"<p>K\u00f6nnyen lehet, hogy ha a Biden-adminisztr\u00e1ci\u00f3 ad\u00f3emel\u00e9si tervei r\u00e9szben vagy eg\u00e9szben megval\u00f3sulnak, nem a k\u00edv\u00e1nt eredm\u00e9nyt fogj\u00e1k meghozni Egyes\u00fclt \u00c1llamok gazdas\u00e1g\u00e1nak. Lehetnek olyan v\u00e1llalati ipar\u00e1gak, illetve szem\u00e9lyek, akik annak ellen\u00e9re, hogy az adminisztr\u00e1ci\u00f3nak nem c\u00e9lja h\u00e1tr\u00e1nyba hozni \u0151ket, k\u00f6zvetetten m\u00e9gis vesztesei lesznek az int\u00e9zked\u00e9seknek. \u00a0 L\u00e1ng Andr\u00e1s, az SPB Befektet\u00e9si Zrt. priv\u00e1tbank\u00e1ra \u00a0 A Biden-adminisztr\u00e1ci\u00f3&#8230;<\/p>\n","protected":false},"author":1,"featured_media":847,"comment_status":"closed","ping_status":"open","sticky":false,"template":"","format":"standard","meta":{"footnotes":""},"categories":[4,25,2,24],"tags":[],"class_list":["post-844","post","type-post","status-publish","format-standard","has-post-thumbnail","hentry","category-kotveny","category-makro","category-reszveny","category-spb"],"yoast_head":"<!-- This site is optimized with the Yoast SEO plugin v27.5 - https:\/\/yoast.com\/product\/yoast-seo-wordpress\/ -->\n<title>Glob\u00e1lisan is negat\u00edvan hathatnak Biden ad\u00f3v\u00e1ltoztat\u00e1sai - SPB Blog<\/title>\n<meta name=\"description\" content=\"K\u00f6nnyen lehet, hogy ha a Biden-adminisztr\u00e1ci\u00f3 ad\u00f3emel\u00e9si tervei r\u00e9szben vagy eg\u00e9szben megval\u00f3sulnak, nem a k\u00edv\u00e1nt eredm\u00e9nyt fogj\u00e1k meghozni Egyes\u00fclt \u00c1llamok gazdas\u00e1g\u00e1nak. Lehetnek olyan v\u00e1llalati ipar\u00e1gak, illetve szem\u00e9lyek, akik annak ellen\u00e9re, hogy az adminisztr\u00e1ci\u00f3nak nem c\u00e9lja h\u00e1tr\u00e1nyba hozni \u0151ket, k\u00f6zvetetten m\u00e9gis vesztesei lesznek az int\u00e9zked\u00e9seknek.\" \/>\n<meta name=\"robots\" content=\"index, follow, max-snippet:-1, max-image-preview:large, max-video-preview:-1\" \/>\n<link rel=\"canonical\" href=\"https:\/\/blog.spbinvest.hu\/?p=844\" \/>\n<meta property=\"og:locale\" content=\"hu_HU\" \/>\n<meta property=\"og:type\" content=\"article\" \/>\n<meta property=\"og:title\" content=\"Glob\u00e1lisan is negat\u00edvan hathatnak Biden ad\u00f3v\u00e1ltoztat\u00e1sai - SPB Blog\" \/>\n<meta property=\"og:description\" content=\"K\u00f6nnyen lehet, hogy ha a Biden-adminisztr\u00e1ci\u00f3 ad\u00f3emel\u00e9si tervei r\u00e9szben vagy eg\u00e9szben megval\u00f3sulnak, nem a k\u00edv\u00e1nt eredm\u00e9nyt fogj\u00e1k meghozni Egyes\u00fclt \u00c1llamok gazdas\u00e1g\u00e1nak. Lehetnek olyan v\u00e1llalati ipar\u00e1gak, illetve szem\u00e9lyek, akik annak ellen\u00e9re, hogy az adminisztr\u00e1ci\u00f3nak nem c\u00e9lja h\u00e1tr\u00e1nyba hozni \u0151ket, k\u00f6zvetetten m\u00e9gis vesztesei lesznek az int\u00e9zked\u00e9seknek.\" \/>\n<meta property=\"og:url\" content=\"https:\/\/blog.spbinvest.hu\/?p=844\" \/>\n<meta property=\"og:site_name\" content=\"SPB Blog\" \/>\n<meta property=\"article:published_time\" content=\"2021-06-22T07:39:42+00:00\" \/>\n<meta property=\"article:modified_time\" content=\"2021-06-22T07:41:19+00:00\" \/>\n<meta property=\"og:image\" content=\"https:\/\/blog.spbinvest.hu\/wp-content\/uploads\/2021\/06\/biden.jpg\" \/>\n\t<meta property=\"og:image:width\" content=\"810\" \/>\n\t<meta property=\"og:image:height\" content=\"540\" \/>\n\t<meta property=\"og:image:type\" content=\"image\/jpeg\" \/>\n<meta name=\"author\" content=\"SPB\" \/>\n<meta name=\"twitter:card\" content=\"summary_large_image\" \/>\n<meta name=\"twitter:label1\" content=\"Szerz\u0151:\" \/>\n\t<meta name=\"twitter:data1\" content=\"SPB\" \/>\n\t<meta name=\"twitter:label2\" content=\"Becs\u00fclt olvas\u00e1si id\u0151\" \/>\n\t<meta name=\"twitter:data2\" content=\"4 perc\" \/>\n<script type=\"application\/ld+json\" class=\"yoast-schema-graph\">{\"@context\":\"https:\\\/\\\/schema.org\",\"@graph\":[{\"@type\":\"Article\",\"@id\":\"https:\\\/\\\/blog.spbinvest.hu\\\/?p=844#article\",\"isPartOf\":{\"@id\":\"https:\\\/\\\/blog.spbinvest.hu\\\/?p=844\"},\"author\":{\"name\":\"SPB\",\"@id\":\"https:\\\/\\\/blog.spbinvest.hu\\\/#\\\/schema\\\/person\\\/d5af847b20d61bf27bae3db50d6247f7\"},\"headline\":\"Glob\u00e1lisan is negat\u00edvan hathatnak Biden ad\u00f3v\u00e1ltoztat\u00e1sai\",\"datePublished\":\"2021-06-22T07:39:42+00:00\",\"dateModified\":\"2021-06-22T07:41:19+00:00\",\"mainEntityOfPage\":{\"@id\":\"https:\\\/\\\/blog.spbinvest.hu\\\/?p=844\"},\"wordCount\":1161,\"image\":{\"@id\":\"https:\\\/\\\/blog.spbinvest.hu\\\/?p=844#primaryimage\"},\"thumbnailUrl\":\"https:\\\/\\\/blog.spbinvest.hu\\\/wp-content\\\/uploads\\\/2021\\\/06\\\/biden.jpg\",\"articleSection\":[\"K\u00f6tv\u00e9ny\",\"Makr\u00f3\",\"R\u00e9szv\u00e9ny\",\"SPB\"],\"inLanguage\":\"hu\"},{\"@type\":\"WebPage\",\"@id\":\"https:\\\/\\\/blog.spbinvest.hu\\\/?p=844\",\"url\":\"https:\\\/\\\/blog.spbinvest.hu\\\/?p=844\",\"name\":\"Glob\u00e1lisan is negat\u00edvan hathatnak Biden ad\u00f3v\u00e1ltoztat\u00e1sai - SPB Blog\",\"isPartOf\":{\"@id\":\"https:\\\/\\\/blog.spbinvest.hu\\\/#website\"},\"primaryImageOfPage\":{\"@id\":\"https:\\\/\\\/blog.spbinvest.hu\\\/?p=844#primaryimage\"},\"image\":{\"@id\":\"https:\\\/\\\/blog.spbinvest.hu\\\/?p=844#primaryimage\"},\"thumbnailUrl\":\"https:\\\/\\\/blog.spbinvest.hu\\\/wp-content\\\/uploads\\\/2021\\\/06\\\/biden.jpg\",\"datePublished\":\"2021-06-22T07:39:42+00:00\",\"dateModified\":\"2021-06-22T07:41:19+00:00\",\"author\":{\"@id\":\"https:\\\/\\\/blog.spbinvest.hu\\\/#\\\/schema\\\/person\\\/d5af847b20d61bf27bae3db50d6247f7\"},\"description\":\"K\u00f6nnyen lehet, hogy ha a Biden-adminisztr\u00e1ci\u00f3 ad\u00f3emel\u00e9si tervei r\u00e9szben vagy eg\u00e9szben megval\u00f3sulnak, nem a k\u00edv\u00e1nt eredm\u00e9nyt fogj\u00e1k meghozni Egyes\u00fclt \u00c1llamok gazdas\u00e1g\u00e1nak. Lehetnek olyan v\u00e1llalati ipar\u00e1gak, illetve szem\u00e9lyek, akik annak ellen\u00e9re, hogy az adminisztr\u00e1ci\u00f3nak nem c\u00e9lja h\u00e1tr\u00e1nyba hozni \u0151ket, k\u00f6zvetetten m\u00e9gis vesztesei lesznek az int\u00e9zked\u00e9seknek.\",\"breadcrumb\":{\"@id\":\"https:\\\/\\\/blog.spbinvest.hu\\\/?p=844#breadcrumb\"},\"inLanguage\":\"hu\",\"potentialAction\":[{\"@type\":\"ReadAction\",\"target\":[\"https:\\\/\\\/blog.spbinvest.hu\\\/?p=844\"]}]},{\"@type\":\"ImageObject\",\"inLanguage\":\"hu\",\"@id\":\"https:\\\/\\\/blog.spbinvest.hu\\\/?p=844#primaryimage\",\"url\":\"https:\\\/\\\/blog.spbinvest.hu\\\/wp-content\\\/uploads\\\/2021\\\/06\\\/biden.jpg\",\"contentUrl\":\"https:\\\/\\\/blog.spbinvest.hu\\\/wp-content\\\/uploads\\\/2021\\\/06\\\/biden.jpg\",\"width\":810,\"height\":540},{\"@type\":\"BreadcrumbList\",\"@id\":\"https:\\\/\\\/blog.spbinvest.hu\\\/?p=844#breadcrumb\",\"itemListElement\":[{\"@type\":\"ListItem\",\"position\":1,\"name\":\"Kezd\u0151lap\",\"item\":\"https:\\\/\\\/blog.spbinvest.hu\\\/\"},{\"@type\":\"ListItem\",\"position\":2,\"name\":\"Glob\u00e1lisan is negat\u00edvan hathatnak Biden ad\u00f3v\u00e1ltoztat\u00e1sai\"}]},{\"@type\":\"WebSite\",\"@id\":\"https:\\\/\\\/blog.spbinvest.hu\\\/#website\",\"url\":\"https:\\\/\\\/blog.spbinvest.hu\\\/\",\"name\":\"SPB Blog\",\"description\":\"\",\"potentialAction\":[{\"@type\":\"SearchAction\",\"target\":{\"@type\":\"EntryPoint\",\"urlTemplate\":\"https:\\\/\\\/blog.spbinvest.hu\\\/?s={search_term_string}\"},\"query-input\":{\"@type\":\"PropertyValueSpecification\",\"valueRequired\":true,\"valueName\":\"search_term_string\"}}],\"inLanguage\":\"hu\"},{\"@type\":\"Person\",\"@id\":\"https:\\\/\\\/blog.spbinvest.hu\\\/#\\\/schema\\\/person\\\/d5af847b20d61bf27bae3db50d6247f7\",\"name\":\"SPB\",\"image\":{\"@type\":\"ImageObject\",\"inLanguage\":\"hu\",\"@id\":\"https:\\\/\\\/secure.gravatar.com\\\/avatar\\\/e4bde87cb0016e1f94b62d02932290f9440405440ef9e5f3917ee5cec0b41662?s=96&d=mm&r=g\",\"url\":\"https:\\\/\\\/secure.gravatar.com\\\/avatar\\\/e4bde87cb0016e1f94b62d02932290f9440405440ef9e5f3917ee5cec0b41662?s=96&d=mm&r=g\",\"contentUrl\":\"https:\\\/\\\/secure.gravatar.com\\\/avatar\\\/e4bde87cb0016e1f94b62d02932290f9440405440ef9e5f3917ee5cec0b41662?s=96&d=mm&r=g\",\"caption\":\"SPB\"},\"sameAs\":[\"https:\\\/\\\/blog.spbinvest.hu\"],\"url\":\"https:\\\/\\\/blog.spbinvest.hu\\\/?author=1\"}]}<\/script>\n<!-- \/ Yoast SEO plugin. -->","yoast_head_json":{"title":"Glob\u00e1lisan is negat\u00edvan hathatnak Biden ad\u00f3v\u00e1ltoztat\u00e1sai - SPB Blog","description":"K\u00f6nnyen lehet, hogy ha a Biden-adminisztr\u00e1ci\u00f3 ad\u00f3emel\u00e9si tervei r\u00e9szben vagy eg\u00e9szben megval\u00f3sulnak, nem a k\u00edv\u00e1nt eredm\u00e9nyt fogj\u00e1k meghozni Egyes\u00fclt \u00c1llamok gazdas\u00e1g\u00e1nak. Lehetnek olyan v\u00e1llalati ipar\u00e1gak, illetve szem\u00e9lyek, akik annak ellen\u00e9re, hogy az adminisztr\u00e1ci\u00f3nak nem c\u00e9lja h\u00e1tr\u00e1nyba hozni \u0151ket, k\u00f6zvetetten m\u00e9gis vesztesei lesznek az int\u00e9zked\u00e9seknek.","robots":{"index":"index","follow":"follow","max-snippet":"max-snippet:-1","max-image-preview":"max-image-preview:large","max-video-preview":"max-video-preview:-1"},"canonical":"https:\/\/blog.spbinvest.hu\/?p=844","og_locale":"hu_HU","og_type":"article","og_title":"Glob\u00e1lisan is negat\u00edvan hathatnak Biden ad\u00f3v\u00e1ltoztat\u00e1sai - SPB Blog","og_description":"K\u00f6nnyen lehet, hogy ha a Biden-adminisztr\u00e1ci\u00f3 ad\u00f3emel\u00e9si tervei r\u00e9szben vagy eg\u00e9szben megval\u00f3sulnak, nem a k\u00edv\u00e1nt eredm\u00e9nyt fogj\u00e1k meghozni Egyes\u00fclt \u00c1llamok gazdas\u00e1g\u00e1nak. Lehetnek olyan v\u00e1llalati ipar\u00e1gak, illetve szem\u00e9lyek, akik annak ellen\u00e9re, hogy az adminisztr\u00e1ci\u00f3nak nem c\u00e9lja h\u00e1tr\u00e1nyba hozni \u0151ket, k\u00f6zvetetten m\u00e9gis vesztesei lesznek az int\u00e9zked\u00e9seknek.","og_url":"https:\/\/blog.spbinvest.hu\/?p=844","og_site_name":"SPB Blog","article_published_time":"2021-06-22T07:39:42+00:00","article_modified_time":"2021-06-22T07:41:19+00:00","og_image":[{"width":810,"height":540,"url":"https:\/\/blog.spbinvest.hu\/wp-content\/uploads\/2021\/06\/biden.jpg","type":"image\/jpeg"}],"author":"SPB","twitter_card":"summary_large_image","twitter_misc":{"Szerz\u0151:":"SPB","Becs\u00fclt olvas\u00e1si id\u0151":"4 perc"},"schema":{"@context":"https:\/\/schema.org","@graph":[{"@type":"Article","@id":"https:\/\/blog.spbinvest.hu\/?p=844#article","isPartOf":{"@id":"https:\/\/blog.spbinvest.hu\/?p=844"},"author":{"name":"SPB","@id":"https:\/\/blog.spbinvest.hu\/#\/schema\/person\/d5af847b20d61bf27bae3db50d6247f7"},"headline":"Glob\u00e1lisan is negat\u00edvan hathatnak Biden ad\u00f3v\u00e1ltoztat\u00e1sai","datePublished":"2021-06-22T07:39:42+00:00","dateModified":"2021-06-22T07:41:19+00:00","mainEntityOfPage":{"@id":"https:\/\/blog.spbinvest.hu\/?p=844"},"wordCount":1161,"image":{"@id":"https:\/\/blog.spbinvest.hu\/?p=844#primaryimage"},"thumbnailUrl":"https:\/\/blog.spbinvest.hu\/wp-content\/uploads\/2021\/06\/biden.jpg","articleSection":["K\u00f6tv\u00e9ny","Makr\u00f3","R\u00e9szv\u00e9ny","SPB"],"inLanguage":"hu"},{"@type":"WebPage","@id":"https:\/\/blog.spbinvest.hu\/?p=844","url":"https:\/\/blog.spbinvest.hu\/?p=844","name":"Glob\u00e1lisan is negat\u00edvan hathatnak Biden ad\u00f3v\u00e1ltoztat\u00e1sai - SPB Blog","isPartOf":{"@id":"https:\/\/blog.spbinvest.hu\/#website"},"primaryImageOfPage":{"@id":"https:\/\/blog.spbinvest.hu\/?p=844#primaryimage"},"image":{"@id":"https:\/\/blog.spbinvest.hu\/?p=844#primaryimage"},"thumbnailUrl":"https:\/\/blog.spbinvest.hu\/wp-content\/uploads\/2021\/06\/biden.jpg","datePublished":"2021-06-22T07:39:42+00:00","dateModified":"2021-06-22T07:41:19+00:00","author":{"@id":"https:\/\/blog.spbinvest.hu\/#\/schema\/person\/d5af847b20d61bf27bae3db50d6247f7"},"description":"K\u00f6nnyen lehet, hogy ha a Biden-adminisztr\u00e1ci\u00f3 ad\u00f3emel\u00e9si tervei r\u00e9szben vagy eg\u00e9szben megval\u00f3sulnak, nem a k\u00edv\u00e1nt eredm\u00e9nyt fogj\u00e1k meghozni Egyes\u00fclt \u00c1llamok gazdas\u00e1g\u00e1nak. Lehetnek olyan v\u00e1llalati ipar\u00e1gak, illetve szem\u00e9lyek, akik annak ellen\u00e9re, hogy az adminisztr\u00e1ci\u00f3nak nem c\u00e9lja h\u00e1tr\u00e1nyba hozni \u0151ket, k\u00f6zvetetten m\u00e9gis vesztesei lesznek az int\u00e9zked\u00e9seknek.","breadcrumb":{"@id":"https:\/\/blog.spbinvest.hu\/?p=844#breadcrumb"},"inLanguage":"hu","potentialAction":[{"@type":"ReadAction","target":["https:\/\/blog.spbinvest.hu\/?p=844"]}]},{"@type":"ImageObject","inLanguage":"hu","@id":"https:\/\/blog.spbinvest.hu\/?p=844#primaryimage","url":"https:\/\/blog.spbinvest.hu\/wp-content\/uploads\/2021\/06\/biden.jpg","contentUrl":"https:\/\/blog.spbinvest.hu\/wp-content\/uploads\/2021\/06\/biden.jpg","width":810,"height":540},{"@type":"BreadcrumbList","@id":"https:\/\/blog.spbinvest.hu\/?p=844#breadcrumb","itemListElement":[{"@type":"ListItem","position":1,"name":"Kezd\u0151lap","item":"https:\/\/blog.spbinvest.hu\/"},{"@type":"ListItem","position":2,"name":"Glob\u00e1lisan is negat\u00edvan hathatnak Biden ad\u00f3v\u00e1ltoztat\u00e1sai"}]},{"@type":"WebSite","@id":"https:\/\/blog.spbinvest.hu\/#website","url":"https:\/\/blog.spbinvest.hu\/","name":"SPB Blog","description":"","potentialAction":[{"@type":"SearchAction","target":{"@type":"EntryPoint","urlTemplate":"https:\/\/blog.spbinvest.hu\/?s={search_term_string}"},"query-input":{"@type":"PropertyValueSpecification","valueRequired":true,"valueName":"search_term_string"}}],"inLanguage":"hu"},{"@type":"Person","@id":"https:\/\/blog.spbinvest.hu\/#\/schema\/person\/d5af847b20d61bf27bae3db50d6247f7","name":"SPB","image":{"@type":"ImageObject","inLanguage":"hu","@id":"https:\/\/secure.gravatar.com\/avatar\/e4bde87cb0016e1f94b62d02932290f9440405440ef9e5f3917ee5cec0b41662?s=96&d=mm&r=g","url":"https:\/\/secure.gravatar.com\/avatar\/e4bde87cb0016e1f94b62d02932290f9440405440ef9e5f3917ee5cec0b41662?s=96&d=mm&r=g","contentUrl":"https:\/\/secure.gravatar.com\/avatar\/e4bde87cb0016e1f94b62d02932290f9440405440ef9e5f3917ee5cec0b41662?s=96&d=mm&r=g","caption":"SPB"},"sameAs":["https:\/\/blog.spbinvest.hu"],"url":"https:\/\/blog.spbinvest.hu\/?author=1"}]}},"_links":{"self":[{"href":"https:\/\/blog.spbinvest.hu\/index.php?rest_route=\/wp\/v2\/posts\/844","targetHints":{"allow":["GET"]}}],"collection":[{"href":"https:\/\/blog.spbinvest.hu\/index.php?rest_route=\/wp\/v2\/posts"}],"about":[{"href":"https:\/\/blog.spbinvest.hu\/index.php?rest_route=\/wp\/v2\/types\/post"}],"author":[{"embeddable":true,"href":"https:\/\/blog.spbinvest.hu\/index.php?rest_route=\/wp\/v2\/users\/1"}],"replies":[{"embeddable":true,"href":"https:\/\/blog.spbinvest.hu\/index.php?rest_route=%2Fwp%2Fv2%2Fcomments&post=844"}],"version-history":[{"count":3,"href":"https:\/\/blog.spbinvest.hu\/index.php?rest_route=\/wp\/v2\/posts\/844\/revisions"}],"predecessor-version":[{"id":850,"href":"https:\/\/blog.spbinvest.hu\/index.php?rest_route=\/wp\/v2\/posts\/844\/revisions\/850"}],"wp:featuredmedia":[{"embeddable":true,"href":"https:\/\/blog.spbinvest.hu\/index.php?rest_route=\/wp\/v2\/media\/847"}],"wp:attachment":[{"href":"https:\/\/blog.spbinvest.hu\/index.php?rest_route=%2Fwp%2Fv2%2Fmedia&parent=844"}],"wp:term":[{"taxonomy":"category","embeddable":true,"href":"https:\/\/blog.spbinvest.hu\/index.php?rest_route=%2Fwp%2Fv2%2Fcategories&post=844"},{"taxonomy":"post_tag","embeddable":true,"href":"https:\/\/blog.spbinvest.hu\/index.php?rest_route=%2Fwp%2Fv2%2Ftags&post=844"}],"curies":[{"name":"wp","href":"https:\/\/api.w.org\/{rel}","templated":true}]}}