{"id":3583,"date":"2026-08-31T16:18:27","date_gmt":"2026-08-31T16:18:27","guid":{"rendered":"https:\/\/blog.spbinvest.hu\/?p=3583"},"modified":"2026-08-31T16:18:27","modified_gmt":"2026-08-31T16:18:27","slug":"heti-befektetoi-kitekinto-az-amerikai-gazdasag-lassul-de-meg-nem-torik-europaban-pedig-ebredezik-az-ipar","status":"publish","type":"post","link":"https:\/\/blog.spbinvest.hu\/?p=3583","title":{"rendered":"Heti Befektet\u0151i Kitekint\u0151: az amerikai gazdas\u00e1g lassul, de m\u00e9g nem t\u00f6rik, Eur\u00f3p\u00e1ban pedig \u00e9bredezik az ipar"},"content":{"rendered":"<p style=\"font-weight: 400;\">Az elm\u00falt h\u00e9t makroadatai egyre \u00f6sszetettebb k\u00e9pet rajzolnak a vil\u00e1ggazdas\u00e1gr\u00f3l. Az Egyes\u00fclt \u00c1llamokban a m\u00e1sodik negyed\u00e9ves GDP m\u00e9g ellen\u00e1ll\u00f3 bels\u0151 keresletet mutatott, mik\u00f6zben a j\u00faliusi fogyaszt\u00e1si \u00e9s augusztusi bizalmi adatok m\u00e1r lassul\u00e1sra figyelmeztetnek. Eur\u00f3p\u00e1ban ezzel p\u00e1rhuzamosan javulnak a n\u00e9met ipari kil\u00e1t\u00e1sok, mik\u00f6zben az energia\u00e1rak tov\u00e1bbra is komoly infl\u00e1ci\u00f3s kock\u00e1zatot jelentenek. A t\u0151kepiacokon ez\u00e9rt egyre kev\u00e9sb\u00e9 egyetlen nagy makronarrat\u00edva, sokkal ink\u00e1bb a r\u00e9gi\u00f3k \u00e9s eszk\u00f6zoszt\u00e1lyok k\u00f6z\u00f6tti szelekci\u00f3 hat\u00e1rozhatja meg a k\u00f6vetkez\u0151 heteket.<\/p>\n<p style=\"font-weight: 400;\"><strong>USA: a Fed kiv\u00e1rhat, mik\u00f6zben reped\u00e9sek jelennek meg a n\u00f6veked\u00e9si k\u00e9pen<\/strong><\/p>\n<p style=\"font-weight: 400;\">Az amerikai GDP a m\u00e1sodik negyed\u00e9vben \u00e9ves\u00edtve 1,5 sz\u00e1zal\u00e9kkal n\u0151tt, ami els\u0151 l\u00e1t\u00e1sra jelent\u0151s lassul\u00e1s, a r\u00e9szletek azonban kedvez\u0151bbek. A fogyaszt\u00e1s 3,4 sz\u00e1zal\u00e9kkal b\u0151v\u00fclt \u00e9s 2,31 sz\u00e1zal\u00e9kponttal j\u00e1rult hozz\u00e1 a GDP-hez, a nem lak\u00f3ingatlan-jelleg\u0171 v\u00e1llalati beruh\u00e1z\u00e1sok 8,5, ezen bel\u00fcl a g\u00e9p- \u00e9s berendez\u00e9sberuh\u00e1z\u00e1sok 13,6 sz\u00e1zal\u00e9kkal emelkedtek. A mag\u00e1nszektor belf\u00f6ldi v\u00e9gs\u0151 \u00e9rt\u00e9kes\u00edt\u00e9se 4,2 sz\u00e1zal\u00e9kkal n\u0151tt, mik\u00f6zben a GDP-t els\u0151sorban a nett\u00f3 export 1,14 sz\u00e1zal\u00e9kpontos negat\u00edv hozz\u00e1j\u00e1rul\u00e1sa h\u00fazta vissza. A probl\u00e9ma ink\u00e1bb el\u0151retekintve jelentkezik. J\u00faliusban a re\u00e1lfogyaszt\u00e1s stagn\u00e1lt, a tart\u00f3s fogyaszt\u00e1si cikkek kereslete 1,4 sz\u00e1zal\u00e9kkal cs\u00f6kkent. A szem\u00e9lyes j\u00f6vedelmek ugyanakkor 0,4 sz\u00e1zal\u00e9kkal emelkedtek, a megtakar\u00edt\u00e1si r\u00e1ta pedig 2,6-r\u00f3l 3 sz\u00e1zal\u00e9kra javult. Az infl\u00e1ci\u00f3 sem t\u0171nt el: a mag-PCE havi 0,2, \u00e9ves alapon 3,3 sz\u00e1zal\u00e9kkal n\u0151tt, a teljes PCE pedig 3,7 sz\u00e1zal\u00e9kon maradt. A Conference Board fogyaszt\u00f3i bizalmi indexe 89,4 pontra cs\u00f6kkent, mik\u00f6zben az egy\u00e9ves infl\u00e1ci\u00f3s v\u00e1rakoz\u00e1s 5,6-r\u00f3l 5,8 sz\u00e1zal\u00e9kra emelkedett. Enn\u00e9l is figyelmeztet\u0151bb a Chicago PMI 57,6-r\u00f3l 47,1 pontra t\u00f6rt\u00e9n\u0151 zuhan\u00e1sa. Egyetlen region\u00e1lis indik\u00e1tor m\u00e9g nem jelez recesszi\u00f3t, de a stagn\u00e1l\u00f3 re\u00e1lfogyaszt\u00e1ssal egy\u00fctt azt mutatja, hogy Q3 elej\u00e9n m\u00e1r lassul a lend\u00fclet. A Fed sz\u00e1m\u00e1ra ez kellemetlen kombin\u00e1ci\u00f3: gyeng\u00e9bb n\u00f6veked\u00e9s, de m\u00e9g mindig t\u00fal magas infl\u00e1ci\u00f3. Emiatt az \u00e9v h\u00e1tral\u00e9v\u0151 r\u00e9sz\u00e9ben a kiv\u00e1r\u00e1s maradhat a legk\u00e9zenfekv\u0151bb strat\u00e9gia.<\/p>\n<p style=\"font-weight: 400;\"><strong>Eur\u00f3pa: N\u00e9metorsz\u00e1g v\u00e9gre pozit\u00edv meglepet\u00e9st hozhat<\/strong><\/p>\n<p style=\"font-weight: 400;\">N\u00e9metorsz\u00e1gban az Ifo \u00fczleti hangulatindex 86,6-r\u00f3l 88,8 pontra emelkedett, j\u00f3val meghaladva a 87,2 pontos v\u00e1rakoz\u00e1st. K\u00fcl\u00f6n\u00f6sen fontos, hogy a feldolgoz\u00f3iparban volt a leger\u0151sebb javul\u00e1s. A m\u00e1sodik negyed\u00e9ves GDP-n\u00f6veked\u00e9st 0,2-r\u0151l 0,3 sz\u00e1zal\u00e9kra m\u00f3dos\u00edtott\u00e1k, az export pedig negyed\u00e9ves alapon 2 sz\u00e1zal\u00e9kkal b\u0151v\u00fclt. A piac jelenleg Q3-ra 0,2, Q4-re 0,3 sz\u00e1zal\u00e9kos n\u00f6veked\u00e9st v\u00e1r. A n\u00e9met t\u00f6rt\u00e9net ez\u00e9rt lassan elmozdulhat a struktur\u00e1lis stagn\u00e1l\u00e1st\u00f3l a fisk\u00e1lis stimulus \u00e1ltal t\u00e1mogatott ipari kil\u00e1bal\u00e1s fel\u00e9. Ez az eur\u00f3pai r\u00e9szv\u00e9nyeknek is fontos, k\u00fcl\u00f6n\u00f6sen az ipari, infrastruktur\u00e1lis \u00e9s beruh\u00e1z\u00e1si ciklushoz k\u00f6t\u0151d\u0151 v\u00e1llalatoknak. A kock\u00e1zat az energia! Az eur\u00f3pai g\u00e1zt\u00e1rol\u00f3k t\u00f6lt\u00f6tts\u00e9ge mind\u00f6ssze 63 sz\u00e1zal\u00e9k k\u00f6r\u00fcl alakult az \u00f6t\u00e9ves \u00e1tlag 81 sz\u00e1zal\u00e9k\u00e1val szemben, \u00edgy egy hideg t\u00e9l ism\u00e9t infl\u00e1ci\u00f3s probl\u00e9m\u00e1t okozhat.<\/p>\n<p style=\"font-weight: 400;\"><strong>K\u00edna \u00e9s \u00c1zsia: tov\u00e1bbra is a szelekci\u00f3 a kulcs<\/strong><\/p>\n<p style=\"font-weight: 400;\">K\u00edna n\u00f6veked\u00e9si probl\u00e9m\u00e1i nem t\u0171ntek el. A k\u00fclf\u00f6ldi k\u00f6zvetlen beruh\u00e1z\u00e1sok janu\u00e1r \u00e9s j\u00falius k\u00f6z\u00f6tt 9,1 sz\u00e1zal\u00e9kkal cs\u00f6kkentek, a China Vanke Co., K\u00edna egyik legnagyobb ingatlanfejleszt\u0151j\u00e9nek \u00e9rt\u00e9kes\u00edt\u00e9se k\u00f6zel 49 sz\u00e1zal\u00e9kkal zuhant, mik\u00f6zben Peking 500 milli\u00e1rd j\u00fcanos likvidit\u00e1si t\u00f6bblettel t\u00e1mogatja a gazdas\u00e1got. A technol\u00f3giai szektorban az AI tov\u00e1bbra is hosszabb t\u00e1v\u00fa befektet\u00e9si lehet\u0151s\u00e9g, de az Alibaba agressz\u00edv finansz\u00edroz\u00e1si ig\u00e9nye megmutatta, hogy a k\u00ednai AI-sztori sem kock\u00e1zatmentes. A k\u00f6vetkez\u0151 h\u00e9t k\u00ednai PMI-adatai ez\u00e9rt fontos tesztet jelentenek: a hivatalos feldolgoz\u00f3ipari indexn\u00e9l 49,5 pontot v\u00e1r a piac.<\/p>\n<p style=\"font-weight: 400;\">Jap\u00e1nban k\u00f6zben egyre re\u00e1lisabb a monet\u00e1ris szigor\u00edt\u00e1s folytat\u00e1sa. Ez a jen er\u0151s\u00f6d\u00e9se mellett a jap\u00e1n bankr\u00e9szv\u00e9nyeknek kedvezhet, mik\u00f6zben a glob\u00e1lis k\u00f6tv\u00e9nypiac sz\u00e1m\u00e1ra \u00fajabb hozamemelked\u00e9si kock\u00e1zatot jelenthet.<\/p>\n<p style=\"font-weight: 400;\"><strong>Forint \u00e9s magyar \u00e1llampap\u00edrpiac: \u00f3vatos MNB, megmarad\u00f3 kamatel\u0151ny<\/strong><\/p>\n<p style=\"font-weight: 400;\">Az MNB 25 b\u00e1zisponttal 5,50 sz\u00e1zal\u00e9kra cs\u00f6kkentette az alapkamatot, de a nagyobb v\u00e1g\u00e1s elmarad\u00e1sa fontos jelz\u00e9s. A jegybank l\u00e1that\u00f3an nem akarja t\u00fal gyorsan feladni a forint kamatel\u0151ny\u00e9t az energiapiaci \u00e9s geopolitikai bizonytalans\u00e1g mellett. A forintot t\u00e1mogatja a rekordnagys\u00e1g\u00fa, 64,3 milli\u00e1rd eur\u00f3s devizatartal\u00e9k, mik\u00f6zben a GDP 7,5 sz\u00e1zal\u00e9k\u00e1ra v\u00e1rt k\u00f6lts\u00e9gvet\u00e9si hi\u00e1ny tov\u00e1bbra is komoly fundament\u00e1lis kock\u00e1zat. Az \u00e1llampap\u00edrpiacon az augusztusi aukci\u00f3n az eredetileg tervezett mennyis\u00e9g k\u00e9tszeres\u00e9t siker\u00fclt \u00e9rt\u00e9kes\u00edteni, ami er\u0151s keresletet jelez. Forintbefektet\u0151k\u00e9nt ez\u00e9rt a hazai k\u00f6tv\u00e9nypiac tov\u00e1bbra is \u00e9rdekes hozamforr\u00e1s lehet, de a hosszabb duration eset\u00e9ben a fisk\u00e1lis kock\u00e1zat miatt indokolt a szelektivit\u00e1s.<\/p>\n<p style=\"font-weight: 400;\"><strong>Magyar r\u00e9szv\u00e9nyek: er\u0151s fundamentumok, elt\u00e9r\u0151 v\u00e1llalati kock\u00e1zatok<\/strong><\/p>\n<p style=\"font-weight: 400;\">Az OTP alaptev\u00e9kenys\u00e9ge tov\u00e1bbra is er\u0151s, a nett\u00f3 kamatbev\u00e9tel n\u00f6vekedett, a Morgan Stanley pedig eg\u00e9szs\u00e9gesnek \u00e9s j\u00f3l pozicion\u00e1ltnak l\u00e1tja a bankot. A MOL m\u00e1sodik negyed\u00e9ves tiszt\u00edtott EBITDA-ja mintegy 38 sz\u00e1zal\u00e9kkal verte a konszenzust, els\u0151sorban az er\u0151s finom\u00edt\u00f3i marzsoknak k\u00f6sz\u00f6nhet\u0151en. A Richter k\u00e9tsz\u00e1mjegy\u0171 gy\u00f3gyszeripari profitn\u00f6veked\u00e9st v\u00e1r, mik\u00f6zben a Vraylar, a n\u0151gy\u00f3gy\u00e1szati \u00fczlet\u00e1g \u00e9s a tirzepatid-alap\u00fa k\u00e9sz\u00edtm\u00e9nyek fel\u00e9 t\u00f6rt\u00e9n\u0151 nyit\u00e1s t\u00e1mogatja a hosszabb t\u00e1v\u00fa n\u00f6veked\u00e9si sztorit. A Magyar Telekomn\u00e1l tov\u00e1bbra sincs elad\u00e1si elemz\u0151i aj\u00e1nl\u00e1s. A 4iG ezzel szemben m\u00e1s kock\u00e1zati kateg\u00f3ria. Az \u00e1llami k\u00f6lt\u00e9sek \u00e9s a v\u00e1llalat \u00e1llammal fenn\u00e1ll\u00f3 kapcsolat\u00e1nak vizsg\u00e1lata miatt a r\u00e9szv\u00e9ny egy h\u00e9t alatt t\u00f6bb mint 15 sz\u00e1zal\u00e9kot vesz\u00edtett. Itt a fundamentumok mellett tov\u00e1bbra is jelent\u0151s politikai \u00e9s szab\u00e1lyoz\u00e1si diszkonttal kell sz\u00e1molni.<\/p>\n<p style=\"font-weight: 400;\"><strong>\u00c1rupiacok: Hormuz helyett egyre ink\u00e1bb a k\u00edn\u00e1lat ker\u00fcl el\u0151t\u00e9rbe<\/strong><\/p>\n<p style=\"font-weight: 400;\">Az olajpiacon fontos narrat\u00edvav\u00e1lt\u00e1s zajlik. Az amerikai-ir\u00e1ni konfliktus m\u00e1r hat h\u00f3napja tart, a Hormuzi-szoros forgalma tov\u00e1bbra is t\u00f6rt\u00e9nelmi m\u00e9lys\u00e9gben van, az \u00e1rak m\u00e9gis estek. A piac figyelme egyre ink\u00e1bb Venezuela esetleges visszat\u00e9r\u00e9s\u00e9re \u00e9s a napi 13,843 milli\u00f3 hord\u00f3 k\u00f6r\u00fcli amerikai kitermel\u00e9sre ir\u00e1nyul. Washington venezuelai olajmez\u0151kh\u00f6z biztos\u00edthat hozz\u00e1f\u00e9r\u00e9st amerikai v\u00e1llalatoknak, mik\u00f6zben egy esetleges ir\u00e1ni diplom\u00e1ciai enyh\u00fcl\u00e9s tov\u00e1bb cs\u00f6kkentheti a geopolitikai pr\u00e9miumot.<\/p>\n<p style=\"font-weight: 400;\">Az aranyat ezzel szemben az amerikai fisk\u00e1lis bizonytalans\u00e1g \u00e9s az int\u00e9zm\u00e9nyi ETF-be\u00e1raml\u00e1s t\u00e1mogatja, m\u00edg a r\u00e9z rekordk\u00f6zeli \u00e1rszintje m\u00f6g\u00f6tt a sz\u0171k k\u00edn\u00e1lat \u00e9s az elektrifik\u00e1ci\u00f3s beruh\u00e1z\u00e1sok \u00e1llnak. Eur\u00f3p\u00e1ban a f\u00f6ldg\u00e1z marad a legfontosabb infl\u00e1ci\u00f3s nyersanyagkock\u00e1zat.<\/p>\n<p style=\"font-weight: 400;\"><strong>Mire figyel\u00fcnk a h\u00e9ten?<\/strong><\/p>\n<p style=\"font-weight: 400;\">A k\u00f6vetkez\u0151 napokban az amerikai munkaer\u0151piac ker\u00fcl k\u00f6z\u00e9ppontba, a konszenzus mind\u00f6ssze 55 ezer \u00faj munkahelyet v\u00e1r augusztusra a kor\u00e1bbi 23 ezres cs\u00f6kken\u00e9s ut\u00e1n, 4,1 sz\u00e1zal\u00e9kos munkan\u00e9lk\u00fclis\u00e9ggel. Emellett az amerikai ISM feldolgoz\u00f3ipari indexn\u00e9l 55,2, a szolg\u00e1ltat\u00f3i mutat\u00f3n\u00e1l 54,1 pont a v\u00e1rakoz\u00e1s. Eur\u00f3p\u00e1ban az infl\u00e1ci\u00f3 lesz kulcsfontoss\u00e1g\u00fa: az eur\u00f3z\u00f3n\u00e1ban 3,3, N\u00e9metorsz\u00e1gban 3 sz\u00e1zal\u00e9kos \u00e9ves CPI-t v\u00e1r a piac. A jelenlegi k\u00f6rnyezetben a portf\u00f3li\u00f3\u00e9p\u00edt\u00e9s kulcsa egyre ink\u00e1bb a diverzifik\u00e1ci\u00f3 \u00e9s a megfelel\u0151 r\u00e9gi\u00f3s, deviza- \u00e9s eszk\u00f6zallok\u00e1ci\u00f3. Az SPB Befektet\u00e9si Zrt. szak\u00e9rt\u0151i szem\u00e9lyre szabott portf\u00f3li\u00f3javaslatokkal seg\u00edtenek abban, hogy \u00fcgyfeleink a gyorsan v\u00e1ltoz\u00f3 kamat-, deviza- \u00e9s r\u00e9szv\u00e9nypiaci k\u00f6rnyezetben is megtal\u00e1lj\u00e1k a kock\u00e1zati profiljukhoz illeszked\u0151 befektet\u00e9si lehet\u0151s\u00e9geket.<\/p>\n","protected":false},"excerpt":{"rendered":"<p>Az elm\u00falt h\u00e9t makroadatai egyre \u00f6sszetettebb k\u00e9pet rajzolnak a vil\u00e1ggazdas\u00e1gr\u00f3l. Az Egyes\u00fclt \u00c1llamokban a m\u00e1sodik negyed\u00e9ves GDP m\u00e9g ellen\u00e1ll\u00f3 bels\u0151 keresletet mutatott, mik\u00f6zben a j\u00faliusi fogyaszt\u00e1si \u00e9s augusztusi bizalmi adatok m\u00e1r lassul\u00e1sra figyelmeztetnek. Eur\u00f3p\u00e1ban ezzel p\u00e1rhuzamosan javulnak a n\u00e9met ipari kil\u00e1t\u00e1sok, mik\u00f6zben az energia\u00e1rak tov\u00e1bbra is komoly infl\u00e1ci\u00f3s kock\u00e1zatot jelentenek. A t\u0151kepiacokon ez\u00e9rt egyre kev\u00e9sb\u00e9&#8230;<\/p>\n","protected":false},"author":9,"featured_media":3584,"comment_status":"closed","ping_status":"open","sticky":false,"template":"","format":"standard","meta":{"footnotes":""},"categories":[35],"tags":[],"class_list":["post-3583","post","type-post","status-publish","format-standard","has-post-thumbnail","hentry","category-elemzes"],"yoast_head":"<!-- This site is optimized with the Yoast SEO plugin v28.3 - https:\/\/yoast.com\/product\/yoast-seo-wordpress\/ -->\n<title>Heti Befektet\u0151i Kitekint\u0151: az amerikai gazdas\u00e1g lassul, de m\u00e9g nem t\u00f6rik, Eur\u00f3p\u00e1ban pedig \u00e9bredezik az ipar - SPB Blog<\/title>\n<meta name=\"description\" content=\"Az elm\u00falt h\u00e9t makroadatai egyre \u00f6sszetettebb k\u00e9pet rajzolnak a vil\u00e1ggazdas\u00e1gr\u00f3l. Az Egyes\u00fclt \u00c1llamokban a m\u00e1sodik negyed\u00e9ves GDP m\u00e9g ellen\u00e1ll\u00f3 bels\u0151 keresletet mutatott, mik\u00f6zben a j\u00faliusi fogyaszt\u00e1si \u00e9s augusztusi bizalmi adatok m\u00e1r lassul\u00e1sra figyelmeztetnek. Eur\u00f3p\u00e1ban ezzel p\u00e1rhuzamosan javulnak a n\u00e9met ipari kil\u00e1t\u00e1sok, mik\u00f6zben az energia\u00e1rak tov\u00e1bbra is komoly infl\u00e1ci\u00f3s kock\u00e1zatot jelentenek. A t\u0151kepiacokon ez\u00e9rt egyre kev\u00e9sb\u00e9 egyetlen nagy makronarrat\u00edva, sokkal ink\u00e1bb a r\u00e9gi\u00f3k \u00e9s eszk\u00f6zoszt\u00e1lyok k\u00f6z\u00f6tti szelekci\u00f3 hat\u00e1rozhatja meg a k\u00f6vetkez\u0151 heteket.\" \/>\n<meta name=\"robots\" content=\"index, follow, max-snippet:-1, max-image-preview:large, max-video-preview:-1\" \/>\n<link rel=\"canonical\" href=\"https:\/\/blog.spbinvest.hu\/?p=3583\" \/>\n<meta property=\"og:locale\" content=\"hu_HU\" \/>\n<meta property=\"og:type\" content=\"article\" \/>\n<meta property=\"og:title\" content=\"Heti Befektet\u0151i Kitekint\u0151: az amerikai gazdas\u00e1g lassul, de m\u00e9g nem t\u00f6rik, Eur\u00f3p\u00e1ban pedig \u00e9bredezik az ipar\" \/>\n<meta property=\"og:description\" content=\"Az elm\u00falt h\u00e9t makroadatai egyre \u00f6sszetettebb k\u00e9pet rajzolnak a vil\u00e1ggazdas\u00e1gr\u00f3l. Az Egyes\u00fclt \u00c1llamokban a m\u00e1sodik negyed\u00e9ves GDP m\u00e9g ellen\u00e1ll\u00f3 bels\u0151 keresletet mutatott, mik\u00f6zben a j\u00faliusi fogyaszt\u00e1si \u00e9s augusztusi bizalmi adatok m\u00e1r lassul\u00e1sra figyelmeztetnek. Eur\u00f3p\u00e1ban ezzel p\u00e1rhuzamosan javulnak a n\u00e9met ipari kil\u00e1t\u00e1sok, mik\u00f6zben az energia\u00e1rak tov\u00e1bbra is komoly infl\u00e1ci\u00f3s kock\u00e1zatot jelentenek. A t\u0151kepiacokon ez\u00e9rt egyre kev\u00e9sb\u00e9 egyetlen nagy makronarrat\u00edva, sokkal ink\u00e1bb a r\u00e9gi\u00f3k \u00e9s eszk\u00f6zoszt\u00e1lyok k\u00f6z\u00f6tti szelekci\u00f3 hat\u00e1rozhatja meg a k\u00f6vetkez\u0151 heteket.\" \/>\n<meta property=\"og:url\" content=\"https:\/\/blog.spbinvest.hu\/?p=3583\" \/>\n<meta property=\"og:site_name\" content=\"SPB Blog\" \/>\n<meta property=\"article:published_time\" content=\"2026-08-31T16:18:27+00:00\" \/>\n<meta property=\"og:image\" content=\"https:\/\/blog.spbinvest.hu\/wp-content\/uploads\/2026\/08\/spb-2.jpg\" \/>\n\t<meta property=\"og:image:width\" content=\"3872\" \/>\n\t<meta property=\"og:image:height\" content=\"1982\" \/>\n\t<meta property=\"og:image:type\" content=\"image\/jpeg\" \/>\n<meta name=\"author\" content=\"SPB\" \/>\n<meta name=\"twitter:card\" content=\"summary_large_image\" \/>\n<meta name=\"twitter:label1\" content=\"Szerz\u0151:\" \/>\n\t<meta name=\"twitter:data1\" content=\"SPB\" \/>\n\t<meta name=\"twitter:label2\" content=\"Becs\u00fclt olvas\u00e1si id\u0151\" \/>\n\t<meta name=\"twitter:data2\" content=\"6 perc\" \/>\n<script type=\"application\/ld+json\" class=\"yoast-schema-graph\">{\"@context\":\"https:\\\/\\\/schema.org\",\"@graph\":[{\"@type\":\"Article\",\"@id\":\"https:\\\/\\\/blog.spbinvest.hu\\\/?p=3583#article\",\"isPartOf\":{\"@id\":\"https:\\\/\\\/blog.spbinvest.hu\\\/?p=3583\"},\"author\":{\"name\":\"SPB\",\"@id\":\"https:\\\/\\\/blog.spbinvest.hu\\\/#\\\/schema\\\/person\\\/b166eda3ffad3d4dd3c801d0fd4d0d79\"},\"headline\":\"Heti Befektet\u0151i Kitekint\u0151: az amerikai gazdas\u00e1g lassul, de m\u00e9g nem t\u00f6rik, Eur\u00f3p\u00e1ban pedig \u00e9bredezik az ipar\",\"datePublished\":\"2026-08-31T16:18:27+00:00\",\"mainEntityOfPage\":{\"@id\":\"https:\\\/\\\/blog.spbinvest.hu\\\/?p=3583\"},\"wordCount\":1516,\"image\":{\"@id\":\"https:\\\/\\\/blog.spbinvest.hu\\\/?p=3583#primaryimage\"},\"thumbnailUrl\":\"https:\\\/\\\/blog.spbinvest.hu\\\/wp-content\\\/uploads\\\/2026\\\/08\\\/spb-2.jpg\",\"articleSection\":[\"Elemz\u00e9s\"],\"inLanguage\":\"hu\"},{\"@type\":\"WebPage\",\"@id\":\"https:\\\/\\\/blog.spbinvest.hu\\\/?p=3583\",\"url\":\"https:\\\/\\\/blog.spbinvest.hu\\\/?p=3583\",\"name\":\"Heti Befektet\u0151i Kitekint\u0151: az amerikai gazdas\u00e1g lassul, de m\u00e9g nem t\u00f6rik, Eur\u00f3p\u00e1ban pedig \u00e9bredezik az ipar - SPB Blog\",\"isPartOf\":{\"@id\":\"https:\\\/\\\/blog.spbinvest.hu\\\/#website\"},\"primaryImageOfPage\":{\"@id\":\"https:\\\/\\\/blog.spbinvest.hu\\\/?p=3583#primaryimage\"},\"image\":{\"@id\":\"https:\\\/\\\/blog.spbinvest.hu\\\/?p=3583#primaryimage\"},\"thumbnailUrl\":\"https:\\\/\\\/blog.spbinvest.hu\\\/wp-content\\\/uploads\\\/2026\\\/08\\\/spb-2.jpg\",\"datePublished\":\"2026-08-31T16:18:27+00:00\",\"author\":{\"@id\":\"https:\\\/\\\/blog.spbinvest.hu\\\/#\\\/schema\\\/person\\\/b166eda3ffad3d4dd3c801d0fd4d0d79\"},\"description\":\"Az elm\u00falt h\u00e9t makroadatai egyre \u00f6sszetettebb k\u00e9pet rajzolnak a vil\u00e1ggazdas\u00e1gr\u00f3l. Az Egyes\u00fclt \u00c1llamokban a m\u00e1sodik negyed\u00e9ves GDP m\u00e9g ellen\u00e1ll\u00f3 bels\u0151 keresletet mutatott, mik\u00f6zben a j\u00faliusi fogyaszt\u00e1si \u00e9s augusztusi bizalmi adatok m\u00e1r lassul\u00e1sra figyelmeztetnek. Eur\u00f3p\u00e1ban ezzel p\u00e1rhuzamosan javulnak a n\u00e9met ipari kil\u00e1t\u00e1sok, mik\u00f6zben az energia\u00e1rak tov\u00e1bbra is komoly infl\u00e1ci\u00f3s kock\u00e1zatot jelentenek. A t\u0151kepiacokon ez\u00e9rt egyre kev\u00e9sb\u00e9 egyetlen nagy makronarrat\u00edva, sokkal ink\u00e1bb a r\u00e9gi\u00f3k \u00e9s eszk\u00f6zoszt\u00e1lyok k\u00f6z\u00f6tti szelekci\u00f3 hat\u00e1rozhatja meg a k\u00f6vetkez\u0151 heteket.\",\"breadcrumb\":{\"@id\":\"https:\\\/\\\/blog.spbinvest.hu\\\/?p=3583#breadcrumb\"},\"inLanguage\":\"hu\",\"potentialAction\":[{\"@type\":\"ReadAction\",\"target\":[\"https:\\\/\\\/blog.spbinvest.hu\\\/?p=3583\"]}]},{\"@type\":\"ImageObject\",\"inLanguage\":\"hu\",\"@id\":\"https:\\\/\\\/blog.spbinvest.hu\\\/?p=3583#primaryimage\",\"url\":\"https:\\\/\\\/blog.spbinvest.hu\\\/wp-content\\\/uploads\\\/2026\\\/08\\\/spb-2.jpg\",\"contentUrl\":\"https:\\\/\\\/blog.spbinvest.hu\\\/wp-content\\\/uploads\\\/2026\\\/08\\\/spb-2.jpg\",\"width\":3872,\"height\":1982},{\"@type\":\"BreadcrumbList\",\"@id\":\"https:\\\/\\\/blog.spbinvest.hu\\\/?p=3583#breadcrumb\",\"itemListElement\":[{\"@type\":\"ListItem\",\"position\":1,\"name\":\"Kezd\u0151lap\",\"item\":\"https:\\\/\\\/blog.spbinvest.hu\\\/\"},{\"@type\":\"ListItem\",\"position\":2,\"name\":\"Heti Befektet\u0151i Kitekint\u0151: az amerikai gazdas\u00e1g lassul, de m\u00e9g nem t\u00f6rik, Eur\u00f3p\u00e1ban pedig \u00e9bredezik az ipar\"}]},{\"@type\":\"WebSite\",\"@id\":\"https:\\\/\\\/blog.spbinvest.hu\\\/#website\",\"url\":\"https:\\\/\\\/blog.spbinvest.hu\\\/\",\"name\":\"SPB Blog\",\"description\":\"\",\"potentialAction\":[{\"@type\":\"SearchAction\",\"target\":{\"@type\":\"EntryPoint\",\"urlTemplate\":\"https:\\\/\\\/blog.spbinvest.hu\\\/?s={search_term_string}\"},\"query-input\":{\"@type\":\"PropertyValueSpecification\",\"valueRequired\":true,\"valueName\":\"search_term_string\"}}],\"inLanguage\":\"hu\"},{\"@type\":\"Person\",\"@id\":\"https:\\\/\\\/blog.spbinvest.hu\\\/#\\\/schema\\\/person\\\/b166eda3ffad3d4dd3c801d0fd4d0d79\",\"name\":\"SPB\",\"image\":{\"@type\":\"ImageObject\",\"inLanguage\":\"hu\",\"@id\":\"https:\\\/\\\/secure.gravatar.com\\\/avatar\\\/6526511ca8b829906085e68901fd82d0b9252e36d012044c7a816c28372edec5?s=96&d=mm&r=g\",\"url\":\"https:\\\/\\\/secure.gravatar.com\\\/avatar\\\/6526511ca8b829906085e68901fd82d0b9252e36d012044c7a816c28372edec5?s=96&d=mm&r=g\",\"contentUrl\":\"https:\\\/\\\/secure.gravatar.com\\\/avatar\\\/6526511ca8b829906085e68901fd82d0b9252e36d012044c7a816c28372edec5?s=96&d=mm&r=g\",\"caption\":\"SPB\"},\"url\":\"https:\\\/\\\/blog.spbinvest.hu\\\/?author=9\"}]}<\/script>\n<!-- \/ Yoast SEO plugin. -->","yoast_head_json":{"title":"Heti Befektet\u0151i Kitekint\u0151: az amerikai gazdas\u00e1g lassul, de m\u00e9g nem t\u00f6rik, Eur\u00f3p\u00e1ban pedig \u00e9bredezik az ipar - SPB Blog","description":"Az elm\u00falt h\u00e9t makroadatai egyre \u00f6sszetettebb k\u00e9pet rajzolnak a vil\u00e1ggazdas\u00e1gr\u00f3l. Az Egyes\u00fclt \u00c1llamokban a m\u00e1sodik negyed\u00e9ves GDP m\u00e9g ellen\u00e1ll\u00f3 bels\u0151 keresletet mutatott, mik\u00f6zben a j\u00faliusi fogyaszt\u00e1si \u00e9s augusztusi bizalmi adatok m\u00e1r lassul\u00e1sra figyelmeztetnek. Eur\u00f3p\u00e1ban ezzel p\u00e1rhuzamosan javulnak a n\u00e9met ipari kil\u00e1t\u00e1sok, mik\u00f6zben az energia\u00e1rak tov\u00e1bbra is komoly infl\u00e1ci\u00f3s kock\u00e1zatot jelentenek. A t\u0151kepiacokon ez\u00e9rt egyre kev\u00e9sb\u00e9 egyetlen nagy makronarrat\u00edva, sokkal ink\u00e1bb a r\u00e9gi\u00f3k \u00e9s eszk\u00f6zoszt\u00e1lyok k\u00f6z\u00f6tti szelekci\u00f3 hat\u00e1rozhatja meg a k\u00f6vetkez\u0151 heteket.","robots":{"index":"index","follow":"follow","max-snippet":"max-snippet:-1","max-image-preview":"max-image-preview:large","max-video-preview":"max-video-preview:-1"},"canonical":"https:\/\/blog.spbinvest.hu\/?p=3583","og_locale":"hu_HU","og_type":"article","og_title":"Heti Befektet\u0151i Kitekint\u0151: az amerikai gazdas\u00e1g lassul, de m\u00e9g nem t\u00f6rik, Eur\u00f3p\u00e1ban pedig \u00e9bredezik az ipar","og_description":"Az elm\u00falt h\u00e9t makroadatai egyre \u00f6sszetettebb k\u00e9pet rajzolnak a vil\u00e1ggazdas\u00e1gr\u00f3l. Az Egyes\u00fclt \u00c1llamokban a m\u00e1sodik negyed\u00e9ves GDP m\u00e9g ellen\u00e1ll\u00f3 bels\u0151 keresletet mutatott, mik\u00f6zben a j\u00faliusi fogyaszt\u00e1si \u00e9s augusztusi bizalmi adatok m\u00e1r lassul\u00e1sra figyelmeztetnek. Eur\u00f3p\u00e1ban ezzel p\u00e1rhuzamosan javulnak a n\u00e9met ipari kil\u00e1t\u00e1sok, mik\u00f6zben az energia\u00e1rak tov\u00e1bbra is komoly infl\u00e1ci\u00f3s kock\u00e1zatot jelentenek. A t\u0151kepiacokon ez\u00e9rt egyre kev\u00e9sb\u00e9 egyetlen nagy makronarrat\u00edva, sokkal ink\u00e1bb a r\u00e9gi\u00f3k \u00e9s eszk\u00f6zoszt\u00e1lyok k\u00f6z\u00f6tti szelekci\u00f3 hat\u00e1rozhatja meg a k\u00f6vetkez\u0151 heteket.","og_url":"https:\/\/blog.spbinvest.hu\/?p=3583","og_site_name":"SPB Blog","article_published_time":"2026-08-31T16:18:27+00:00","og_image":[{"width":3872,"height":1982,"url":"https:\/\/blog.spbinvest.hu\/wp-content\/uploads\/2026\/08\/spb-2.jpg","type":"image\/jpeg"}],"author":"SPB","twitter_card":"summary_large_image","twitter_misc":{"Szerz\u0151:":"SPB","Becs\u00fclt olvas\u00e1si id\u0151":"6 perc"},"schema":{"@context":"https:\/\/schema.org","@graph":[{"@type":"Article","@id":"https:\/\/blog.spbinvest.hu\/?p=3583#article","isPartOf":{"@id":"https:\/\/blog.spbinvest.hu\/?p=3583"},"author":{"name":"SPB","@id":"https:\/\/blog.spbinvest.hu\/#\/schema\/person\/b166eda3ffad3d4dd3c801d0fd4d0d79"},"headline":"Heti Befektet\u0151i Kitekint\u0151: az amerikai gazdas\u00e1g lassul, de m\u00e9g nem t\u00f6rik, Eur\u00f3p\u00e1ban pedig \u00e9bredezik az ipar","datePublished":"2026-08-31T16:18:27+00:00","mainEntityOfPage":{"@id":"https:\/\/blog.spbinvest.hu\/?p=3583"},"wordCount":1516,"image":{"@id":"https:\/\/blog.spbinvest.hu\/?p=3583#primaryimage"},"thumbnailUrl":"https:\/\/blog.spbinvest.hu\/wp-content\/uploads\/2026\/08\/spb-2.jpg","articleSection":["Elemz\u00e9s"],"inLanguage":"hu"},{"@type":"WebPage","@id":"https:\/\/blog.spbinvest.hu\/?p=3583","url":"https:\/\/blog.spbinvest.hu\/?p=3583","name":"Heti Befektet\u0151i Kitekint\u0151: az amerikai gazdas\u00e1g lassul, de m\u00e9g nem t\u00f6rik, Eur\u00f3p\u00e1ban pedig \u00e9bredezik az ipar - SPB Blog","isPartOf":{"@id":"https:\/\/blog.spbinvest.hu\/#website"},"primaryImageOfPage":{"@id":"https:\/\/blog.spbinvest.hu\/?p=3583#primaryimage"},"image":{"@id":"https:\/\/blog.spbinvest.hu\/?p=3583#primaryimage"},"thumbnailUrl":"https:\/\/blog.spbinvest.hu\/wp-content\/uploads\/2026\/08\/spb-2.jpg","datePublished":"2026-08-31T16:18:27+00:00","author":{"@id":"https:\/\/blog.spbinvest.hu\/#\/schema\/person\/b166eda3ffad3d4dd3c801d0fd4d0d79"},"description":"Az elm\u00falt h\u00e9t makroadatai egyre \u00f6sszetettebb k\u00e9pet rajzolnak a vil\u00e1ggazdas\u00e1gr\u00f3l. Az Egyes\u00fclt \u00c1llamokban a m\u00e1sodik negyed\u00e9ves GDP m\u00e9g ellen\u00e1ll\u00f3 bels\u0151 keresletet mutatott, mik\u00f6zben a j\u00faliusi fogyaszt\u00e1si \u00e9s augusztusi bizalmi adatok m\u00e1r lassul\u00e1sra figyelmeztetnek. Eur\u00f3p\u00e1ban ezzel p\u00e1rhuzamosan javulnak a n\u00e9met ipari kil\u00e1t\u00e1sok, mik\u00f6zben az energia\u00e1rak tov\u00e1bbra is komoly infl\u00e1ci\u00f3s kock\u00e1zatot jelentenek. A t\u0151kepiacokon ez\u00e9rt egyre kev\u00e9sb\u00e9 egyetlen nagy makronarrat\u00edva, sokkal ink\u00e1bb a r\u00e9gi\u00f3k \u00e9s eszk\u00f6zoszt\u00e1lyok k\u00f6z\u00f6tti szelekci\u00f3 hat\u00e1rozhatja meg a k\u00f6vetkez\u0151 heteket.","breadcrumb":{"@id":"https:\/\/blog.spbinvest.hu\/?p=3583#breadcrumb"},"inLanguage":"hu","potentialAction":[{"@type":"ReadAction","target":["https:\/\/blog.spbinvest.hu\/?p=3583"]}]},{"@type":"ImageObject","inLanguage":"hu","@id":"https:\/\/blog.spbinvest.hu\/?p=3583#primaryimage","url":"https:\/\/blog.spbinvest.hu\/wp-content\/uploads\/2026\/08\/spb-2.jpg","contentUrl":"https:\/\/blog.spbinvest.hu\/wp-content\/uploads\/2026\/08\/spb-2.jpg","width":3872,"height":1982},{"@type":"BreadcrumbList","@id":"https:\/\/blog.spbinvest.hu\/?p=3583#breadcrumb","itemListElement":[{"@type":"ListItem","position":1,"name":"Kezd\u0151lap","item":"https:\/\/blog.spbinvest.hu\/"},{"@type":"ListItem","position":2,"name":"Heti Befektet\u0151i Kitekint\u0151: az amerikai gazdas\u00e1g lassul, de m\u00e9g nem t\u00f6rik, Eur\u00f3p\u00e1ban pedig \u00e9bredezik az ipar"}]},{"@type":"WebSite","@id":"https:\/\/blog.spbinvest.hu\/#website","url":"https:\/\/blog.spbinvest.hu\/","name":"SPB Blog","description":"","potentialAction":[{"@type":"SearchAction","target":{"@type":"EntryPoint","urlTemplate":"https:\/\/blog.spbinvest.hu\/?s={search_term_string}"},"query-input":{"@type":"PropertyValueSpecification","valueRequired":true,"valueName":"search_term_string"}}],"inLanguage":"hu"},{"@type":"Person","@id":"https:\/\/blog.spbinvest.hu\/#\/schema\/person\/b166eda3ffad3d4dd3c801d0fd4d0d79","name":"SPB","image":{"@type":"ImageObject","inLanguage":"hu","@id":"https:\/\/secure.gravatar.com\/avatar\/6526511ca8b829906085e68901fd82d0b9252e36d012044c7a816c28372edec5?s=96&d=mm&r=g","url":"https:\/\/secure.gravatar.com\/avatar\/6526511ca8b829906085e68901fd82d0b9252e36d012044c7a816c28372edec5?s=96&d=mm&r=g","contentUrl":"https:\/\/secure.gravatar.com\/avatar\/6526511ca8b829906085e68901fd82d0b9252e36d012044c7a816c28372edec5?s=96&d=mm&r=g","caption":"SPB"},"url":"https:\/\/blog.spbinvest.hu\/?author=9"}]}},"_links":{"self":[{"href":"https:\/\/blog.spbinvest.hu\/index.php?rest_route=\/wp\/v2\/posts\/3583","targetHints":{"allow":["GET"]}}],"collection":[{"href":"https:\/\/blog.spbinvest.hu\/index.php?rest_route=\/wp\/v2\/posts"}],"about":[{"href":"https:\/\/blog.spbinvest.hu\/index.php?rest_route=\/wp\/v2\/types\/post"}],"author":[{"embeddable":true,"href":"https:\/\/blog.spbinvest.hu\/index.php?rest_route=\/wp\/v2\/users\/9"}],"replies":[{"embeddable":true,"href":"https:\/\/blog.spbinvest.hu\/index.php?rest_route=%2Fwp%2Fv2%2Fcomments&post=3583"}],"version-history":[{"count":1,"href":"https:\/\/blog.spbinvest.hu\/index.php?rest_route=\/wp\/v2\/posts\/3583\/revisions"}],"predecessor-version":[{"id":3585,"href":"https:\/\/blog.spbinvest.hu\/index.php?rest_route=\/wp\/v2\/posts\/3583\/revisions\/3585"}],"wp:featuredmedia":[{"embeddable":true,"href":"https:\/\/blog.spbinvest.hu\/index.php?rest_route=\/wp\/v2\/media\/3584"}],"wp:attachment":[{"href":"https:\/\/blog.spbinvest.hu\/index.php?rest_route=%2Fwp%2Fv2%2Fmedia&parent=3583"}],"wp:term":[{"taxonomy":"category","embeddable":true,"href":"https:\/\/blog.spbinvest.hu\/index.php?rest_route=%2Fwp%2Fv2%2Fcategories&post=3583"},{"taxonomy":"post_tag","embeddable":true,"href":"https:\/\/blog.spbinvest.hu\/index.php?rest_route=%2Fwp%2Fv2%2Ftags&post=3583"}],"curies":[{"name":"wp","href":"https:\/\/api.w.org\/{rel}","templated":true}]}}