{"id":3314,"date":"2026-01-13T19:06:28","date_gmt":"2026-01-13T19:06:28","guid":{"rendered":"https:\/\/blog.spbinvest.hu\/?p=3314"},"modified":"2026-01-13T19:06:28","modified_gmt":"2026-01-13T19:06:28","slug":"forduloponton-a-globalis-gazdasag","status":"publish","type":"post","link":"https:\/\/blog.spbinvest.hu\/?p=3314","title":{"rendered":"Fordul\u00f3ponton a glob\u00e1lis gazdas\u00e1g?"},"content":{"rendered":"<p><strong>Az USA ipari teljes\u00edtm\u00e9ny\u00e9nek h\u00faz\u00f3erej\u00e9t tov\u00e1bbra is a szolg\u00e1ltat\u00f3 szektor, ezen bel\u00fcl els\u0151sorban a mesters\u00e9ges intelligenci\u00e1hoz k\u00f6thet\u0151 szolg\u00e1ltat\u00e1sok jelentik. A tart\u00f3s fogyaszt\u00e1si cikkek megrendel\u00e9s\u00e1llom\u00e1nya ezzel szemben jelent\u0151s visszaes\u00e9st mutat, \u00f6sszess\u00e9g\u00e9ben azonban ink\u00e1bb pozit\u00edvak a kil\u00e1t\u00e1sok ezen a ter\u00fcleten is. A munkaer\u0151piac kezdi elvesz\u00edteni kor\u00e1bbi t\u00falf\u0171t\u00f6tt jelleg\u00e9t, ugyanakkor visszafogott munkaer\u0151felv\u00e9tel jellemzi. M\u00e9rs\u00e9kelten javult a fogyaszt\u00f3i optimizmus, amely jelent\u0151s m\u00e9rt\u00e9kben a kedvez\u0151 benzin\u00e1raknak, illetve a v\u00e1mokkal kapcsolatos aggodalmak enyh\u00fcl\u00e9s\u00e9nek k\u00f6sz\u00f6nhet\u0151. Az infl\u00e1ci\u00f3s v\u00e1rakoz\u00e1sok azonban tov\u00e1bbra is ink\u00e1bb pesszimista hangulatot t\u00fckr\u00f6znek. Az USA k\u00fclkereskedelmi egyenleg\u00e9nek hi\u00e1nya historikusan alacsony szint k\u00f6zel\u00e9be m\u00e9rs\u00e9kl\u0151d\u00f6tt, ami r\u00e9szben az importdinamika lassul\u00e1s\u00e1val \u00e9s a kereskedelempolitikai int\u00e9zked\u00e9sek hat\u00e1s\u00e1val magyar\u00e1zhat\u00f3. N\u00e9metorsz\u00e1gban valamelyest n\u00f6vekedett a gy\u00e1ripari megrendel\u00e9sek szintje, \u00f6sszess\u00e9g\u00e9ben azonban nem k\u00e9pes felvenni a versenyt K\u00edn\u00e1val szemben. A jelent\u0151s visszaes\u00e9s miatt komoly elbocs\u00e1t\u00e1si hull\u00e1m indulhat meg az \u00e9rintett ter\u00fcleteken. A gyenge gazdas\u00e1gi teljes\u00edtm\u00e9ny a dezinfl\u00e1ci\u00f3s folyamatoknak kedvez. Enyhe n\u00f6veked\u00e9st mutat a k\u00ednai CPI, azonban em\u00f6g\u00f6tt els\u0151sorban k\u00edn\u00e1lati sokkok \u00e1llnak, m\u00edg a m\u00f6g\u00f6ttes keresleti \u00e9s termel\u00e9si folyamatok tov\u00e1bbra is gyeng\u00e9k. Rom\u00e1nia jelenleg magas befektet\u00e9si kock\u00e1zat\u00fa ter\u00fcletnek sz\u00e1m\u00edt a gazdas\u00e1got \u00e9rint\u0151 struktur\u00e1lis probl\u00e9m\u00e1k miatt. Az olajpiacot els\u0151sorban a geopolitikai esem\u00e9nyek hat\u00e1rozz\u00e1k meg, amely nagyfok\u00fa bizonytalans\u00e1got eredm\u00e9nyez.<\/strong><\/p>\n<p><strong>USA<\/strong><\/p>\n<p>A feldolgoz\u00f3ipar tov\u00e1bbra is neh\u00e9zs\u00e9gekkel k\u00fczd, a szolg\u00e1ltat\u00f3ipar teljes\u00edtm\u00e9nye azonban minden v\u00e1rakoz\u00e1st fel\u00fclm\u00fal\u00f3an \u00edvel felfel\u00e9. A munkaer\u0151piaci tendenci\u00e1k, illetve az \u00faj megrendel\u00e9s\u00e1llom\u00e1ny is kedvez\u0151en alakul ezen a ter\u00fcleten. Export tekintet\u00e9ben sz\u00e9pen n\u00f6vekednek a szolg\u00e1ltat\u00f3ipari ki\u00e1raml\u00e1sok. Egy\u00e9rtelm\u0171en a szolg\u00e1ltat\u00f3ipar, ezen bel\u00fcl is a mesters\u00e9ges intelligenci\u00e1hoz k\u00f6thet\u0151 szolg\u00e1ltat\u00e1sok jelentik a gazdas\u00e1g f\u0151 h\u00faz\u00f3erej\u00e9t. Fontos azonban megeml\u00edteni, hogy am\u00edg a gy\u00e1ripari termel\u00e9s nem k\u00e9pes \u00f6ssze\u00e1llni, addig ez az er\u0151s teljes\u00edtm\u00e9ny rendk\u00edv\u00fcl s\u00e9r\u00fcl\u00e9keny. A tart\u00f3s fogyaszt\u00e1si cikkek megrendel\u00e9s\u00e1llom\u00e1ny\u00e1nak visszaes\u00e9se legnagyobb m\u00e9rt\u00e9kben a rep\u00fcl\u0151g\u00e9pgy\u00e1rt\u00e1s ter\u00fclet\u00e9n volt tapasztalhat\u00f3, amely t\u00f6bb mint 20%-os cs\u00f6kken\u00e9st mutat. M\u00e1s ter\u00fcleteken nem ennyire kedvez\u0151tlenek a kil\u00e1t\u00e1sok, a gy\u00e1ri rendel\u00e9sek \u00e9ves alapon m\u00e9g mindig pozit\u00edvak, az ingadoz\u00e1s azonban er\u0151s.<\/p>\n<p>A r\u00f6vid t\u00e1v\u00fa munkaer\u0151piaci adatok nem utalnak komoly probl\u00e9m\u00e1ra, nem besz\u00e9lhet\u00fcnk jelent\u0151s elbocs\u00e1t\u00e1si hull\u00e1mr\u00f3l. Az \u00e9rt\u00e9kek sz\u00e9pen cs\u00f6kkennek, a volatilit\u00e1s azonban rendk\u00edv\u00fcl nagy. Ezzel szemben a hossz\u00fa t\u00e1von munkan\u00e9lk\u00fcli seg\u00e9lyt ig\u00e9nybe vev\u0151k sz\u00e1ma tov\u00e1bbra sem cs\u00f6kken sz\u00e1mottev\u0151 m\u00e9rt\u00e9kben. Mindez azt mutatja, hogy a v\u00e1llalatok ragaszkodnak a m\u00e1r megl\u00e9v\u0151 munkav\u00e1llal\u00f3ikhoz, az \u00faj munkahelyekhez val\u00f3 hozz\u00e1f\u00e9r\u00e9s t\u00f6bb szektorban \u00e9rezhet\u0151en nehezebb\u00e9 v\u00e1lt, k\u00fcl\u00f6n\u00f6sen az ipari \u00e9s alacsonyabb hozz\u00e1adott \u00e9rt\u00e9k\u0171 ter\u00fcleteken. A 2025-ben bejelentett munkaer\u0151le\u00e9p\u00edt\u00e9sek egy \u00e9rz\u00e9kelhet\u0151 r\u00e9sze k\u00f6thet\u0151 automatiz\u00e1ci\u00f3s \u00e9s mesters\u00e9ges intelligenci\u00e1val \u00f6sszef\u00fcgg\u0151 hat\u00e9konys\u00e1gjav\u00edt\u00f3 programokhoz, ami m\u00e1r r\u00f6vid t\u00e1von is \u00e9rdemi munkaer\u0151piaci alkalmazkod\u00e1st jelez. Ez arra utal, hogy a technol\u00f3gia m\u00e1r jelenleg is hat\u00e1ssal van a munkaer\u0151piaci folyamatokra, \u00e9s konkr\u00e9t negat\u00edv \u00e9rz\u00e9seket v\u00e1lthat ki az amerikai munkav\u00e1llal\u00f3k sz\u00e9lesebb k\u00f6r\u00e9ben.<\/p>\n<p>A nonfarm payroll adatok tekintet\u00e9ben megnyugv\u00f3, fesz\u00fclts\u00e9gmentesebb id\u0151szak volt a m\u00falt h\u00e9t, ami bizalmat adhatott a doll\u00e1r fel\u00e9 a kamatv\u00e1rakoz\u00e1sok szempontj\u00e1b\u00f3l. A munkaer\u0151piac f\u0151 h\u00faz\u00f3erej\u00e9t a szabadid\u0151, a vend\u00e9gl\u00e1t\u00e1s, illetve az eg\u00e9szs\u00e9g\u00fcgyi szolg\u00e1ltat\u00e1sok jelentik, az \u00e9p\u00edt\u0151iparban \u00e9s a feldolgoz\u00f3iparban viszont cs\u00f6kken az akt\u00edv munkav\u00e1llal\u00f3k l\u00e9tsz\u00e1ma. Ebben a szegmensben jelenleg nincs meg a megfelel\u0151 felvev\u0151k\u00e9pess\u00e9g, illetve m\u00f6g\u00f6ttes megrendel\u00e9s\u00e1llom\u00e1ny.<\/p>\n<p>A fogyaszt\u00f3i hangulat m\u00e9rs\u00e9kelten javult, ami a jelenlegi gazdas\u00e1gi helyzet kiss\u00e9 kedvez\u0151bb meg\u00edt\u00e9l\u00e9s\u00e9t t\u00fckr\u00f6zi, m\u00e9g akkor is, ha a magas \u00e1rak \u00e9s a gyeng\u00e9lked\u0151 munkaer\u0151piac tov\u00e1bbra is nyom\u00e1st gyakorolnak a h\u00e1ztart\u00e1sokra. A v\u00e1mokkal kapcsolatos fogyaszt\u00f3i aggodalmak fokozatosan enyh\u00fclnek, \u00e9s az alacsonyabb benzin\u00e1rak fontos pszichol\u00f3giai l\u00f6k\u00e9st adhatnak a hangulatnak a k\u00f6vetkez\u0151 id\u0151szakban. A jelenlegi gazdas\u00e1gi k\u00f6r\u00fclm\u00e9nyek meg\u00edt\u00e9l\u00e9se l\u00e1tv\u00e1nyosabban javult, mint a j\u00f6v\u0151re vonatkoz\u00f3 v\u00e1rakoz\u00e1sok. Az infl\u00e1ci\u00f3 szint\u00e9n meghat\u00e1roz\u00f3 aggodalom maradt: a v\u00e1laszad\u00f3k mintegy 45%-a \u00fagy nyilatkozott, hogy a magas \u00e1rak rontj\u00e1k az \u00e9letsz\u00ednvonal\u00e1t. Az infl\u00e1ci\u00f3ra vonatkoz\u00f3 egy\u00e9ves v\u00e1rakoz\u00e1s 4,2%, az 5-10 \u00e9ves adat tekintet\u00e9ben 3,2-3,4% k\u00f6r\u00fcli \u00e9rt\u00e9kre sz\u00e1m\u00edtanak a fogyaszt\u00f3k. A legkomolyabb \u00e1rdinamika az alapvet\u0151 \u00e9lelmiszereket \u00e9rinti, amellyel sz\u00e9les r\u00e9tegek tal\u00e1lkoznak nap mint nap.<\/p>\n<p>Az USA k\u00fclkereskedelmi egyenleg\u00e9nek hi\u00e1nya historikusan alacsony szint k\u00f6zel\u00e9be m\u00e9rs\u00e9kl\u0151d\u00f6tt, ami r\u00e9szben az importdinamika lassul\u00e1s\u00e1val \u00e9s a kereskedelempolitikai int\u00e9zked\u00e9sek hat\u00e1s\u00e1val magyar\u00e1zhat\u00f3.<\/p>\n<p><strong>N\u00e9metorsz\u00e1g<\/strong><\/p>\n<p>A n\u00e9met gy\u00e1ripari megrendel\u00e9sek \u00e1llom\u00e1nya kedvez\u0151bb k\u00e9pet mutat az el\u0151z\u0151 h\u00f3naphoz k\u00e9pest, de \u00f6sszess\u00e9g\u00e9ben szinte \u00e9rtelmezhetetlen\u00fcl alacsony szinteken mozog. A megrendel\u00e9sek jelent\u0151s r\u00e9sz\u00e9t rep\u00fcl\u0151g\u00e9pekre, haj\u00f3kra, vonatokra, illetve katonai j\u00e1rm\u0171vekre vonatkoz\u00f3 korm\u00e1nyzati beruh\u00e1z\u00e1sok teszik ki. Emellett az elektromos g\u00e9pipari megrendel\u00e9sek, valamint az optikai term\u00e9kek kaptak komoly megrendel\u00e9s\u00e1llom\u00e1nyt. \u00d6sszess\u00e9g\u00e9ben 0,2%-kal tudott b\u0151v\u00fclni a n\u00e9met GDP, ami kedvez\u0151tlen adat ahhoz k\u00e9pest, hogy N\u00e9metorsz\u00e1g kor\u00e1bban exportorient\u00e1lt ipari nagyhatalomnak sz\u00e1m\u00edtott. A jelenlegi helyzetben azonban nem k\u00e9pes versenyben maradni K\u00edn\u00e1val szemben. Az USA \u00e1ltal kiszabott v\u00e1mok tov\u00e1bb nehez\u00edtik a n\u00e9met gazdas\u00e1g helyzet\u00e9t. A fenti folyamatoknak komoly foglalkoztat\u00e1si k\u00f6vetkezm\u00e9nyei lehetnek a k\u00f6zelj\u00f6v\u0151ben. Az ipar\u00e1gi becsl\u00e9sek alapj\u00e1n az elektromobilit\u00e1si \u00e1t\u00e1ll\u00e1s \u00e9s a k\u00f6lts\u00e9gnyom\u00e1s k\u00f6vetkezt\u00e9ben az \u00e9vtized v\u00e9g\u00e9ig jelent\u0151s, ak\u00e1r t\u00f6bb t\u00edzezres nagys\u00e1grend\u0171 munkahelycs\u00f6kken\u00e9s sem z\u00e1rhat\u00f3 ki a n\u00e9met aut\u00f3iparban.<\/p>\n<p>A n\u00e9met CPI adat nem okozott meglepet\u00e9st, a kedvez\u0151 utaz\u00e1si csomagok 1,8%-ra tolt\u00e1k le az \u00e9rt\u00e9k\u00e9t. A gazdas\u00e1g gyenge teljes\u00edtm\u00e9nye a dezinfl\u00e1ci\u00f3s folyamatoknak kedvez. Az EKB feltehet\u0151en nem helyez kil\u00e1t\u00e1sba kamatemel\u00e9st.<\/p>\n<p><strong>K\u00edna<\/strong><\/p>\n<p>A CPI adat enyhe fel\u00edvel\u0151 szakaszt mutat, amely m\u00f6g\u00f6tt nem \u00e1ll val\u00f3s gazdas\u00e1gi teljes\u00edtm\u00e9ny. Els\u0151sorban annak k\u00f6sz\u00f6nhet\u0151, hogy az extr\u00e9m id\u0151j\u00e1r\u00e1si k\u00f6r\u00fclm\u00e9nyek miatt 18%-kal n\u00f6vekedett a z\u00f6lds\u00e9gek \u00e1ra. A kock\u00e1zat megsz\u0171n\u00e9s\u00e9r\u0151l teh\u00e1t nem besz\u00e9lhet\u00fcnk, a PPI tov\u00e1bbra is cs\u00f6kken\u0151 tendenci\u00e1t mutat. Az ingatlanpiaci visszaes\u00e9s nem lassul, a bels\u0151 fogyaszt\u00e1s gyenge. K\u00edna jelenleg komoly t\u00faltermel\u00e9si \u00e1llapotban van, a k\u00f6zponti vezet\u00e9s azonban rendeletekkel szab\u00e1lyozza a nagyv\u00e1llalatok \u00e1rpolitik\u00e1j\u00e1t, megakad\u00e1lyozva ezzel az \u00e1rcs\u00f6kkent\u00e9sen kereszt\u00fcli piacszerz\u00e9st. Az \u00e9v sor\u00e1n v\u00e1rhat\u00f3an marad a defl\u00e1ci\u00f3s kock\u00e1zat, 2% alatti infl\u00e1ci\u00f3s adatokkal.<\/p>\n<p><strong>Rom\u00e1nia<\/strong><\/p>\n<p>A bels\u0151 fogyaszt\u00e1s rendk\u00edv\u00fcl alacsony, els\u0151sorban Eur\u00f3pai Uni\u00f3s t\u00e1mogat\u00e1ssal megval\u00f3sul\u00f3 \u00e1llami beruh\u00e1z\u00e1sok seg\u00edtik a GDP n\u00f6veked\u00e9st, amely befektet\u00e9si szempontb\u00f3l rendk\u00edv\u00fcl magas kock\u00e1zati k\u00f6rnyezetet teremt.<\/p>\n<p><strong>Olajpiac<\/strong><\/p>\n<p>Az olajpiac alakul\u00e1sa jelenleg rendk\u00edv\u00fcl bizonytalan, \u00e9s els\u0151sorban a geopolitikai folyamatok hat\u00e1rozz\u00e1k meg a kereslet-k\u00edn\u00e1lati viszonyokkal szemben.<\/p>\n","protected":false},"excerpt":{"rendered":"<p>Az USA ipari teljes\u00edtm\u00e9ny\u00e9nek h\u00faz\u00f3erej\u00e9t tov\u00e1bbra is a szolg\u00e1ltat\u00f3 szektor, ezen bel\u00fcl els\u0151sorban a mesters\u00e9ges intelligenci\u00e1hoz k\u00f6thet\u0151 szolg\u00e1ltat\u00e1sok jelentik. A tart\u00f3s fogyaszt\u00e1si cikkek megrendel\u00e9s\u00e1llom\u00e1nya ezzel szemben jelent\u0151s visszaes\u00e9st mutat, \u00f6sszess\u00e9g\u00e9ben azonban ink\u00e1bb pozit\u00edvak a kil\u00e1t\u00e1sok ezen a ter\u00fcleten is. A munkaer\u0151piac kezdi elvesz\u00edteni kor\u00e1bbi t\u00falf\u0171t\u00f6tt jelleg\u00e9t, ugyanakkor visszafogott munkaer\u0151felv\u00e9tel jellemzi. M\u00e9rs\u00e9kelten javult a fogyaszt\u00f3i optimizmus,&#8230;<\/p>\n","protected":false},"author":1,"featured_media":3315,"comment_status":"closed","ping_status":"open","sticky":false,"template":"","format":"standard","meta":{"footnotes":""},"categories":[35],"tags":[],"class_list":["post-3314","post","type-post","status-publish","format-standard","has-post-thumbnail","hentry","category-elemzes"],"yoast_head":"<!-- This site is optimized with the Yoast SEO plugin v27.4 - https:\/\/yoast.com\/product\/yoast-seo-wordpress\/ -->\n<title>Fordul\u00f3ponton a glob\u00e1lis gazdas\u00e1g? - SPB Blog<\/title>\n<meta name=\"description\" content=\"Az USA ipari teljes\u00edtm\u00e9ny\u00e9nek h\u00faz\u00f3erej\u00e9t tov\u00e1bbra is a szolg\u00e1ltat\u00f3 szektor, ezen bel\u00fcl els\u0151sorban a mesters\u00e9ges intelligenci\u00e1hoz k\u00f6thet\u0151 szolg\u00e1ltat\u00e1sok jelentik. A tart\u00f3s fogyaszt\u00e1si cikkek megrendel\u00e9s\u00e1llom\u00e1nya ezzel szemben jelent\u0151s visszaes\u00e9st mutat, \u00f6sszess\u00e9g\u00e9ben azonban ink\u00e1bb pozit\u00edvak a kil\u00e1t\u00e1sok ezen a ter\u00fcleten is. A munkaer\u0151piac kezdi elvesz\u00edteni kor\u00e1bbi t\u00falf\u0171t\u00f6tt jelleg\u00e9t, ugyanakkor visszafogott munkaer\u0151felv\u00e9tel jellemzi.\" \/>\n<meta name=\"robots\" content=\"index, follow, max-snippet:-1, max-image-preview:large, max-video-preview:-1\" \/>\n<link rel=\"canonical\" href=\"https:\/\/blog.spbinvest.hu\/?p=3314\" \/>\n<meta property=\"og:locale\" content=\"hu_HU\" \/>\n<meta property=\"og:type\" content=\"article\" \/>\n<meta property=\"og:title\" content=\"Fordul\u00f3ponton a glob\u00e1lis gazdas\u00e1g?\" \/>\n<meta property=\"og:description\" content=\"Az USA ipari teljes\u00edtm\u00e9ny\u00e9nek h\u00faz\u00f3erej\u00e9t tov\u00e1bbra is a szolg\u00e1ltat\u00f3 szektor, ezen bel\u00fcl els\u0151sorban a mesters\u00e9ges intelligenci\u00e1hoz k\u00f6thet\u0151 szolg\u00e1ltat\u00e1sok jelentik. A tart\u00f3s fogyaszt\u00e1si cikkek megrendel\u00e9s\u00e1llom\u00e1nya ezzel szemben jelent\u0151s visszaes\u00e9st mutat, \u00f6sszess\u00e9g\u00e9ben azonban ink\u00e1bb pozit\u00edvak a kil\u00e1t\u00e1sok ezen a ter\u00fcleten is. A munkaer\u0151piac kezdi elvesz\u00edteni kor\u00e1bbi t\u00falf\u0171t\u00f6tt jelleg\u00e9t, ugyanakkor visszafogott munkaer\u0151felv\u00e9tel jellemzi.\" \/>\n<meta property=\"og:url\" content=\"https:\/\/blog.spbinvest.hu\/?p=3314\" \/>\n<meta property=\"og:site_name\" content=\"SPB Blog\" \/>\n<meta property=\"article:published_time\" content=\"2026-01-13T19:06:28+00:00\" \/>\n<meta property=\"og:image\" content=\"https:\/\/blog.spbinvest.hu\/wp-content\/uploads\/2026\/01\/SPB.jpg\" \/>\n\t<meta property=\"og:image:width\" content=\"1000\" \/>\n\t<meta property=\"og:image:height\" content=\"667\" \/>\n\t<meta property=\"og:image:type\" content=\"image\/jpeg\" \/>\n<meta name=\"author\" content=\"SPB\" \/>\n<meta name=\"twitter:card\" content=\"summary_large_image\" \/>\n<meta name=\"twitter:label1\" content=\"Szerz\u0151:\" \/>\n\t<meta name=\"twitter:data1\" content=\"SPB\" \/>\n\t<meta name=\"twitter:label2\" content=\"Becs\u00fclt olvas\u00e1si id\u0151\" \/>\n\t<meta name=\"twitter:data2\" content=\"5 perc\" \/>\n<script type=\"application\/ld+json\" class=\"yoast-schema-graph\">{\"@context\":\"https:\\\/\\\/schema.org\",\"@graph\":[{\"@type\":\"Article\",\"@id\":\"https:\\\/\\\/blog.spbinvest.hu\\\/?p=3314#article\",\"isPartOf\":{\"@id\":\"https:\\\/\\\/blog.spbinvest.hu\\\/?p=3314\"},\"author\":{\"name\":\"SPB\",\"@id\":\"https:\\\/\\\/blog.spbinvest.hu\\\/#\\\/schema\\\/person\\\/d5af847b20d61bf27bae3db50d6247f7\"},\"headline\":\"Fordul\u00f3ponton a glob\u00e1lis gazdas\u00e1g?\",\"datePublished\":\"2026-01-13T19:06:28+00:00\",\"mainEntityOfPage\":{\"@id\":\"https:\\\/\\\/blog.spbinvest.hu\\\/?p=3314\"},\"wordCount\":1479,\"image\":{\"@id\":\"https:\\\/\\\/blog.spbinvest.hu\\\/?p=3314#primaryimage\"},\"thumbnailUrl\":\"https:\\\/\\\/blog.spbinvest.hu\\\/wp-content\\\/uploads\\\/2026\\\/01\\\/SPB.jpg\",\"articleSection\":[\"Elemz\u00e9s\"],\"inLanguage\":\"hu\"},{\"@type\":\"WebPage\",\"@id\":\"https:\\\/\\\/blog.spbinvest.hu\\\/?p=3314\",\"url\":\"https:\\\/\\\/blog.spbinvest.hu\\\/?p=3314\",\"name\":\"Fordul\u00f3ponton a glob\u00e1lis gazdas\u00e1g? - SPB Blog\",\"isPartOf\":{\"@id\":\"https:\\\/\\\/blog.spbinvest.hu\\\/#website\"},\"primaryImageOfPage\":{\"@id\":\"https:\\\/\\\/blog.spbinvest.hu\\\/?p=3314#primaryimage\"},\"image\":{\"@id\":\"https:\\\/\\\/blog.spbinvest.hu\\\/?p=3314#primaryimage\"},\"thumbnailUrl\":\"https:\\\/\\\/blog.spbinvest.hu\\\/wp-content\\\/uploads\\\/2026\\\/01\\\/SPB.jpg\",\"datePublished\":\"2026-01-13T19:06:28+00:00\",\"author\":{\"@id\":\"https:\\\/\\\/blog.spbinvest.hu\\\/#\\\/schema\\\/person\\\/d5af847b20d61bf27bae3db50d6247f7\"},\"description\":\"Az USA ipari teljes\u00edtm\u00e9ny\u00e9nek h\u00faz\u00f3erej\u00e9t tov\u00e1bbra is a szolg\u00e1ltat\u00f3 szektor, ezen bel\u00fcl els\u0151sorban a mesters\u00e9ges intelligenci\u00e1hoz k\u00f6thet\u0151 szolg\u00e1ltat\u00e1sok jelentik. A tart\u00f3s fogyaszt\u00e1si cikkek megrendel\u00e9s\u00e1llom\u00e1nya ezzel szemben jelent\u0151s visszaes\u00e9st mutat, \u00f6sszess\u00e9g\u00e9ben azonban ink\u00e1bb pozit\u00edvak a kil\u00e1t\u00e1sok ezen a ter\u00fcleten is. A munkaer\u0151piac kezdi elvesz\u00edteni kor\u00e1bbi t\u00falf\u0171t\u00f6tt jelleg\u00e9t, ugyanakkor visszafogott munkaer\u0151felv\u00e9tel jellemzi.\",\"breadcrumb\":{\"@id\":\"https:\\\/\\\/blog.spbinvest.hu\\\/?p=3314#breadcrumb\"},\"inLanguage\":\"hu\",\"potentialAction\":[{\"@type\":\"ReadAction\",\"target\":[\"https:\\\/\\\/blog.spbinvest.hu\\\/?p=3314\"]}]},{\"@type\":\"ImageObject\",\"inLanguage\":\"hu\",\"@id\":\"https:\\\/\\\/blog.spbinvest.hu\\\/?p=3314#primaryimage\",\"url\":\"https:\\\/\\\/blog.spbinvest.hu\\\/wp-content\\\/uploads\\\/2026\\\/01\\\/SPB.jpg\",\"contentUrl\":\"https:\\\/\\\/blog.spbinvest.hu\\\/wp-content\\\/uploads\\\/2026\\\/01\\\/SPB.jpg\",\"width\":1000,\"height\":667},{\"@type\":\"BreadcrumbList\",\"@id\":\"https:\\\/\\\/blog.spbinvest.hu\\\/?p=3314#breadcrumb\",\"itemListElement\":[{\"@type\":\"ListItem\",\"position\":1,\"name\":\"Kezd\u0151lap\",\"item\":\"https:\\\/\\\/blog.spbinvest.hu\\\/\"},{\"@type\":\"ListItem\",\"position\":2,\"name\":\"Fordul\u00f3ponton a glob\u00e1lis gazdas\u00e1g?\"}]},{\"@type\":\"WebSite\",\"@id\":\"https:\\\/\\\/blog.spbinvest.hu\\\/#website\",\"url\":\"https:\\\/\\\/blog.spbinvest.hu\\\/\",\"name\":\"SPB Blog\",\"description\":\"\",\"potentialAction\":[{\"@type\":\"SearchAction\",\"target\":{\"@type\":\"EntryPoint\",\"urlTemplate\":\"https:\\\/\\\/blog.spbinvest.hu\\\/?s={search_term_string}\"},\"query-input\":{\"@type\":\"PropertyValueSpecification\",\"valueRequired\":true,\"valueName\":\"search_term_string\"}}],\"inLanguage\":\"hu\"},{\"@type\":\"Person\",\"@id\":\"https:\\\/\\\/blog.spbinvest.hu\\\/#\\\/schema\\\/person\\\/d5af847b20d61bf27bae3db50d6247f7\",\"name\":\"SPB\",\"image\":{\"@type\":\"ImageObject\",\"inLanguage\":\"hu\",\"@id\":\"https:\\\/\\\/secure.gravatar.com\\\/avatar\\\/e4bde87cb0016e1f94b62d02932290f9440405440ef9e5f3917ee5cec0b41662?s=96&d=mm&r=g\",\"url\":\"https:\\\/\\\/secure.gravatar.com\\\/avatar\\\/e4bde87cb0016e1f94b62d02932290f9440405440ef9e5f3917ee5cec0b41662?s=96&d=mm&r=g\",\"contentUrl\":\"https:\\\/\\\/secure.gravatar.com\\\/avatar\\\/e4bde87cb0016e1f94b62d02932290f9440405440ef9e5f3917ee5cec0b41662?s=96&d=mm&r=g\",\"caption\":\"SPB\"},\"sameAs\":[\"https:\\\/\\\/blog.spbinvest.hu\"],\"url\":\"https:\\\/\\\/blog.spbinvest.hu\\\/?author=1\"}]}<\/script>\n<!-- \/ Yoast SEO plugin. -->","yoast_head_json":{"title":"Fordul\u00f3ponton a glob\u00e1lis gazdas\u00e1g? - SPB Blog","description":"Az USA ipari teljes\u00edtm\u00e9ny\u00e9nek h\u00faz\u00f3erej\u00e9t tov\u00e1bbra is a szolg\u00e1ltat\u00f3 szektor, ezen bel\u00fcl els\u0151sorban a mesters\u00e9ges intelligenci\u00e1hoz k\u00f6thet\u0151 szolg\u00e1ltat\u00e1sok jelentik. A tart\u00f3s fogyaszt\u00e1si cikkek megrendel\u00e9s\u00e1llom\u00e1nya ezzel szemben jelent\u0151s visszaes\u00e9st mutat, \u00f6sszess\u00e9g\u00e9ben azonban ink\u00e1bb pozit\u00edvak a kil\u00e1t\u00e1sok ezen a ter\u00fcleten is. A munkaer\u0151piac kezdi elvesz\u00edteni kor\u00e1bbi t\u00falf\u0171t\u00f6tt jelleg\u00e9t, ugyanakkor visszafogott munkaer\u0151felv\u00e9tel jellemzi.","robots":{"index":"index","follow":"follow","max-snippet":"max-snippet:-1","max-image-preview":"max-image-preview:large","max-video-preview":"max-video-preview:-1"},"canonical":"https:\/\/blog.spbinvest.hu\/?p=3314","og_locale":"hu_HU","og_type":"article","og_title":"Fordul\u00f3ponton a glob\u00e1lis gazdas\u00e1g?","og_description":"Az USA ipari teljes\u00edtm\u00e9ny\u00e9nek h\u00faz\u00f3erej\u00e9t tov\u00e1bbra is a szolg\u00e1ltat\u00f3 szektor, ezen bel\u00fcl els\u0151sorban a mesters\u00e9ges intelligenci\u00e1hoz k\u00f6thet\u0151 szolg\u00e1ltat\u00e1sok jelentik. A tart\u00f3s fogyaszt\u00e1si cikkek megrendel\u00e9s\u00e1llom\u00e1nya ezzel szemben jelent\u0151s visszaes\u00e9st mutat, \u00f6sszess\u00e9g\u00e9ben azonban ink\u00e1bb pozit\u00edvak a kil\u00e1t\u00e1sok ezen a ter\u00fcleten is. A munkaer\u0151piac kezdi elvesz\u00edteni kor\u00e1bbi t\u00falf\u0171t\u00f6tt jelleg\u00e9t, ugyanakkor visszafogott munkaer\u0151felv\u00e9tel jellemzi.","og_url":"https:\/\/blog.spbinvest.hu\/?p=3314","og_site_name":"SPB Blog","article_published_time":"2026-01-13T19:06:28+00:00","og_image":[{"width":1000,"height":667,"url":"https:\/\/blog.spbinvest.hu\/wp-content\/uploads\/2026\/01\/SPB.jpg","type":"image\/jpeg"}],"author":"SPB","twitter_card":"summary_large_image","twitter_misc":{"Szerz\u0151:":"SPB","Becs\u00fclt olvas\u00e1si id\u0151":"5 perc"},"schema":{"@context":"https:\/\/schema.org","@graph":[{"@type":"Article","@id":"https:\/\/blog.spbinvest.hu\/?p=3314#article","isPartOf":{"@id":"https:\/\/blog.spbinvest.hu\/?p=3314"},"author":{"name":"SPB","@id":"https:\/\/blog.spbinvest.hu\/#\/schema\/person\/d5af847b20d61bf27bae3db50d6247f7"},"headline":"Fordul\u00f3ponton a glob\u00e1lis gazdas\u00e1g?","datePublished":"2026-01-13T19:06:28+00:00","mainEntityOfPage":{"@id":"https:\/\/blog.spbinvest.hu\/?p=3314"},"wordCount":1479,"image":{"@id":"https:\/\/blog.spbinvest.hu\/?p=3314#primaryimage"},"thumbnailUrl":"https:\/\/blog.spbinvest.hu\/wp-content\/uploads\/2026\/01\/SPB.jpg","articleSection":["Elemz\u00e9s"],"inLanguage":"hu"},{"@type":"WebPage","@id":"https:\/\/blog.spbinvest.hu\/?p=3314","url":"https:\/\/blog.spbinvest.hu\/?p=3314","name":"Fordul\u00f3ponton a glob\u00e1lis gazdas\u00e1g? - SPB Blog","isPartOf":{"@id":"https:\/\/blog.spbinvest.hu\/#website"},"primaryImageOfPage":{"@id":"https:\/\/blog.spbinvest.hu\/?p=3314#primaryimage"},"image":{"@id":"https:\/\/blog.spbinvest.hu\/?p=3314#primaryimage"},"thumbnailUrl":"https:\/\/blog.spbinvest.hu\/wp-content\/uploads\/2026\/01\/SPB.jpg","datePublished":"2026-01-13T19:06:28+00:00","author":{"@id":"https:\/\/blog.spbinvest.hu\/#\/schema\/person\/d5af847b20d61bf27bae3db50d6247f7"},"description":"Az USA ipari teljes\u00edtm\u00e9ny\u00e9nek h\u00faz\u00f3erej\u00e9t tov\u00e1bbra is a szolg\u00e1ltat\u00f3 szektor, ezen bel\u00fcl els\u0151sorban a mesters\u00e9ges intelligenci\u00e1hoz k\u00f6thet\u0151 szolg\u00e1ltat\u00e1sok jelentik. A tart\u00f3s fogyaszt\u00e1si cikkek megrendel\u00e9s\u00e1llom\u00e1nya ezzel szemben jelent\u0151s visszaes\u00e9st mutat, \u00f6sszess\u00e9g\u00e9ben azonban ink\u00e1bb pozit\u00edvak a kil\u00e1t\u00e1sok ezen a ter\u00fcleten is. A munkaer\u0151piac kezdi elvesz\u00edteni kor\u00e1bbi t\u00falf\u0171t\u00f6tt jelleg\u00e9t, ugyanakkor visszafogott munkaer\u0151felv\u00e9tel jellemzi.","breadcrumb":{"@id":"https:\/\/blog.spbinvest.hu\/?p=3314#breadcrumb"},"inLanguage":"hu","potentialAction":[{"@type":"ReadAction","target":["https:\/\/blog.spbinvest.hu\/?p=3314"]}]},{"@type":"ImageObject","inLanguage":"hu","@id":"https:\/\/blog.spbinvest.hu\/?p=3314#primaryimage","url":"https:\/\/blog.spbinvest.hu\/wp-content\/uploads\/2026\/01\/SPB.jpg","contentUrl":"https:\/\/blog.spbinvest.hu\/wp-content\/uploads\/2026\/01\/SPB.jpg","width":1000,"height":667},{"@type":"BreadcrumbList","@id":"https:\/\/blog.spbinvest.hu\/?p=3314#breadcrumb","itemListElement":[{"@type":"ListItem","position":1,"name":"Kezd\u0151lap","item":"https:\/\/blog.spbinvest.hu\/"},{"@type":"ListItem","position":2,"name":"Fordul\u00f3ponton a glob\u00e1lis gazdas\u00e1g?"}]},{"@type":"WebSite","@id":"https:\/\/blog.spbinvest.hu\/#website","url":"https:\/\/blog.spbinvest.hu\/","name":"SPB Blog","description":"","potentialAction":[{"@type":"SearchAction","target":{"@type":"EntryPoint","urlTemplate":"https:\/\/blog.spbinvest.hu\/?s={search_term_string}"},"query-input":{"@type":"PropertyValueSpecification","valueRequired":true,"valueName":"search_term_string"}}],"inLanguage":"hu"},{"@type":"Person","@id":"https:\/\/blog.spbinvest.hu\/#\/schema\/person\/d5af847b20d61bf27bae3db50d6247f7","name":"SPB","image":{"@type":"ImageObject","inLanguage":"hu","@id":"https:\/\/secure.gravatar.com\/avatar\/e4bde87cb0016e1f94b62d02932290f9440405440ef9e5f3917ee5cec0b41662?s=96&d=mm&r=g","url":"https:\/\/secure.gravatar.com\/avatar\/e4bde87cb0016e1f94b62d02932290f9440405440ef9e5f3917ee5cec0b41662?s=96&d=mm&r=g","contentUrl":"https:\/\/secure.gravatar.com\/avatar\/e4bde87cb0016e1f94b62d02932290f9440405440ef9e5f3917ee5cec0b41662?s=96&d=mm&r=g","caption":"SPB"},"sameAs":["https:\/\/blog.spbinvest.hu"],"url":"https:\/\/blog.spbinvest.hu\/?author=1"}]}},"_links":{"self":[{"href":"https:\/\/blog.spbinvest.hu\/index.php?rest_route=\/wp\/v2\/posts\/3314","targetHints":{"allow":["GET"]}}],"collection":[{"href":"https:\/\/blog.spbinvest.hu\/index.php?rest_route=\/wp\/v2\/posts"}],"about":[{"href":"https:\/\/blog.spbinvest.hu\/index.php?rest_route=\/wp\/v2\/types\/post"}],"author":[{"embeddable":true,"href":"https:\/\/blog.spbinvest.hu\/index.php?rest_route=\/wp\/v2\/users\/1"}],"replies":[{"embeddable":true,"href":"https:\/\/blog.spbinvest.hu\/index.php?rest_route=%2Fwp%2Fv2%2Fcomments&post=3314"}],"version-history":[{"count":2,"href":"https:\/\/blog.spbinvest.hu\/index.php?rest_route=\/wp\/v2\/posts\/3314\/revisions"}],"predecessor-version":[{"id":3317,"href":"https:\/\/blog.spbinvest.hu\/index.php?rest_route=\/wp\/v2\/posts\/3314\/revisions\/3317"}],"wp:featuredmedia":[{"embeddable":true,"href":"https:\/\/blog.spbinvest.hu\/index.php?rest_route=\/wp\/v2\/media\/3315"}],"wp:attachment":[{"href":"https:\/\/blog.spbinvest.hu\/index.php?rest_route=%2Fwp%2Fv2%2Fmedia&parent=3314"}],"wp:term":[{"taxonomy":"category","embeddable":true,"href":"https:\/\/blog.spbinvest.hu\/index.php?rest_route=%2Fwp%2Fv2%2Fcategories&post=3314"},{"taxonomy":"post_tag","embeddable":true,"href":"https:\/\/blog.spbinvest.hu\/index.php?rest_route=%2Fwp%2Fv2%2Ftags&post=3314"}],"curies":[{"name":"wp","href":"https:\/\/api.w.org\/{rel}","templated":true}]}}