{"id":3266,"date":"2025-11-14T19:23:36","date_gmt":"2025-11-14T19:23:36","guid":{"rendered":"https:\/\/blog.spbinvest.hu\/?p=3266"},"modified":"2025-11-16T19:24:35","modified_gmt":"2025-11-16T19:24:35","slug":"arany-4ig-es-a-forint-szeduletes-eve-van-a-befektetoknek-de-lehet-ezt-meg-fokozni-vg-hu","status":"publish","type":"post","link":"https:\/\/blog.spbinvest.hu\/?p=3266","title":{"rendered":"Arany, 4iG, \u00e9s a forint: sz\u00e9d\u00fcletes \u00e9ve van a befektet\u0151knek, de lehet ezt m\u00e9g fokozni? &#8211; VG.hu"},"content":{"rendered":"<div class=\"x14z9mp xat24cr x1lziwak x1vvkbs xtlvy1s x126k92a\">\n<div dir=\"auto\">Elk\u00e9peszt\u0151 futamon van t\u00fal az id\u00e9n az aranyon t\u00fal a magyar r\u00e9szv\u00e9nypiac is, de a forintnak is kiv\u00e1l\u00f3an siker\u00fclt a 2025-\u00f6s esztend\u0151. Korrekci\u00f3t vagy 120 ezres BUX-ot kapunk majd kar\u00e1csonyra, meddig menetelhet m\u00e9g az arany, ki lesz a Fed k\u00f6vetkez\u0151 eln\u00f6ke, \u00e9s mit jelent mindez a r\u00e9szv\u00e9nypiacok sz\u00e1m\u00e1ra? Doernbrack Sven, az SPB Befektet\u00e9si Zrt. vez\u00e9rigazgat\u00f3-helyettese \u00e9s Kosovics L\u00e1szl\u00f3 portf\u00f3li\u00f3kezel\u00e9si \u00fczlet\u00e1gvezet\u0151 voltak az Arbitr\u00e1zs vend\u00e9gei.<\/p>\n<\/div>\n<\/div>\n<div class=\"x14z9mp xat24cr x1lziwak x1vvkbs xtlvy1s x126k92a\">\n<div dir=\"auto\"><span class=\"html-span xdj266r x14z9mp xat24cr x1lziwak xexx8yu xyri2b x18d9i69 x1c1uobl x1hl2dhg x16tdsg8 x1vvkbs\"><a class=\"x1i10hfl xjbqb8w x1ejq31n x18oe1m7 x1sy0etr xstzfhl x972fbf x10w94by x1qhh985 x14e42zd x9f619 x1ypdohk xt0psk2 x3ct3a4 xdj266r x14z9mp xat24cr x1lziwak xexx8yu xyri2b x18d9i69 x1c1uobl x16tdsg8 x1hl2dhg xggy1nq x1a2a7pz xkrqix3 x1sur9pj x1fey0fg x1s688f\" tabindex=\"0\" role=\"link\" href=\"https:\/\/www.youtube.com\/watch?app=desktop&v=I3XDyZ_tLzo&fbclid=IwZXh0bgNhZW0CMTAAYnJpZBExejlEYm0xZklodEdlTjhKQnNydGMGYXBwX2lkEDIyMjAzOTE3ODgyMDA4OTIIY2FsbHNpdGUBMgABHiydoiU2zcKk9IqXSb7DQHMljRRs8ZbnHZLwq10Fq6Ki1qcjImWD62O_VxNm_aem_oeLHYzDCjtur5XveD4muBQ\" target=\"_blank\" rel=\"nofollow noopener noreferrer\">https:\/\/www.youtube.com\/watch?app=desktop&v=I3XDyZ_tLzo<\/a><\/span><\/div>\n<\/div>\n","protected":false},"excerpt":{"rendered":"<p>Elk\u00e9peszt\u0151 futamon van t\u00fal az id\u00e9n az aranyon t\u00fal a magyar r\u00e9szv\u00e9nypiac is, de a forintnak is kiv\u00e1l\u00f3an siker\u00fclt a 2025-\u00f6s esztend\u0151. Korrekci\u00f3t vagy 120 ezres BUX-ot kapunk majd kar\u00e1csonyra, meddig menetelhet m\u00e9g az arany, ki lesz a Fed k\u00f6vetkez\u0151 eln\u00f6ke, \u00e9s mit jelent mindez a r\u00e9szv\u00e9nypiacok sz\u00e1m\u00e1ra? Doernbrack Sven, az SPB Befektet\u00e9si Zrt. vez\u00e9rigazgat\u00f3-helyettese&#8230;<\/p>\n","protected":false},"author":1,"featured_media":3267,"comment_status":"closed","ping_status":"open","sticky":false,"template":"","format":"standard","meta":{"footnotes":""},"categories":[48],"tags":[],"class_list":["post-3266","post","type-post","status-publish","format-standard","has-post-thumbnail","hentry","category-sajto"],"yoast_head":"<!-- This site is optimized with the Yoast SEO plugin v27.5 - https:\/\/yoast.com\/product\/yoast-seo-wordpress\/ -->\n<title>Arany, 4iG, \u00e9s a forint: sz\u00e9d\u00fcletes \u00e9ve van a befektet\u0151knek, de lehet ezt m\u00e9g fokozni? - VG.hu - SPB Blog<\/title>\n<meta name=\"description\" content=\"Elk\u00e9peszt\u0151 futamon van t\u00fal az id\u00e9n az aranyon t\u00fal a magyar r\u00e9szv\u00e9nypiac is, de a forintnak is kiv\u00e1l\u00f3an siker\u00fclt a 2025-\u00f6s esztend\u0151. Korrekci\u00f3t vagy 120 ezres BUX-ot kapunk majd kar\u00e1csonyra, meddig menetelhet m\u00e9g az arany, ki lesz a Fed k\u00f6vetkez\u0151 eln\u00f6ke, \u00e9s mit jelent mindez a r\u00e9szv\u00e9nypiacok sz\u00e1m\u00e1ra? Doernbrack Sven, az SPB Befektet\u00e9si Zrt. vez\u00e9rigazgat\u00f3-helyettese \u00e9s Kosovics L\u00e1szl\u00f3 portf\u00f3li\u00f3kezel\u00e9si \u00fczlet\u00e1gvezet\u0151 voltak az Arbitr\u00e1zs vend\u00e9gei.\" \/>\n<meta name=\"robots\" content=\"index, follow, max-snippet:-1, max-image-preview:large, max-video-preview:-1\" \/>\n<link rel=\"canonical\" href=\"https:\/\/blog.spbinvest.hu\/?p=3266\" \/>\n<meta property=\"og:locale\" content=\"hu_HU\" \/>\n<meta property=\"og:type\" content=\"article\" \/>\n<meta property=\"og:title\" content=\"Arany, 4iG, \u00e9s a forint: sz\u00e9d\u00fcletes \u00e9ve van a befektet\u0151knek, de lehet ezt m\u00e9g fokozni? - VG.hu\" \/>\n<meta property=\"og:description\" content=\"Elk\u00e9peszt\u0151 futamon van t\u00fal az id\u00e9n az aranyon t\u00fal a magyar r\u00e9szv\u00e9nypiac is, de a forintnak is kiv\u00e1l\u00f3an siker\u00fclt a 2025-\u00f6s esztend\u0151. Korrekci\u00f3t vagy 120 ezres BUX-ot kapunk majd kar\u00e1csonyra, meddig menetelhet m\u00e9g az arany, ki lesz a Fed k\u00f6vetkez\u0151 eln\u00f6ke, \u00e9s mit jelent mindez a r\u00e9szv\u00e9nypiacok sz\u00e1m\u00e1ra? Doernbrack Sven, az SPB Befektet\u00e9si Zrt. vez\u00e9rigazgat\u00f3-helyettese \u00e9s Kosovics L\u00e1szl\u00f3 portf\u00f3li\u00f3kezel\u00e9si \u00fczlet\u00e1gvezet\u0151 voltak az Arbitr\u00e1zs vend\u00e9gei.\" \/>\n<meta property=\"og:url\" content=\"https:\/\/blog.spbinvest.hu\/?p=3266\" \/>\n<meta property=\"og:site_name\" content=\"SPB Blog\" \/>\n<meta property=\"article:published_time\" content=\"2025-11-14T19:23:36+00:00\" \/>\n<meta property=\"article:modified_time\" content=\"2025-11-16T19:24:35+00:00\" \/>\n<meta property=\"og:image\" content=\"https:\/\/blog.spbinvest.hu\/wp-content\/uploads\/2025\/11\/vg.jpeg\" \/>\n\t<meta property=\"og:image:width\" content=\"480\" \/>\n\t<meta property=\"og:image:height\" content=\"250\" \/>\n\t<meta property=\"og:image:type\" content=\"image\/jpeg\" \/>\n<meta name=\"author\" content=\"SPB\" \/>\n<meta name=\"twitter:card\" content=\"summary_large_image\" \/>\n<meta name=\"twitter:label1\" content=\"Szerz\u0151:\" \/>\n\t<meta name=\"twitter:data1\" content=\"SPB\" \/>\n\t<meta name=\"twitter:label2\" content=\"Becs\u00fclt olvas\u00e1si id\u0151\" \/>\n\t<meta name=\"twitter:data2\" content=\"1 perc\" \/>\n<script type=\"application\/ld+json\" class=\"yoast-schema-graph\">{\"@context\":\"https:\\\/\\\/schema.org\",\"@graph\":[{\"@type\":\"Article\",\"@id\":\"https:\\\/\\\/blog.spbinvest.hu\\\/?p=3266#article\",\"isPartOf\":{\"@id\":\"https:\\\/\\\/blog.spbinvest.hu\\\/?p=3266\"},\"author\":{\"name\":\"SPB\",\"@id\":\"https:\\\/\\\/blog.spbinvest.hu\\\/#\\\/schema\\\/person\\\/d5af847b20d61bf27bae3db50d6247f7\"},\"headline\":\"Arany, 4iG, \u00e9s a forint: sz\u00e9d\u00fcletes \u00e9ve van a befektet\u0151knek, de lehet ezt m\u00e9g fokozni? &#8211; VG.hu\",\"datePublished\":\"2025-11-14T19:23:36+00:00\",\"dateModified\":\"2025-11-16T19:24:35+00:00\",\"mainEntityOfPage\":{\"@id\":\"https:\\\/\\\/blog.spbinvest.hu\\\/?p=3266\"},\"wordCount\":126,\"image\":{\"@id\":\"https:\\\/\\\/blog.spbinvest.hu\\\/?p=3266#primaryimage\"},\"thumbnailUrl\":\"https:\\\/\\\/blog.spbinvest.hu\\\/wp-content\\\/uploads\\\/2025\\\/11\\\/vg.jpeg\",\"articleSection\":[\"Sajt\u00f3\"],\"inLanguage\":\"hu\"},{\"@type\":\"WebPage\",\"@id\":\"https:\\\/\\\/blog.spbinvest.hu\\\/?p=3266\",\"url\":\"https:\\\/\\\/blog.spbinvest.hu\\\/?p=3266\",\"name\":\"Arany, 4iG, \u00e9s a forint: sz\u00e9d\u00fcletes \u00e9ve van a befektet\u0151knek, de lehet ezt m\u00e9g fokozni? - VG.hu - SPB Blog\",\"isPartOf\":{\"@id\":\"https:\\\/\\\/blog.spbinvest.hu\\\/#website\"},\"primaryImageOfPage\":{\"@id\":\"https:\\\/\\\/blog.spbinvest.hu\\\/?p=3266#primaryimage\"},\"image\":{\"@id\":\"https:\\\/\\\/blog.spbinvest.hu\\\/?p=3266#primaryimage\"},\"thumbnailUrl\":\"https:\\\/\\\/blog.spbinvest.hu\\\/wp-content\\\/uploads\\\/2025\\\/11\\\/vg.jpeg\",\"datePublished\":\"2025-11-14T19:23:36+00:00\",\"dateModified\":\"2025-11-16T19:24:35+00:00\",\"author\":{\"@id\":\"https:\\\/\\\/blog.spbinvest.hu\\\/#\\\/schema\\\/person\\\/d5af847b20d61bf27bae3db50d6247f7\"},\"description\":\"Elk\u00e9peszt\u0151 futamon van t\u00fal az id\u00e9n az aranyon t\u00fal a magyar r\u00e9szv\u00e9nypiac is, de a forintnak is kiv\u00e1l\u00f3an siker\u00fclt a 2025-\u00f6s esztend\u0151. Korrekci\u00f3t vagy 120 ezres BUX-ot kapunk majd kar\u00e1csonyra, meddig menetelhet m\u00e9g az arany, ki lesz a Fed k\u00f6vetkez\u0151 eln\u00f6ke, \u00e9s mit jelent mindez a r\u00e9szv\u00e9nypiacok sz\u00e1m\u00e1ra? Doernbrack Sven, az SPB Befektet\u00e9si Zrt. vez\u00e9rigazgat\u00f3-helyettese \u00e9s Kosovics L\u00e1szl\u00f3 portf\u00f3li\u00f3kezel\u00e9si \u00fczlet\u00e1gvezet\u0151 voltak az Arbitr\u00e1zs vend\u00e9gei.\",\"breadcrumb\":{\"@id\":\"https:\\\/\\\/blog.spbinvest.hu\\\/?p=3266#breadcrumb\"},\"inLanguage\":\"hu\",\"potentialAction\":[{\"@type\":\"ReadAction\",\"target\":[\"https:\\\/\\\/blog.spbinvest.hu\\\/?p=3266\"]}]},{\"@type\":\"ImageObject\",\"inLanguage\":\"hu\",\"@id\":\"https:\\\/\\\/blog.spbinvest.hu\\\/?p=3266#primaryimage\",\"url\":\"https:\\\/\\\/blog.spbinvest.hu\\\/wp-content\\\/uploads\\\/2025\\\/11\\\/vg.jpeg\",\"contentUrl\":\"https:\\\/\\\/blog.spbinvest.hu\\\/wp-content\\\/uploads\\\/2025\\\/11\\\/vg.jpeg\",\"width\":480,\"height\":250},{\"@type\":\"BreadcrumbList\",\"@id\":\"https:\\\/\\\/blog.spbinvest.hu\\\/?p=3266#breadcrumb\",\"itemListElement\":[{\"@type\":\"ListItem\",\"position\":1,\"name\":\"Kezd\u0151lap\",\"item\":\"https:\\\/\\\/blog.spbinvest.hu\\\/\"},{\"@type\":\"ListItem\",\"position\":2,\"name\":\"Arany, 4iG, \u00e9s a forint: sz\u00e9d\u00fcletes \u00e9ve van a befektet\u0151knek, de lehet ezt m\u00e9g fokozni? &#8211; VG.hu\"}]},{\"@type\":\"WebSite\",\"@id\":\"https:\\\/\\\/blog.spbinvest.hu\\\/#website\",\"url\":\"https:\\\/\\\/blog.spbinvest.hu\\\/\",\"name\":\"SPB Blog\",\"description\":\"\",\"potentialAction\":[{\"@type\":\"SearchAction\",\"target\":{\"@type\":\"EntryPoint\",\"urlTemplate\":\"https:\\\/\\\/blog.spbinvest.hu\\\/?s={search_term_string}\"},\"query-input\":{\"@type\":\"PropertyValueSpecification\",\"valueRequired\":true,\"valueName\":\"search_term_string\"}}],\"inLanguage\":\"hu\"},{\"@type\":\"Person\",\"@id\":\"https:\\\/\\\/blog.spbinvest.hu\\\/#\\\/schema\\\/person\\\/d5af847b20d61bf27bae3db50d6247f7\",\"name\":\"SPB\",\"image\":{\"@type\":\"ImageObject\",\"inLanguage\":\"hu\",\"@id\":\"https:\\\/\\\/secure.gravatar.com\\\/avatar\\\/e4bde87cb0016e1f94b62d02932290f9440405440ef9e5f3917ee5cec0b41662?s=96&d=mm&r=g\",\"url\":\"https:\\\/\\\/secure.gravatar.com\\\/avatar\\\/e4bde87cb0016e1f94b62d02932290f9440405440ef9e5f3917ee5cec0b41662?s=96&d=mm&r=g\",\"contentUrl\":\"https:\\\/\\\/secure.gravatar.com\\\/avatar\\\/e4bde87cb0016e1f94b62d02932290f9440405440ef9e5f3917ee5cec0b41662?s=96&d=mm&r=g\",\"caption\":\"SPB\"},\"sameAs\":[\"https:\\\/\\\/blog.spbinvest.hu\"],\"url\":\"https:\\\/\\\/blog.spbinvest.hu\\\/?author=1\"}]}<\/script>\n<!-- \/ Yoast SEO plugin. -->","yoast_head_json":{"title":"Arany, 4iG, \u00e9s a forint: sz\u00e9d\u00fcletes \u00e9ve van a befektet\u0151knek, de lehet ezt m\u00e9g fokozni? - VG.hu - SPB Blog","description":"Elk\u00e9peszt\u0151 futamon van t\u00fal az id\u00e9n az aranyon t\u00fal a magyar r\u00e9szv\u00e9nypiac is, de a forintnak is kiv\u00e1l\u00f3an siker\u00fclt a 2025-\u00f6s esztend\u0151. Korrekci\u00f3t vagy 120 ezres BUX-ot kapunk majd kar\u00e1csonyra, meddig menetelhet m\u00e9g az arany, ki lesz a Fed k\u00f6vetkez\u0151 eln\u00f6ke, \u00e9s mit jelent mindez a r\u00e9szv\u00e9nypiacok sz\u00e1m\u00e1ra? Doernbrack Sven, az SPB Befektet\u00e9si Zrt. vez\u00e9rigazgat\u00f3-helyettese \u00e9s Kosovics L\u00e1szl\u00f3 portf\u00f3li\u00f3kezel\u00e9si \u00fczlet\u00e1gvezet\u0151 voltak az Arbitr\u00e1zs vend\u00e9gei.","robots":{"index":"index","follow":"follow","max-snippet":"max-snippet:-1","max-image-preview":"max-image-preview:large","max-video-preview":"max-video-preview:-1"},"canonical":"https:\/\/blog.spbinvest.hu\/?p=3266","og_locale":"hu_HU","og_type":"article","og_title":"Arany, 4iG, \u00e9s a forint: sz\u00e9d\u00fcletes \u00e9ve van a befektet\u0151knek, de lehet ezt m\u00e9g fokozni? - VG.hu","og_description":"Elk\u00e9peszt\u0151 futamon van t\u00fal az id\u00e9n az aranyon t\u00fal a magyar r\u00e9szv\u00e9nypiac is, de a forintnak is kiv\u00e1l\u00f3an siker\u00fclt a 2025-\u00f6s esztend\u0151. Korrekci\u00f3t vagy 120 ezres BUX-ot kapunk majd kar\u00e1csonyra, meddig menetelhet m\u00e9g az arany, ki lesz a Fed k\u00f6vetkez\u0151 eln\u00f6ke, \u00e9s mit jelent mindez a r\u00e9szv\u00e9nypiacok sz\u00e1m\u00e1ra? Doernbrack Sven, az SPB Befektet\u00e9si Zrt. vez\u00e9rigazgat\u00f3-helyettese \u00e9s Kosovics L\u00e1szl\u00f3 portf\u00f3li\u00f3kezel\u00e9si \u00fczlet\u00e1gvezet\u0151 voltak az Arbitr\u00e1zs vend\u00e9gei.","og_url":"https:\/\/blog.spbinvest.hu\/?p=3266","og_site_name":"SPB Blog","article_published_time":"2025-11-14T19:23:36+00:00","article_modified_time":"2025-11-16T19:24:35+00:00","og_image":[{"width":480,"height":250,"url":"https:\/\/blog.spbinvest.hu\/wp-content\/uploads\/2025\/11\/vg.jpeg","type":"image\/jpeg"}],"author":"SPB","twitter_card":"summary_large_image","twitter_misc":{"Szerz\u0151:":"SPB","Becs\u00fclt olvas\u00e1si id\u0151":"1 perc"},"schema":{"@context":"https:\/\/schema.org","@graph":[{"@type":"Article","@id":"https:\/\/blog.spbinvest.hu\/?p=3266#article","isPartOf":{"@id":"https:\/\/blog.spbinvest.hu\/?p=3266"},"author":{"name":"SPB","@id":"https:\/\/blog.spbinvest.hu\/#\/schema\/person\/d5af847b20d61bf27bae3db50d6247f7"},"headline":"Arany, 4iG, \u00e9s a forint: sz\u00e9d\u00fcletes \u00e9ve van a befektet\u0151knek, de lehet ezt m\u00e9g fokozni? &#8211; VG.hu","datePublished":"2025-11-14T19:23:36+00:00","dateModified":"2025-11-16T19:24:35+00:00","mainEntityOfPage":{"@id":"https:\/\/blog.spbinvest.hu\/?p=3266"},"wordCount":126,"image":{"@id":"https:\/\/blog.spbinvest.hu\/?p=3266#primaryimage"},"thumbnailUrl":"https:\/\/blog.spbinvest.hu\/wp-content\/uploads\/2025\/11\/vg.jpeg","articleSection":["Sajt\u00f3"],"inLanguage":"hu"},{"@type":"WebPage","@id":"https:\/\/blog.spbinvest.hu\/?p=3266","url":"https:\/\/blog.spbinvest.hu\/?p=3266","name":"Arany, 4iG, \u00e9s a forint: sz\u00e9d\u00fcletes \u00e9ve van a befektet\u0151knek, de lehet ezt m\u00e9g fokozni? - VG.hu - SPB Blog","isPartOf":{"@id":"https:\/\/blog.spbinvest.hu\/#website"},"primaryImageOfPage":{"@id":"https:\/\/blog.spbinvest.hu\/?p=3266#primaryimage"},"image":{"@id":"https:\/\/blog.spbinvest.hu\/?p=3266#primaryimage"},"thumbnailUrl":"https:\/\/blog.spbinvest.hu\/wp-content\/uploads\/2025\/11\/vg.jpeg","datePublished":"2025-11-14T19:23:36+00:00","dateModified":"2025-11-16T19:24:35+00:00","author":{"@id":"https:\/\/blog.spbinvest.hu\/#\/schema\/person\/d5af847b20d61bf27bae3db50d6247f7"},"description":"Elk\u00e9peszt\u0151 futamon van t\u00fal az id\u00e9n az aranyon t\u00fal a magyar r\u00e9szv\u00e9nypiac is, de a forintnak is kiv\u00e1l\u00f3an siker\u00fclt a 2025-\u00f6s esztend\u0151. Korrekci\u00f3t vagy 120 ezres BUX-ot kapunk majd kar\u00e1csonyra, meddig menetelhet m\u00e9g az arany, ki lesz a Fed k\u00f6vetkez\u0151 eln\u00f6ke, \u00e9s mit jelent mindez a r\u00e9szv\u00e9nypiacok sz\u00e1m\u00e1ra? Doernbrack Sven, az SPB Befektet\u00e9si Zrt. vez\u00e9rigazgat\u00f3-helyettese \u00e9s Kosovics L\u00e1szl\u00f3 portf\u00f3li\u00f3kezel\u00e9si \u00fczlet\u00e1gvezet\u0151 voltak az Arbitr\u00e1zs vend\u00e9gei.","breadcrumb":{"@id":"https:\/\/blog.spbinvest.hu\/?p=3266#breadcrumb"},"inLanguage":"hu","potentialAction":[{"@type":"ReadAction","target":["https:\/\/blog.spbinvest.hu\/?p=3266"]}]},{"@type":"ImageObject","inLanguage":"hu","@id":"https:\/\/blog.spbinvest.hu\/?p=3266#primaryimage","url":"https:\/\/blog.spbinvest.hu\/wp-content\/uploads\/2025\/11\/vg.jpeg","contentUrl":"https:\/\/blog.spbinvest.hu\/wp-content\/uploads\/2025\/11\/vg.jpeg","width":480,"height":250},{"@type":"BreadcrumbList","@id":"https:\/\/blog.spbinvest.hu\/?p=3266#breadcrumb","itemListElement":[{"@type":"ListItem","position":1,"name":"Kezd\u0151lap","item":"https:\/\/blog.spbinvest.hu\/"},{"@type":"ListItem","position":2,"name":"Arany, 4iG, \u00e9s a forint: sz\u00e9d\u00fcletes \u00e9ve van a befektet\u0151knek, de lehet ezt m\u00e9g fokozni? &#8211; VG.hu"}]},{"@type":"WebSite","@id":"https:\/\/blog.spbinvest.hu\/#website","url":"https:\/\/blog.spbinvest.hu\/","name":"SPB Blog","description":"","potentialAction":[{"@type":"SearchAction","target":{"@type":"EntryPoint","urlTemplate":"https:\/\/blog.spbinvest.hu\/?s={search_term_string}"},"query-input":{"@type":"PropertyValueSpecification","valueRequired":true,"valueName":"search_term_string"}}],"inLanguage":"hu"},{"@type":"Person","@id":"https:\/\/blog.spbinvest.hu\/#\/schema\/person\/d5af847b20d61bf27bae3db50d6247f7","name":"SPB","image":{"@type":"ImageObject","inLanguage":"hu","@id":"https:\/\/secure.gravatar.com\/avatar\/e4bde87cb0016e1f94b62d02932290f9440405440ef9e5f3917ee5cec0b41662?s=96&d=mm&r=g","url":"https:\/\/secure.gravatar.com\/avatar\/e4bde87cb0016e1f94b62d02932290f9440405440ef9e5f3917ee5cec0b41662?s=96&d=mm&r=g","contentUrl":"https:\/\/secure.gravatar.com\/avatar\/e4bde87cb0016e1f94b62d02932290f9440405440ef9e5f3917ee5cec0b41662?s=96&d=mm&r=g","caption":"SPB"},"sameAs":["https:\/\/blog.spbinvest.hu"],"url":"https:\/\/blog.spbinvest.hu\/?author=1"}]}},"_links":{"self":[{"href":"https:\/\/blog.spbinvest.hu\/index.php?rest_route=\/wp\/v2\/posts\/3266","targetHints":{"allow":["GET"]}}],"collection":[{"href":"https:\/\/blog.spbinvest.hu\/index.php?rest_route=\/wp\/v2\/posts"}],"about":[{"href":"https:\/\/blog.spbinvest.hu\/index.php?rest_route=\/wp\/v2\/types\/post"}],"author":[{"embeddable":true,"href":"https:\/\/blog.spbinvest.hu\/index.php?rest_route=\/wp\/v2\/users\/1"}],"replies":[{"embeddable":true,"href":"https:\/\/blog.spbinvest.hu\/index.php?rest_route=%2Fwp%2Fv2%2Fcomments&post=3266"}],"version-history":[{"count":1,"href":"https:\/\/blog.spbinvest.hu\/index.php?rest_route=\/wp\/v2\/posts\/3266\/revisions"}],"predecessor-version":[{"id":3268,"href":"https:\/\/blog.spbinvest.hu\/index.php?rest_route=\/wp\/v2\/posts\/3266\/revisions\/3268"}],"wp:featuredmedia":[{"embeddable":true,"href":"https:\/\/blog.spbinvest.hu\/index.php?rest_route=\/wp\/v2\/media\/3267"}],"wp:attachment":[{"href":"https:\/\/blog.spbinvest.hu\/index.php?rest_route=%2Fwp%2Fv2%2Fmedia&parent=3266"}],"wp:term":[{"taxonomy":"category","embeddable":true,"href":"https:\/\/blog.spbinvest.hu\/index.php?rest_route=%2Fwp%2Fv2%2Fcategories&post=3266"},{"taxonomy":"post_tag","embeddable":true,"href":"https:\/\/blog.spbinvest.hu\/index.php?rest_route=%2Fwp%2Fv2%2Ftags&post=3266"}],"curies":[{"name":"wp","href":"https:\/\/api.w.org\/{rel}","templated":true}]}}