{"id":3256,"date":"2025-10-24T11:53:01","date_gmt":"2025-10-24T11:53:01","guid":{"rendered":"https:\/\/blog.spbinvest.hu\/?p=3256"},"modified":"2025-10-24T11:53:01","modified_gmt":"2025-10-24T11:53:01","slug":"spb-jelenleg-kina-a-meghatarozo-szereplo-a-ritkafoldfemek-globalis-piacan","status":"publish","type":"post","link":"https:\/\/blog.spbinvest.hu\/?p=3256","title":{"rendered":"SPB: Jelenleg K\u00edna a meghat\u00e1roz\u00f3 szerepl\u0151 a ritkaf\u00f6ldf\u00e9mek glob\u00e1lis piac\u00e1n"},"content":{"rendered":"<p style=\"font-weight: 400;\"><em>K\u00edna sikerrel nyitott \u00faj exportpiacok ir\u00e1ny\u00e1ba az amerikai v\u00e9d\u0151v\u00e1mok bevezet\u00e9se \u00f3ta, ennek k\u00f6vetkezt\u00e9ben az Eur\u00f3p\u00e1ba ir\u00e1nyul\u00f3 exporttev\u00e9kenys\u00e9ge is jelent\u0151sen megn\u0151tt. Komoly gazdas\u00e1gi el\u0151nyt jelenthet az orsz\u00e1g sz\u00e1m\u00e1ra, hogy a ritkaf\u00f6ldf\u00e9mek b\u00e1ny\u00e1szat\u00e1nak \u00e9s feldolgoz\u00e1s\u00e1nak jelent\u0151s h\u00e1nyada erre a ter\u00fcletre \u00f6sszpontosul.<\/em>\u00a0<em>A defl\u00e1ci\u00f3s vesz\u00e9ly b\u00e1r enyh\u00fclt, de tov\u00e1bbra is fenn\u00e1ll. A gyenge fogyaszt\u00f3i bizalomnak k\u00f6sz\u00f6nhet\u0151en akadozik a bels\u0151 fogyaszt\u00e1s.<\/em>\u00a0<em>Tov\u00e1bbi k\u00f6zponti \u00f6szt\u00f6nz\u0151 int\u00e9zked\u00e9sek v\u00e1rhat\u00f3ak ezen a ter\u00fcleten. Nem v\u00e1rhat\u00f3 a k\u00f6zelj\u00f6v\u0151ben tov\u00e1bbi kamatcs\u00f6kkent\u00e9s az ECB r\u00e9sz\u00e9r\u0151l. Kiugr\u00f3an magas infl\u00e1ci\u00f3s szint, valamint jelent\u0151s \u00e1llamh\u00e1ztart\u00e1si hi\u00e1ny nehez\u00edti a rom\u00e1n gazdas\u00e1g helyzet\u00e9t, melyre r\u00e9szleges megold\u00e1st jelenthet a privatiz\u00e1ci\u00f3s folyamatok elindul\u00e1sa. A legt\u00f6bb elemz\u0151 javul\u00f3 gazdas\u00e1gi eredm\u00e9nyekre sz\u00e1m\u00edt N\u00e9metorsz\u00e1g r\u00e9sz\u00e9r\u0151l, de a konkr\u00e9t fejleszt\u00e9si tervek egyel\u0151re m\u00e9g nem ismertek. Az olajpiacon az \u00e1tmeneti es\u00e9s ellen\u00e9re egyel\u0151re nem v\u00e1rhat\u00f3 az \u00e1rfolyam tart\u00f3s m\u00e9rs\u00e9kl\u0151d\u00e9se.<\/em><\/p>\n<p style=\"font-weight: 400;\"><strong>K\u00edna<\/strong><\/p>\n<p style=\"font-weight: 400;\">Az export adatok szeptemberi n\u00f6veked\u00e9se azt mutatja, hogy az USA v\u00e1mint\u00e9zked\u00e9seire reag\u00e1lva K\u00edna sikeres ir\u00e1nyv\u00e1lt\u00e1st hajtott v\u00e9gre \u00faj, USA-n k\u00edv\u00fcli c\u00e9lpiacok ir\u00e1ny\u00e1ba. Az USA-ba ir\u00e1nyul\u00f3 sz\u00e1ll\u00edtm\u00e1nyok hatodik h\u00f3napja zuhannak az el\u0151z\u0151 \u00e9vhez k\u00e9pest, m\u00edg ezzel ellent\u00e9tes ir\u00e1nyban,\u00a0a nem amerikai c\u00e9lorsz\u00e1gokba ir\u00e1nyul\u00f3 export n\u00f6veked\u00e9se 11,2%-r\u00f3l 14,8%-ra gyorsult, ami a leggyorsabb \u00fctem 2023 m\u00e1rciusa \u00f3ta.<\/p>\n<p style=\"font-weight: 400;\">Ennek k\u00f6vetkezt\u00e9ben az Eur\u00f3p\u00e1ba ir\u00e1nyul\u00f3 export is jelent\u0151s m\u00e9rt\u00e9kben fokoz\u00f3dott, amelyre Eur\u00f3pa r\u00e9sz\u00e9r\u0151l mindenk\u00e9ppen v\u00e1laszreakci\u00f3ra lesz sz\u00fcks\u00e9g a versenyk\u00e9pess\u00e9g fenntart\u00e1sa \u00e9rdek\u00e9ben. Egyel\u0151re \u00fagy t\u0171nik, hogy a taktika bev\u00e1lik, \u00e9s az USA nem k\u00e9pes a v\u00e1mokon kereszt\u00fcl t\u00e9rdre k\u00e9nyszer\u00edteni K\u00edn\u00e1t. Az \u00faj export c\u00e9lpontokkal K\u00edna sikeresen \u00e1trendezte a kereskedelm\u00e9t az elm\u00falt hat h\u00f3nap sor\u00e1n. A k\u00ednai term\u00e9kekre kivetett amerikai v\u00e1mok novembert\u0151l 140%-ra emelkedhetnek.<\/p>\n<p style=\"font-weight: 400;\">A jelenleg glob\u00e1lisan rendelkez\u00e9sre \u00e1ll\u00f3, b\u00e1ny\u00e1szhat\u00f3 ritkaf\u00f6ldf\u00e9mek mennyis\u00e9g\u00e9nek 70%-\u00e1t,\u00a0 feldolgoz\u00e1s\u00e1nak pedig k\u00f6zel 90%-\u00e1t K\u00edna uralja, ami hatalmas gazdas\u00e1gi potenci\u00e1lt jelent az orsz\u00e1g sz\u00e1m\u00e1ra. Az er\u0151teljes r\u00e1utalts\u00e1g miatt K\u00edna egyel\u0151re nem megker\u00fclhet\u0151 gazdas\u00e1gi szerepl\u0151. Poz\u00edci\u00f3j\u00e1t tov\u00e1bb er\u0151s\u00edti, hogy a ritkaf\u00f6ldf\u00e9mek kitermel\u00e9se rendk\u00edv\u00fcl k\u00f6rnyezetszennyez\u0151, \u00edgy hasonl\u00f3 tev\u00e9kenys\u00e9g a fejlett nyugaton komoly probl\u00e9m\u00e1kba \u00fctk\u00f6zne. Sem a finom\u00edt\u00e1s, sem a b\u00e1ny\u00e1szat nem lehet versenyk\u00e9pes a vil\u00e1g m\u00e1s r\u00e9szein, \u00edgy az ezekhez a nyersanyagokhoz kapcsol\u00f3d\u00f3 fejl\u0151d\u00e9st K\u00edna er\u0151teljesen fogja. Els\u0151sorban a hadiipar, a f\u00e9lvezet\u0151 ipar, valamint a mesters\u00e9ges intelligenci\u00e1hoz k\u00f6thet\u0151 ter\u00fcletek \u00e9rintettek. A nyersanyagt\u00f3l val\u00f3 f\u00fcgg\u00e9s megnehez\u00edtheti a technol\u00f3giai el\u0151ny n\u00f6vel\u00e9s\u00e9t az USA sz\u00e1m\u00e1ra. Szeptemberben K\u00edna cs\u00f6kkentette a ritkaf\u00f6ldf\u00e9m exportj\u00e1t.<\/p>\n<p style=\"font-weight: 400;\">Ritkaf\u00f6ldf\u00e9mek tekintet\u00e9ben teh\u00e1t \u00e9rdemes poz\u00edci\u00f3kat elfoglalni. Bizonyos c\u00e9geket \u00e9s ETF-eket \u00e9rdemes lehet megn\u00e9zni K\u00edn\u00e1n t\u00fal is (pl. Lynas Rare Earths Ltd. Ausztr\u00e1lia,\u00a0REMX LN\u00a0UCITS ETF), mivel v\u00e1rhat\u00f3an mindenki ezekkel a v\u00e1llalatokkal igyekszik majd kooper\u00e1lni a beszerz\u00e9s kapcs\u00e1n. Most rendk\u00edv\u00fcl j\u00f3 alkalom k\u00edn\u00e1lkozik a v\u00e9telre, ezen a piacon fokoz\u00f3d\u00f3 \u00e9rdekl\u0151d\u00e9s v\u00e1rhat\u00f3.<\/p>\n<p style=\"font-weight: 400;\">A defl\u00e1ci\u00f3 enyh\u00fcl\u00e9se szeptemberben az \u00e1rverseny korl\u00e1toz\u00e1s\u00e1ra ir\u00e1nyul\u00f3 int\u00e9zked\u00e9seknek volt k\u00f6sz\u00f6nhet\u0151, nem pedig a kereslet fellend\u00fcl\u00e9s\u00e9nek. A CPI \u00e9s a PPI defl\u00e1ci\u00f3j\u00e1nak enyh\u00fcl\u00e9s\u00e9ben a statisztikai-b\u00e1zis hat\u00e1sok is szerepet j\u00e1tszottak, a PPI viszont tov\u00e1bbra is negat\u00edv tartom\u00e1nyban van. A fogyaszt\u00e1si cikkek termel\u0151i \u00e1rai \u00e9ves \u00f6sszevet\u00e9sben 1,7%-os es\u00e9st regisztr\u00e1ltak, ami megegyezik az augusztusi visszaes\u00e9s \u00fctem\u00e9vel. A tart\u00f3s fogyaszt\u00e1si cikkek \u00e1rai r\u00e1ad\u00e1sul gyorsabb \u00fctemben estek.<\/p>\n<p style=\"font-weight: 400;\">A defl\u00e1ci\u00f3s vesz\u00e9ly teh\u00e1t az enyh\u00fcl\u00e9s ellen\u00e9re tov\u00e1bbra is fenn\u00e1ll, K\u00edna infl\u00e1ci\u00f3s oldalr\u00f3l nincs kedvez\u0151 helyzetben. A fogyaszt\u00f3i bizalom is gyenge l\u00e1bakon \u00e1ll, ez\u00e9rt akadozik a bels\u0151 fogyaszt\u00e1s. A tervek szerint a k\u00f6zelj\u00f6v\u0151ben \u00e9rkezhetnek a fogyaszt\u00e1s \u00f6szt\u00f6nz\u00e9s\u00e9re ir\u00e1nyul\u00f3 k\u00f6zponti int\u00e9zked\u00e9sek, de err\u0151l egyel\u0151re nem \u00e9rkezett konkr\u00e9t inform\u00e1ci\u00f3.<\/p>\n<p style=\"font-weight: 400;\"><strong>N\u00e9metorsz\u00e1g \u00e9s Euroz\u00f3na<\/strong><\/p>\n<p style=\"font-weight: 400;\">Az ECB r\u00e9sz\u00e9r\u0151l gyors \u00e9s mark\u00e1ns kommunik\u00e1ci\u00f3 indult arra vonatkoz\u00f3an, hogy a tov\u00e1bbi kamatcs\u00f6kkent\u00e9s ir\u00e1ny\u00e1ba egyel\u0151re nem sz\u00e1nd\u00e9kozik elk\u00f6telez\u0151dni.\u00a0Am\u00edg a maginfl\u00e1ci\u00f3 2,4%-os szinten \u00e1ll, addig nincs lehet\u0151s\u00e9ge az ECB-nek kamatcs\u00f6kkent\u00e9sre. Jelenleg legink\u00e1bb a nyugalom \u00e9s a kiv\u00e1r\u00e1s jellemz\u0151, v\u00e1rhat\u00f3an az energiahordoz\u00f3k \u00e1ra sem fog jelent\u0151sen n\u00f6vekedni.<\/p>\n<p style=\"font-weight: 400;\">Rom\u00e1ni\u00e1ban kiugr\u00f3 infl\u00e1ci\u00f3s adatot l\u00e1thatunk a t\u00f6bbi tag\u00e1llamhoz k\u00e9pest. Az \u00e1ramszolg\u00e1ltat\u00f3k \u00e1remel\u00e9se, valamint az \u00c1FA-emel\u00e9s a CPI jelent\u0151s n\u00f6veked\u00e9s\u00e9hez vezetett j\u00falius \u00f3ta. A k\u00f6zponti bank mindenkit nyugalomra int, kamatemel\u00e9s nem v\u00e1rhat\u00f3, az alapkamat j\u00f6v\u0151 \u00e9v elej\u00e9ig 5,5%-on maradhat. A f\u0151 c\u00e9l jelenleg a k\u00f6lts\u00e9gvet\u00e9si hi\u00e1ny cs\u00f6kkent\u00e9se, ennek kapcs\u00e1n er\u0151s v\u00e1rakoz\u00e1s \u00f6vezi a privatiz\u00e1ci\u00f3s folyamat elindul\u00e1s\u00e1t. A magas \u00e9rt\u00e9ket k\u00e9pvisel\u0151 \u00e1llami c\u00e9gek elad\u00e1s\u00e1b\u00f3l sz\u00e1rmaz\u00f3 bev\u00e9tel jelent\u0151sen cs\u00f6kkentheti majd az \u00e1llamad\u00f3ss\u00e1g m\u00e9rt\u00e9k\u00e9t. A Fitch Ratings figyelmeztet\u00e9st adott ki a bukaresti korm\u00e1nynak a k\u00f6lts\u00e9gvet\u00e9si hi\u00e1nycs\u00f6kkent\u00e9s lass\u00fa \u00fcteme miatt, amely nyom\u00e1st gyakorol az orsz\u00e1g \u00e1llamad\u00f3ss\u00e1g\u00e1ra, \u00e9s a hasonl\u00f3 besorol\u00e1s\u00fa orsz\u00e1gok f\u00f6l\u00e9 tolhatja azt. Rom\u00e1nia mindh\u00e1rom nagy hitelmin\u0151s\u00edt\u0151n\u00e9l a\u00a0legals\u00f3\u00a0befektet\u00e9si min\u0151s\u00edt\u00e9s\u0171 s\u00e1vban tal\u00e1lhat\u00f3, negat\u00edv kil\u00e1t\u00e1sokkal. \u00d6sszess\u00e9g\u00e9ben Rom\u00e1ni\u00e1t illet\u0151en a t\u00e1volod\u00e1s, a kitetts\u00e9g miel\u0151bbi cs\u00f6kkent\u00e9se javasolt.<\/p>\n<p style=\"font-weight: 400;\">A n\u00e9met ZEW index a j\u00f6v\u0151t illet\u0151 rem\u00e9nyt t\u00fckr\u00f6zi, ez h\u00fazza felfel\u00e9. A piac a fisk\u00e1lis \u00f6szt\u00f6nz\u00e9sre koncentr\u00e1l, amely seg\u00edthet abban, hogy N\u00e9metorsz\u00e1g kil\u00e1baljon a recesszi\u00f3s \u00e1llapotb\u00f3l. A konkr\u00e9t beruh\u00e1z\u00e1si programok egyel\u0151re nem ismertek, ezzel egy\u00fctt a bizalom tov\u00e1bbra is fenn\u00e1ll. A hadiipar ir\u00e1ny\u00e1ba v\u00e1rhat\u00f3an jelent\u0151s forr\u00e1s \u00e9rkezik majd, \u00edgy ez a szektor j\u00f3 besz\u00e1ll\u00f3 pont lehet.<\/p>\n<p style=\"font-weight: 400;\">Egyes szak\u00e9rt\u0151k m\u00e9g mindig a k\u00f6z\u00e9pt\u00e1v\u00fa fellend\u00fcl\u00e9sben rem\u00e9nykednek, a hossz\u00fa t\u00e1v\u00fa n\u00f6veked\u00e9s viszont nem lehets\u00e9ges a versenyk\u00e9pess\u00e9g meger\u0151s\u00edt\u00e9se n\u00e9lk\u00fcl. A v\u00e1llalatok komoly neh\u00e9zs\u00e9gekkel n\u00e9znek szembe. Az aut\u00f3gy\u00e1rt\u00f3k, k\u00f6zt\u00fck a Porsche AG \u00e9s a BMW AG\u00a0visszafogott j\u00f6v\u0151k\u00e9pr\u0151l nyilatkozott, mik\u00f6zben az alkatr\u00e9szgy\u00e1rt\u00f3k, mint a Robert Bosch GmbH, t\u00f6bb ezer munkahely megsz\u00fcntet\u00e9s\u00e9t jelentett\u00e9k be. Mindazon\u00e1ltal a legt\u00f6bb elemz\u0151 arra sz\u00e1m\u00edt, hogy a n\u00e9met GDP 2026-ban legal\u00e1bb 1\u20131,5%-kal b\u0151v\u00fcl, mik\u00f6zben a k\u00f6lts\u00e9gvet\u00e9si hi\u00e1ny el\u00e9rheti a 3,5%-ot.<\/p>\n<p style=\"font-weight: 400;\"><strong>Olajpiac<\/strong><\/p>\n<p style=\"font-weight: 400;\">Az Oroszorsz\u00e1g \u00e9s Ukrajna k\u00f6z\u00f6tti h\u00e1bor\u00fa enyh\u00fcl\u00e9se a hord\u00f3nk\u00e9nti 50 doll\u00e1r fel\u00e9 szor\u00edthatja az olaj\u00e1rakat. Egy ilyen m\u00e9rt\u00e9k\u0171 cs\u00f6kken\u00e9s azt a k\u00e9rd\u00e9st is felveti, hogy Sza\u00fad-Ar\u00e1bia visszat\u00e9r-e az \u00e1rak v\u00e9delm\u00e9hez, vagy igazodik-e az USA olcs\u00f3bb olaj ir\u00e1nti preferenci\u00e1j\u00e1hoz.<strong>\u00a0<\/strong>Taktikai l\u00e9p\u00e9sek v\u00e1rhat\u00f3ak, az \u00e1rfolyam m\u00e9rs\u00e9kl\u0151d\u00e9s\u00e9nek viszont alacsonyabb a val\u00f3sz\u00edn\u0171s\u00e9ge, mivel ez els\u0151sorban K\u00edn\u00e1nak lenne el\u0151ny\u00f6s. A v\u00e9teli oldalra \u00e9rdemes ink\u00e1bb f\u00f3kusz\u00e1lni jelenleg.<\/p>\n","protected":false},"excerpt":{"rendered":"<p>K\u00edna sikerrel nyitott \u00faj exportpiacok ir\u00e1ny\u00e1ba az amerikai v\u00e9d\u0151v\u00e1mok bevezet\u00e9se \u00f3ta, ennek k\u00f6vetkezt\u00e9ben az Eur\u00f3p\u00e1ba ir\u00e1nyul\u00f3 exporttev\u00e9kenys\u00e9ge is jelent\u0151sen megn\u0151tt. Komoly gazdas\u00e1gi el\u0151nyt jelenthet az orsz\u00e1g sz\u00e1m\u00e1ra, hogy a ritkaf\u00f6ldf\u00e9mek b\u00e1ny\u00e1szat\u00e1nak \u00e9s feldolgoz\u00e1s\u00e1nak jelent\u0151s h\u00e1nyada erre a ter\u00fcletre \u00f6sszpontosul.\u00a0A defl\u00e1ci\u00f3s vesz\u00e9ly b\u00e1r enyh\u00fclt, de tov\u00e1bbra is fenn\u00e1ll. A gyenge fogyaszt\u00f3i bizalomnak k\u00f6sz\u00f6nhet\u0151en akadozik a bels\u0151&#8230;<\/p>\n","protected":false},"author":1,"featured_media":3257,"comment_status":"closed","ping_status":"open","sticky":false,"template":"","format":"standard","meta":{"footnotes":""},"categories":[35],"tags":[],"class_list":["post-3256","post","type-post","status-publish","format-standard","has-post-thumbnail","hentry","category-elemzes"],"yoast_head":"<!-- This site is optimized with the Yoast SEO plugin v27.5 - https:\/\/yoast.com\/product\/yoast-seo-wordpress\/ -->\n<title>SPB: Jelenleg K\u00edna a meghat\u00e1roz\u00f3 szerepl\u0151 a ritkaf\u00f6ldf\u00e9mek glob\u00e1lis piac\u00e1n - SPB Blog<\/title>\n<meta name=\"description\" content=\"K\u00edna sikerrel nyitott \u00faj exportpiacok ir\u00e1ny\u00e1ba az amerikai v\u00e9d\u0151v\u00e1mok bevezet\u00e9se \u00f3ta, ennek k\u00f6vetkezt\u00e9ben az Eur\u00f3p\u00e1ba ir\u00e1nyul\u00f3 exporttev\u00e9kenys\u00e9ge is jelent\u0151sen megn\u0151tt. Komoly gazdas\u00e1gi el\u0151nyt jelenthet az orsz\u00e1g sz\u00e1m\u00e1ra, hogy a ritkaf\u00f6ldf\u00e9mek b\u00e1ny\u00e1szat\u00e1nak \u00e9s feldolgoz\u00e1s\u00e1nak jelent\u0151s h\u00e1nyada erre a ter\u00fcletre \u00f6sszpontosul.\u00a0A defl\u00e1ci\u00f3s vesz\u00e9ly b\u00e1r enyh\u00fclt, de tov\u00e1bbra is fenn\u00e1ll. A gyenge fogyaszt\u00f3i bizalomnak k\u00f6sz\u00f6nhet\u0151en akadozik a bels\u0151 fogyaszt\u00e1s.\u00a0Tov\u00e1bbi k\u00f6zponti \u00f6szt\u00f6nz\u0151 int\u00e9zked\u00e9sek v\u00e1rhat\u00f3ak ezen a ter\u00fcleten. Nem v\u00e1rhat\u00f3 a k\u00f6zelj\u00f6v\u0151ben tov\u00e1bbi kamatcs\u00f6kkent\u00e9s az ECB r\u00e9sz\u00e9r\u0151l. Kiugr\u00f3an magas infl\u00e1ci\u00f3s szint, valamint jelent\u0151s \u00e1llamh\u00e1ztart\u00e1si hi\u00e1ny nehez\u00edti a rom\u00e1n gazdas\u00e1g helyzet\u00e9t, melyre r\u00e9szleges megold\u00e1st jelenthet a privatiz\u00e1ci\u00f3s folyamatok elindul\u00e1sa. A legt\u00f6bb elemz\u0151 javul\u00f3 gazdas\u00e1gi eredm\u00e9nyekre sz\u00e1m\u00edt N\u00e9metorsz\u00e1g r\u00e9sz\u00e9r\u0151l, de a konkr\u00e9t fejleszt\u00e9si tervek egyel\u0151re m\u00e9g nem ismertek. Az olajpiacon az \u00e1tmeneti es\u00e9s ellen\u00e9re egyel\u0151re nem v\u00e1rhat\u00f3 az \u00e1rfolyam tart\u00f3s m\u00e9rs\u00e9kl\u0151d\u00e9se.\" \/>\n<meta name=\"robots\" content=\"index, follow, max-snippet:-1, max-image-preview:large, max-video-preview:-1\" \/>\n<link rel=\"canonical\" href=\"https:\/\/blog.spbinvest.hu\/?p=3256\" \/>\n<meta property=\"og:locale\" content=\"hu_HU\" \/>\n<meta property=\"og:type\" content=\"article\" \/>\n<meta property=\"og:title\" content=\"SPB: Jelenleg K\u00edna a meghat\u00e1roz\u00f3 szerepl\u0151 a ritkaf\u00f6ldf\u00e9mek glob\u00e1lis piac\u00e1n\" \/>\n<meta property=\"og:description\" content=\"K\u00edna sikerrel nyitott \u00faj exportpiacok ir\u00e1ny\u00e1ba az amerikai v\u00e9d\u0151v\u00e1mok bevezet\u00e9se \u00f3ta, ennek k\u00f6vetkezt\u00e9ben az Eur\u00f3p\u00e1ba ir\u00e1nyul\u00f3 exporttev\u00e9kenys\u00e9ge is jelent\u0151sen megn\u0151tt. Komoly gazdas\u00e1gi el\u0151nyt jelenthet az orsz\u00e1g sz\u00e1m\u00e1ra, hogy a ritkaf\u00f6ldf\u00e9mek b\u00e1ny\u00e1szat\u00e1nak \u00e9s feldolgoz\u00e1s\u00e1nak jelent\u0151s h\u00e1nyada erre a ter\u00fcletre \u00f6sszpontosul.\u00a0A defl\u00e1ci\u00f3s vesz\u00e9ly b\u00e1r enyh\u00fclt, de tov\u00e1bbra is fenn\u00e1ll. A gyenge fogyaszt\u00f3i bizalomnak k\u00f6sz\u00f6nhet\u0151en akadozik a bels\u0151 fogyaszt\u00e1s.\u00a0Tov\u00e1bbi k\u00f6zponti \u00f6szt\u00f6nz\u0151 int\u00e9zked\u00e9sek v\u00e1rhat\u00f3ak ezen a ter\u00fcleten. Nem v\u00e1rhat\u00f3 a k\u00f6zelj\u00f6v\u0151ben tov\u00e1bbi kamatcs\u00f6kkent\u00e9s az ECB r\u00e9sz\u00e9r\u0151l. Kiugr\u00f3an magas infl\u00e1ci\u00f3s szint, valamint jelent\u0151s \u00e1llamh\u00e1ztart\u00e1si hi\u00e1ny nehez\u00edti a rom\u00e1n gazdas\u00e1g helyzet\u00e9t, melyre r\u00e9szleges megold\u00e1st jelenthet a privatiz\u00e1ci\u00f3s folyamatok elindul\u00e1sa. A legt\u00f6bb elemz\u0151 javul\u00f3 gazdas\u00e1gi eredm\u00e9nyekre sz\u00e1m\u00edt N\u00e9metorsz\u00e1g r\u00e9sz\u00e9r\u0151l, de a konkr\u00e9t fejleszt\u00e9si tervek egyel\u0151re m\u00e9g nem ismertek. Az olajpiacon az \u00e1tmeneti es\u00e9s ellen\u00e9re egyel\u0151re nem v\u00e1rhat\u00f3 az \u00e1rfolyam tart\u00f3s m\u00e9rs\u00e9kl\u0151d\u00e9se.\" \/>\n<meta property=\"og:url\" content=\"https:\/\/blog.spbinvest.hu\/?p=3256\" \/>\n<meta property=\"og:site_name\" content=\"SPB Blog\" \/>\n<meta property=\"article:published_time\" content=\"2025-10-24T11:53:01+00:00\" \/>\n<meta property=\"og:image\" content=\"https:\/\/blog.spbinvest.hu\/wp-content\/uploads\/2025\/10\/spb-1.jpg\" \/>\n\t<meta property=\"og:image:width\" content=\"1000\" \/>\n\t<meta property=\"og:image:height\" content=\"667\" \/>\n\t<meta property=\"og:image:type\" content=\"image\/jpeg\" \/>\n<meta name=\"author\" content=\"SPB\" \/>\n<meta name=\"twitter:card\" content=\"summary_large_image\" \/>\n<meta name=\"twitter:label1\" content=\"Szerz\u0151:\" \/>\n\t<meta name=\"twitter:data1\" content=\"SPB\" \/>\n\t<meta name=\"twitter:label2\" content=\"Becs\u00fclt olvas\u00e1si id\u0151\" \/>\n\t<meta name=\"twitter:data2\" content=\"5 perc\" \/>\n<script type=\"application\/ld+json\" class=\"yoast-schema-graph\">{\"@context\":\"https:\\\/\\\/schema.org\",\"@graph\":[{\"@type\":\"Article\",\"@id\":\"https:\\\/\\\/blog.spbinvest.hu\\\/?p=3256#article\",\"isPartOf\":{\"@id\":\"https:\\\/\\\/blog.spbinvest.hu\\\/?p=3256\"},\"author\":{\"name\":\"SPB\",\"@id\":\"https:\\\/\\\/blog.spbinvest.hu\\\/#\\\/schema\\\/person\\\/d5af847b20d61bf27bae3db50d6247f7\"},\"headline\":\"SPB: Jelenleg K\u00edna a meghat\u00e1roz\u00f3 szerepl\u0151 a ritkaf\u00f6ldf\u00e9mek glob\u00e1lis piac\u00e1n\",\"datePublished\":\"2025-10-24T11:53:01+00:00\",\"mainEntityOfPage\":{\"@id\":\"https:\\\/\\\/blog.spbinvest.hu\\\/?p=3256\"},\"wordCount\":1498,\"image\":{\"@id\":\"https:\\\/\\\/blog.spbinvest.hu\\\/?p=3256#primaryimage\"},\"thumbnailUrl\":\"https:\\\/\\\/blog.spbinvest.hu\\\/wp-content\\\/uploads\\\/2025\\\/10\\\/spb-1.jpg\",\"articleSection\":[\"Elemz\u00e9s\"],\"inLanguage\":\"hu\"},{\"@type\":\"WebPage\",\"@id\":\"https:\\\/\\\/blog.spbinvest.hu\\\/?p=3256\",\"url\":\"https:\\\/\\\/blog.spbinvest.hu\\\/?p=3256\",\"name\":\"SPB: Jelenleg K\u00edna a meghat\u00e1roz\u00f3 szerepl\u0151 a ritkaf\u00f6ldf\u00e9mek glob\u00e1lis piac\u00e1n - SPB Blog\",\"isPartOf\":{\"@id\":\"https:\\\/\\\/blog.spbinvest.hu\\\/#website\"},\"primaryImageOfPage\":{\"@id\":\"https:\\\/\\\/blog.spbinvest.hu\\\/?p=3256#primaryimage\"},\"image\":{\"@id\":\"https:\\\/\\\/blog.spbinvest.hu\\\/?p=3256#primaryimage\"},\"thumbnailUrl\":\"https:\\\/\\\/blog.spbinvest.hu\\\/wp-content\\\/uploads\\\/2025\\\/10\\\/spb-1.jpg\",\"datePublished\":\"2025-10-24T11:53:01+00:00\",\"author\":{\"@id\":\"https:\\\/\\\/blog.spbinvest.hu\\\/#\\\/schema\\\/person\\\/d5af847b20d61bf27bae3db50d6247f7\"},\"description\":\"K\u00edna sikerrel nyitott \u00faj exportpiacok ir\u00e1ny\u00e1ba az amerikai v\u00e9d\u0151v\u00e1mok bevezet\u00e9se \u00f3ta, ennek k\u00f6vetkezt\u00e9ben az Eur\u00f3p\u00e1ba ir\u00e1nyul\u00f3 exporttev\u00e9kenys\u00e9ge is jelent\u0151sen megn\u0151tt. Komoly gazdas\u00e1gi el\u0151nyt jelenthet az orsz\u00e1g sz\u00e1m\u00e1ra, hogy a ritkaf\u00f6ldf\u00e9mek b\u00e1ny\u00e1szat\u00e1nak \u00e9s feldolgoz\u00e1s\u00e1nak jelent\u0151s h\u00e1nyada erre a ter\u00fcletre \u00f6sszpontosul.\u00a0A defl\u00e1ci\u00f3s vesz\u00e9ly b\u00e1r enyh\u00fclt, de tov\u00e1bbra is fenn\u00e1ll. A gyenge fogyaszt\u00f3i bizalomnak k\u00f6sz\u00f6nhet\u0151en akadozik a bels\u0151 fogyaszt\u00e1s.\u00a0Tov\u00e1bbi k\u00f6zponti \u00f6szt\u00f6nz\u0151 int\u00e9zked\u00e9sek v\u00e1rhat\u00f3ak ezen a ter\u00fcleten. Nem v\u00e1rhat\u00f3 a k\u00f6zelj\u00f6v\u0151ben tov\u00e1bbi kamatcs\u00f6kkent\u00e9s az ECB r\u00e9sz\u00e9r\u0151l. Kiugr\u00f3an magas infl\u00e1ci\u00f3s szint, valamint jelent\u0151s \u00e1llamh\u00e1ztart\u00e1si hi\u00e1ny nehez\u00edti a rom\u00e1n gazdas\u00e1g helyzet\u00e9t, melyre r\u00e9szleges megold\u00e1st jelenthet a privatiz\u00e1ci\u00f3s folyamatok elindul\u00e1sa. A legt\u00f6bb elemz\u0151 javul\u00f3 gazdas\u00e1gi eredm\u00e9nyekre sz\u00e1m\u00edt N\u00e9metorsz\u00e1g r\u00e9sz\u00e9r\u0151l, de a konkr\u00e9t fejleszt\u00e9si tervek egyel\u0151re m\u00e9g nem ismertek. Az olajpiacon az \u00e1tmeneti es\u00e9s ellen\u00e9re egyel\u0151re nem v\u00e1rhat\u00f3 az \u00e1rfolyam tart\u00f3s m\u00e9rs\u00e9kl\u0151d\u00e9se.\",\"breadcrumb\":{\"@id\":\"https:\\\/\\\/blog.spbinvest.hu\\\/?p=3256#breadcrumb\"},\"inLanguage\":\"hu\",\"potentialAction\":[{\"@type\":\"ReadAction\",\"target\":[\"https:\\\/\\\/blog.spbinvest.hu\\\/?p=3256\"]}]},{\"@type\":\"ImageObject\",\"inLanguage\":\"hu\",\"@id\":\"https:\\\/\\\/blog.spbinvest.hu\\\/?p=3256#primaryimage\",\"url\":\"https:\\\/\\\/blog.spbinvest.hu\\\/wp-content\\\/uploads\\\/2025\\\/10\\\/spb-1.jpg\",\"contentUrl\":\"https:\\\/\\\/blog.spbinvest.hu\\\/wp-content\\\/uploads\\\/2025\\\/10\\\/spb-1.jpg\",\"width\":1000,\"height\":667},{\"@type\":\"BreadcrumbList\",\"@id\":\"https:\\\/\\\/blog.spbinvest.hu\\\/?p=3256#breadcrumb\",\"itemListElement\":[{\"@type\":\"ListItem\",\"position\":1,\"name\":\"Kezd\u0151lap\",\"item\":\"https:\\\/\\\/blog.spbinvest.hu\\\/\"},{\"@type\":\"ListItem\",\"position\":2,\"name\":\"SPB: Jelenleg K\u00edna a meghat\u00e1roz\u00f3 szerepl\u0151 a ritkaf\u00f6ldf\u00e9mek glob\u00e1lis piac\u00e1n\"}]},{\"@type\":\"WebSite\",\"@id\":\"https:\\\/\\\/blog.spbinvest.hu\\\/#website\",\"url\":\"https:\\\/\\\/blog.spbinvest.hu\\\/\",\"name\":\"SPB Blog\",\"description\":\"\",\"potentialAction\":[{\"@type\":\"SearchAction\",\"target\":{\"@type\":\"EntryPoint\",\"urlTemplate\":\"https:\\\/\\\/blog.spbinvest.hu\\\/?s={search_term_string}\"},\"query-input\":{\"@type\":\"PropertyValueSpecification\",\"valueRequired\":true,\"valueName\":\"search_term_string\"}}],\"inLanguage\":\"hu\"},{\"@type\":\"Person\",\"@id\":\"https:\\\/\\\/blog.spbinvest.hu\\\/#\\\/schema\\\/person\\\/d5af847b20d61bf27bae3db50d6247f7\",\"name\":\"SPB\",\"image\":{\"@type\":\"ImageObject\",\"inLanguage\":\"hu\",\"@id\":\"https:\\\/\\\/secure.gravatar.com\\\/avatar\\\/e4bde87cb0016e1f94b62d02932290f9440405440ef9e5f3917ee5cec0b41662?s=96&d=mm&r=g\",\"url\":\"https:\\\/\\\/secure.gravatar.com\\\/avatar\\\/e4bde87cb0016e1f94b62d02932290f9440405440ef9e5f3917ee5cec0b41662?s=96&d=mm&r=g\",\"contentUrl\":\"https:\\\/\\\/secure.gravatar.com\\\/avatar\\\/e4bde87cb0016e1f94b62d02932290f9440405440ef9e5f3917ee5cec0b41662?s=96&d=mm&r=g\",\"caption\":\"SPB\"},\"sameAs\":[\"https:\\\/\\\/blog.spbinvest.hu\"],\"url\":\"https:\\\/\\\/blog.spbinvest.hu\\\/?author=1\"}]}<\/script>\n<!-- \/ Yoast SEO plugin. -->","yoast_head_json":{"title":"SPB: Jelenleg K\u00edna a meghat\u00e1roz\u00f3 szerepl\u0151 a ritkaf\u00f6ldf\u00e9mek glob\u00e1lis piac\u00e1n - SPB Blog","description":"K\u00edna sikerrel nyitott \u00faj exportpiacok ir\u00e1ny\u00e1ba az amerikai v\u00e9d\u0151v\u00e1mok bevezet\u00e9se \u00f3ta, ennek k\u00f6vetkezt\u00e9ben az Eur\u00f3p\u00e1ba ir\u00e1nyul\u00f3 exporttev\u00e9kenys\u00e9ge is jelent\u0151sen megn\u0151tt. Komoly gazdas\u00e1gi el\u0151nyt jelenthet az orsz\u00e1g sz\u00e1m\u00e1ra, hogy a ritkaf\u00f6ldf\u00e9mek b\u00e1ny\u00e1szat\u00e1nak \u00e9s feldolgoz\u00e1s\u00e1nak jelent\u0151s h\u00e1nyada erre a ter\u00fcletre \u00f6sszpontosul.\u00a0A defl\u00e1ci\u00f3s vesz\u00e9ly b\u00e1r enyh\u00fclt, de tov\u00e1bbra is fenn\u00e1ll. A gyenge fogyaszt\u00f3i bizalomnak k\u00f6sz\u00f6nhet\u0151en akadozik a bels\u0151 fogyaszt\u00e1s.\u00a0Tov\u00e1bbi k\u00f6zponti \u00f6szt\u00f6nz\u0151 int\u00e9zked\u00e9sek v\u00e1rhat\u00f3ak ezen a ter\u00fcleten. Nem v\u00e1rhat\u00f3 a k\u00f6zelj\u00f6v\u0151ben tov\u00e1bbi kamatcs\u00f6kkent\u00e9s az ECB r\u00e9sz\u00e9r\u0151l. Kiugr\u00f3an magas infl\u00e1ci\u00f3s szint, valamint jelent\u0151s \u00e1llamh\u00e1ztart\u00e1si hi\u00e1ny nehez\u00edti a rom\u00e1n gazdas\u00e1g helyzet\u00e9t, melyre r\u00e9szleges megold\u00e1st jelenthet a privatiz\u00e1ci\u00f3s folyamatok elindul\u00e1sa. A legt\u00f6bb elemz\u0151 javul\u00f3 gazdas\u00e1gi eredm\u00e9nyekre sz\u00e1m\u00edt N\u00e9metorsz\u00e1g r\u00e9sz\u00e9r\u0151l, de a konkr\u00e9t fejleszt\u00e9si tervek egyel\u0151re m\u00e9g nem ismertek. Az olajpiacon az \u00e1tmeneti es\u00e9s ellen\u00e9re egyel\u0151re nem v\u00e1rhat\u00f3 az \u00e1rfolyam tart\u00f3s m\u00e9rs\u00e9kl\u0151d\u00e9se.","robots":{"index":"index","follow":"follow","max-snippet":"max-snippet:-1","max-image-preview":"max-image-preview:large","max-video-preview":"max-video-preview:-1"},"canonical":"https:\/\/blog.spbinvest.hu\/?p=3256","og_locale":"hu_HU","og_type":"article","og_title":"SPB: Jelenleg K\u00edna a meghat\u00e1roz\u00f3 szerepl\u0151 a ritkaf\u00f6ldf\u00e9mek glob\u00e1lis piac\u00e1n","og_description":"K\u00edna sikerrel nyitott \u00faj exportpiacok ir\u00e1ny\u00e1ba az amerikai v\u00e9d\u0151v\u00e1mok bevezet\u00e9se \u00f3ta, ennek k\u00f6vetkezt\u00e9ben az Eur\u00f3p\u00e1ba ir\u00e1nyul\u00f3 exporttev\u00e9kenys\u00e9ge is jelent\u0151sen megn\u0151tt. Komoly gazdas\u00e1gi el\u0151nyt jelenthet az orsz\u00e1g sz\u00e1m\u00e1ra, hogy a ritkaf\u00f6ldf\u00e9mek b\u00e1ny\u00e1szat\u00e1nak \u00e9s feldolgoz\u00e1s\u00e1nak jelent\u0151s h\u00e1nyada erre a ter\u00fcletre \u00f6sszpontosul.\u00a0A defl\u00e1ci\u00f3s vesz\u00e9ly b\u00e1r enyh\u00fclt, de tov\u00e1bbra is fenn\u00e1ll. A gyenge fogyaszt\u00f3i bizalomnak k\u00f6sz\u00f6nhet\u0151en akadozik a bels\u0151 fogyaszt\u00e1s.\u00a0Tov\u00e1bbi k\u00f6zponti \u00f6szt\u00f6nz\u0151 int\u00e9zked\u00e9sek v\u00e1rhat\u00f3ak ezen a ter\u00fcleten. Nem v\u00e1rhat\u00f3 a k\u00f6zelj\u00f6v\u0151ben tov\u00e1bbi kamatcs\u00f6kkent\u00e9s az ECB r\u00e9sz\u00e9r\u0151l. Kiugr\u00f3an magas infl\u00e1ci\u00f3s szint, valamint jelent\u0151s \u00e1llamh\u00e1ztart\u00e1si hi\u00e1ny nehez\u00edti a rom\u00e1n gazdas\u00e1g helyzet\u00e9t, melyre r\u00e9szleges megold\u00e1st jelenthet a privatiz\u00e1ci\u00f3s folyamatok elindul\u00e1sa. A legt\u00f6bb elemz\u0151 javul\u00f3 gazdas\u00e1gi eredm\u00e9nyekre sz\u00e1m\u00edt N\u00e9metorsz\u00e1g r\u00e9sz\u00e9r\u0151l, de a konkr\u00e9t fejleszt\u00e9si tervek egyel\u0151re m\u00e9g nem ismertek. Az olajpiacon az \u00e1tmeneti es\u00e9s ellen\u00e9re egyel\u0151re nem v\u00e1rhat\u00f3 az \u00e1rfolyam tart\u00f3s m\u00e9rs\u00e9kl\u0151d\u00e9se.","og_url":"https:\/\/blog.spbinvest.hu\/?p=3256","og_site_name":"SPB Blog","article_published_time":"2025-10-24T11:53:01+00:00","og_image":[{"width":1000,"height":667,"url":"https:\/\/blog.spbinvest.hu\/wp-content\/uploads\/2025\/10\/spb-1.jpg","type":"image\/jpeg"}],"author":"SPB","twitter_card":"summary_large_image","twitter_misc":{"Szerz\u0151:":"SPB","Becs\u00fclt olvas\u00e1si id\u0151":"5 perc"},"schema":{"@context":"https:\/\/schema.org","@graph":[{"@type":"Article","@id":"https:\/\/blog.spbinvest.hu\/?p=3256#article","isPartOf":{"@id":"https:\/\/blog.spbinvest.hu\/?p=3256"},"author":{"name":"SPB","@id":"https:\/\/blog.spbinvest.hu\/#\/schema\/person\/d5af847b20d61bf27bae3db50d6247f7"},"headline":"SPB: Jelenleg K\u00edna a meghat\u00e1roz\u00f3 szerepl\u0151 a ritkaf\u00f6ldf\u00e9mek glob\u00e1lis piac\u00e1n","datePublished":"2025-10-24T11:53:01+00:00","mainEntityOfPage":{"@id":"https:\/\/blog.spbinvest.hu\/?p=3256"},"wordCount":1498,"image":{"@id":"https:\/\/blog.spbinvest.hu\/?p=3256#primaryimage"},"thumbnailUrl":"https:\/\/blog.spbinvest.hu\/wp-content\/uploads\/2025\/10\/spb-1.jpg","articleSection":["Elemz\u00e9s"],"inLanguage":"hu"},{"@type":"WebPage","@id":"https:\/\/blog.spbinvest.hu\/?p=3256","url":"https:\/\/blog.spbinvest.hu\/?p=3256","name":"SPB: Jelenleg K\u00edna a meghat\u00e1roz\u00f3 szerepl\u0151 a ritkaf\u00f6ldf\u00e9mek glob\u00e1lis piac\u00e1n - SPB Blog","isPartOf":{"@id":"https:\/\/blog.spbinvest.hu\/#website"},"primaryImageOfPage":{"@id":"https:\/\/blog.spbinvest.hu\/?p=3256#primaryimage"},"image":{"@id":"https:\/\/blog.spbinvest.hu\/?p=3256#primaryimage"},"thumbnailUrl":"https:\/\/blog.spbinvest.hu\/wp-content\/uploads\/2025\/10\/spb-1.jpg","datePublished":"2025-10-24T11:53:01+00:00","author":{"@id":"https:\/\/blog.spbinvest.hu\/#\/schema\/person\/d5af847b20d61bf27bae3db50d6247f7"},"description":"K\u00edna sikerrel nyitott \u00faj exportpiacok ir\u00e1ny\u00e1ba az amerikai v\u00e9d\u0151v\u00e1mok bevezet\u00e9se \u00f3ta, ennek k\u00f6vetkezt\u00e9ben az Eur\u00f3p\u00e1ba ir\u00e1nyul\u00f3 exporttev\u00e9kenys\u00e9ge is jelent\u0151sen megn\u0151tt. Komoly gazdas\u00e1gi el\u0151nyt jelenthet az orsz\u00e1g sz\u00e1m\u00e1ra, hogy a ritkaf\u00f6ldf\u00e9mek b\u00e1ny\u00e1szat\u00e1nak \u00e9s feldolgoz\u00e1s\u00e1nak jelent\u0151s h\u00e1nyada erre a ter\u00fcletre \u00f6sszpontosul.\u00a0A defl\u00e1ci\u00f3s vesz\u00e9ly b\u00e1r enyh\u00fclt, de tov\u00e1bbra is fenn\u00e1ll. A gyenge fogyaszt\u00f3i bizalomnak k\u00f6sz\u00f6nhet\u0151en akadozik a bels\u0151 fogyaszt\u00e1s.\u00a0Tov\u00e1bbi k\u00f6zponti \u00f6szt\u00f6nz\u0151 int\u00e9zked\u00e9sek v\u00e1rhat\u00f3ak ezen a ter\u00fcleten. Nem v\u00e1rhat\u00f3 a k\u00f6zelj\u00f6v\u0151ben tov\u00e1bbi kamatcs\u00f6kkent\u00e9s az ECB r\u00e9sz\u00e9r\u0151l. Kiugr\u00f3an magas infl\u00e1ci\u00f3s szint, valamint jelent\u0151s \u00e1llamh\u00e1ztart\u00e1si hi\u00e1ny nehez\u00edti a rom\u00e1n gazdas\u00e1g helyzet\u00e9t, melyre r\u00e9szleges megold\u00e1st jelenthet a privatiz\u00e1ci\u00f3s folyamatok elindul\u00e1sa. A legt\u00f6bb elemz\u0151 javul\u00f3 gazdas\u00e1gi eredm\u00e9nyekre sz\u00e1m\u00edt N\u00e9metorsz\u00e1g r\u00e9sz\u00e9r\u0151l, de a konkr\u00e9t fejleszt\u00e9si tervek egyel\u0151re m\u00e9g nem ismertek. Az olajpiacon az \u00e1tmeneti es\u00e9s ellen\u00e9re egyel\u0151re nem v\u00e1rhat\u00f3 az \u00e1rfolyam tart\u00f3s m\u00e9rs\u00e9kl\u0151d\u00e9se.","breadcrumb":{"@id":"https:\/\/blog.spbinvest.hu\/?p=3256#breadcrumb"},"inLanguage":"hu","potentialAction":[{"@type":"ReadAction","target":["https:\/\/blog.spbinvest.hu\/?p=3256"]}]},{"@type":"ImageObject","inLanguage":"hu","@id":"https:\/\/blog.spbinvest.hu\/?p=3256#primaryimage","url":"https:\/\/blog.spbinvest.hu\/wp-content\/uploads\/2025\/10\/spb-1.jpg","contentUrl":"https:\/\/blog.spbinvest.hu\/wp-content\/uploads\/2025\/10\/spb-1.jpg","width":1000,"height":667},{"@type":"BreadcrumbList","@id":"https:\/\/blog.spbinvest.hu\/?p=3256#breadcrumb","itemListElement":[{"@type":"ListItem","position":1,"name":"Kezd\u0151lap","item":"https:\/\/blog.spbinvest.hu\/"},{"@type":"ListItem","position":2,"name":"SPB: Jelenleg K\u00edna a meghat\u00e1roz\u00f3 szerepl\u0151 a ritkaf\u00f6ldf\u00e9mek glob\u00e1lis piac\u00e1n"}]},{"@type":"WebSite","@id":"https:\/\/blog.spbinvest.hu\/#website","url":"https:\/\/blog.spbinvest.hu\/","name":"SPB Blog","description":"","potentialAction":[{"@type":"SearchAction","target":{"@type":"EntryPoint","urlTemplate":"https:\/\/blog.spbinvest.hu\/?s={search_term_string}"},"query-input":{"@type":"PropertyValueSpecification","valueRequired":true,"valueName":"search_term_string"}}],"inLanguage":"hu"},{"@type":"Person","@id":"https:\/\/blog.spbinvest.hu\/#\/schema\/person\/d5af847b20d61bf27bae3db50d6247f7","name":"SPB","image":{"@type":"ImageObject","inLanguage":"hu","@id":"https:\/\/secure.gravatar.com\/avatar\/e4bde87cb0016e1f94b62d02932290f9440405440ef9e5f3917ee5cec0b41662?s=96&d=mm&r=g","url":"https:\/\/secure.gravatar.com\/avatar\/e4bde87cb0016e1f94b62d02932290f9440405440ef9e5f3917ee5cec0b41662?s=96&d=mm&r=g","contentUrl":"https:\/\/secure.gravatar.com\/avatar\/e4bde87cb0016e1f94b62d02932290f9440405440ef9e5f3917ee5cec0b41662?s=96&d=mm&r=g","caption":"SPB"},"sameAs":["https:\/\/blog.spbinvest.hu"],"url":"https:\/\/blog.spbinvest.hu\/?author=1"}]}},"_links":{"self":[{"href":"https:\/\/blog.spbinvest.hu\/index.php?rest_route=\/wp\/v2\/posts\/3256","targetHints":{"allow":["GET"]}}],"collection":[{"href":"https:\/\/blog.spbinvest.hu\/index.php?rest_route=\/wp\/v2\/posts"}],"about":[{"href":"https:\/\/blog.spbinvest.hu\/index.php?rest_route=\/wp\/v2\/types\/post"}],"author":[{"embeddable":true,"href":"https:\/\/blog.spbinvest.hu\/index.php?rest_route=\/wp\/v2\/users\/1"}],"replies":[{"embeddable":true,"href":"https:\/\/blog.spbinvest.hu\/index.php?rest_route=%2Fwp%2Fv2%2Fcomments&post=3256"}],"version-history":[{"count":1,"href":"https:\/\/blog.spbinvest.hu\/index.php?rest_route=\/wp\/v2\/posts\/3256\/revisions"}],"predecessor-version":[{"id":3258,"href":"https:\/\/blog.spbinvest.hu\/index.php?rest_route=\/wp\/v2\/posts\/3256\/revisions\/3258"}],"wp:featuredmedia":[{"embeddable":true,"href":"https:\/\/blog.spbinvest.hu\/index.php?rest_route=\/wp\/v2\/media\/3257"}],"wp:attachment":[{"href":"https:\/\/blog.spbinvest.hu\/index.php?rest_route=%2Fwp%2Fv2%2Fmedia&parent=3256"}],"wp:term":[{"taxonomy":"category","embeddable":true,"href":"https:\/\/blog.spbinvest.hu\/index.php?rest_route=%2Fwp%2Fv2%2Fcategories&post=3256"},{"taxonomy":"post_tag","embeddable":true,"href":"https:\/\/blog.spbinvest.hu\/index.php?rest_route=%2Fwp%2Fv2%2Ftags&post=3256"}],"curies":[{"name":"wp","href":"https:\/\/api.w.org\/{rel}","templated":true}]}}