{"id":3208,"date":"2025-08-29T14:04:28","date_gmt":"2025-08-29T14:04:28","guid":{"rendered":"https:\/\/blog.spbinvest.hu\/?p=3208"},"modified":"2025-08-29T14:04:50","modified_gmt":"2025-08-29T14:04:50","slug":"on-befekteto-erdemes-neznie-az-usa-fogyasztoi-bizalmi-mutatojat","status":"publish","type":"post","link":"https:\/\/blog.spbinvest.hu\/?p=3208","title":{"rendered":"\u00d6n befektet\u0151? \u00c9rdemes n\u00e9znie az USA fogyaszt\u00f3i bizalmi mutat\u00f3j\u00e1t"},"content":{"rendered":"<p>Az Egyes\u00fclt \u00c1llamok gazdas\u00e1gi ciklus\u00e1nak egyik leg\u00e9rz\u00e9kenyebb el\u0151rejelz\u0151 indik\u00e1tora a fogyaszt\u00f3i bizalmi mutat\u00f3. Ez a m\u00e9r\u0151sz\u00e1m nem csup\u00e1n a h\u00e1ztart\u00e1sok r\u00f6vid t\u00e1v\u00fa hangulat\u00e1t t\u00fckr\u00f6zi annak ellen\u00e9re, hogy nem determinisztikus mutat\u00f3, hanem a fogyaszt\u00e1si hajland\u00f3s\u00e1gon kereszt\u00fcl k\u00f6zvetlen\u00fcl befoly\u00e1solja a gazdas\u00e1gi n\u00f6veked\u00e9st is. A bizalom gyeng\u00fcl\u00e9se 2025 augusztus\u00e1ban vil\u00e1gosan megmutatja, hogy a gazdas\u00e1gi ciklus fordul\u00f3pontj\u00e1hoz \u00e9rkezt\u00fcnk.<\/p>\n<p>Az amerikai gazdas\u00e1g saj\u00e1toss\u00e1ga, hogy a <a href=\"https:\/\/tradingeconomics.com\/united-states\/shares-of-gross-domestic-product-personal-consumption-expenditures-percent-fed-data.html\">GDP t\u00f6bb mint k\u00e9tharmad\u00e1t a fogyaszt\u00e1s adja<\/a>. A fogyaszt\u00f3i bizalom \u00edgy nem puszt\u00e1n egy hangulati indik\u00e1tor, hanem struktur\u00e1lis hat\u00e1s\u00fa v\u00e1ltoz\u00f3. Amikor a mutat\u00f3 cs\u00f6kken, a h\u00e1ztart\u00e1sok hajlamosak elhalasztani a nagyobb beruh\u00e1z\u00e1sokat, visszafogj\u00e1k a tart\u00f3s fogyaszt\u00e1si cikkek ir\u00e1nti kereslet\u00fcket, \u00e9s \u00f3vatosabb\u00e1 v\u00e1lnak a hitelfelv\u00e9telben. Ez k\u00f6zvetlen\u00fcl lass\u00edtja a gazdas\u00e1gi n\u00f6veked\u00e9st, mik\u00f6zben \u00f6nmag\u00e1t er\u0151s\u00edt\u0151 spir\u00e1lt ind\u00edthat be: a cs\u00f6kken\u0151 kereslet munkaer\u0151piaci gyeng\u00fcl\u00e9st okoz, ami tov\u00e1bb rontja a bizalmat.<\/p>\n<p>A jelenlegi gyeng\u00fcl\u00e9s t\u00f6bb t\u00e9nyez\u0151 egy\u00fcttes hat\u00e1s\u00e1nak eredm\u00e9nye. Egyr\u00e9szt a munkaer\u0151piacon fokoz\u00f3d\u00f3 bizonytalans\u00e1g \u00e9rz\u00e9kelhet\u0151. A kor\u00e1bban feszes munkaer\u0151piac lazulni kezdett, egyes szektorokban emelkednek a munkan\u00e9lk\u00fclis\u00e9gi ig\u00e9nyl\u00e9sek, mik\u00f6zben a b\u00e9remelked\u00e9sek \u00fcteme lassul. A h\u00e1ztart\u00e1sok sz\u00e1m\u00e1ra ez azt \u00fczeni, hogy a munkahely-biztons\u00e1g gyeng\u00fcl, ez\u00e9rt a j\u00f6vedelmi kil\u00e1t\u00e1sok sem stabilak. M\u00e1sr\u00e9szt a v\u00e1mint\u00e9zked\u00e9sekb\u0151l \u00e9s a geopolitikai fesz\u00fclts\u00e9gekb\u0151l fakad\u00f3an az import\u00e1rak emelkednek, ami \u00fajra infl\u00e1ci\u00f3s nyom\u00e1st kelt. Az amerikai fogyaszt\u00f3 \u00edgy egyszerre tapasztal magasabb \u00e1rakat \u00e9s bizonytalanabb j\u00f6vedelmi k\u00f6rnyezetet, ami a bizalom gyeng\u00fcl\u00e9s\u00e9nek egyik klasszikus receptje.<\/p>\n<p>T\u00f6rt\u00e9nelmi \u00f6sszehasonl\u00edt\u00e1sban a fogyaszt\u00f3i bizalmi mutat\u00f3 cs\u00f6kken\u00e9se rendszerint megel\u0151zi a gazdas\u00e1gi lassul\u00e1st. A k\u00e9tezres \u00e9vek eleji recesszi\u00f3ban, a p\u00e9nz\u00fcgyi v\u00e1ls\u00e1g el\u0151tt 2007-ben, valamint a pand\u00e9mi\u00e1t megel\u0151z\u0151 2019 m\u00e1sodik fel\u00e9ben is hasonl\u00f3 mint\u00e1zat volt megfigyelhet\u0151. A bizalom cs\u00f6kken\u00e9se teh\u00e1t el\u0151rejelz\u0151 szerepet t\u00f6lt be, amely gyakran hamarabb jelzi a fordul\u00f3pontot, mint a kem\u00e9ny adatok, p\u00e9ld\u00e1ul a GDP vagy a foglalkoztat\u00e1si statisztik\u00e1k.<\/p>\n<p>A jelenlegi helyzetben a kock\u00e1zat az, hogy a munkaer\u0151piaci bizonytalans\u00e1g \u00e9s az infl\u00e1ci\u00f3 egyszerre er\u0151s\u00f6dik. Ez a kombin\u00e1ci\u00f3 k\u00fcl\u00f6n\u00f6sen vesz\u00e9lyes, mert a h\u00e1ztart\u00e1sok re\u00e1lj\u00f6vedelme cs\u00f6kken, \u00edgy a fogyaszt\u00e1s visszaes\u00e9se sokkal m\u00e9lyebb lehet, mint ha csak az egyik t\u00e9nyez\u0151 jelentkezne. Az infl\u00e1ci\u00f3 er\u0151s\u00f6d\u00e9se r\u00e1ad\u00e1sul arra k\u00e9nyszer\u00edtheti a jegybankot, hogy szigor\u00faan tartsa a monet\u00e1ris politik\u00e1t, ezzel pedig tov\u00e1bb n\u00f6veli a lassul\u00e1s es\u00e9ly\u00e9t. Ugyanakkor fontos szakmai megjegyezni, hogy a fogyaszt\u00f3i bizalom \u00f6nmag\u00e1ban nem determin\u00e1lja a recesszi\u00f3t: m\u00e1s indik\u00e1torok, p\u00e9ld\u00e1ul a szolg\u00e1ltat\u00e1si szektor aktivit\u00e1sa, a kiskereskedelmi forgalom vagy a lak\u00e1spiac, egyel\u0151re vegyes k\u00e9pet mutatnak. Ez azt jelenti, hogy a bizalom gyeng\u00fcl\u00e9se figyelmeztet\u0151 jel, de nem automatikusan jelenti a gazdas\u00e1gi visszaes\u00e9s bek\u00f6vetkezt\u00e9t.<\/p>\n<p>A jelenlegi trend alapj\u00e1n, ha a bizalom tov\u00e1bb romlik, a recesszi\u00f3 es\u00e9lye sem z\u00e1rhat\u00f3 ki a k\u00f6vetkez\u0151 \u00e9vben. A fogyaszt\u00f3i bizalmi mutat\u00f3 nem egyszer\u0171en egy m\u00e1sodlagos indik\u00e1tor, hanem a gazdas\u00e1gi dinamika egyik k\u00f6zponti eleme. Amikor a munkaer\u0151piaci bizonytalans\u00e1g \u00e9s az infl\u00e1ci\u00f3 egyszerre nehezedik a h\u00e1ztart\u00e1sokra, a mutat\u00f3 gyeng\u00fcl\u00e9se a gazdas\u00e1gi ciklus fordul\u00f3pontj\u00e1t vet\u00edti el\u0151re. Ez\u00e9rt a d\u00f6nt\u00e9shoz\u00f3knak \u00e9s a befektet\u0151knek kiemelten figyelni\u00fck kell r\u00e1, hiszen a k\u00f6vetkez\u0151 h\u00f3napok makrogazdas\u00e1gi alakul\u00e1s\u00e1t nagy val\u00f3sz\u00edn\u0171s\u00e9ggel m\u00e1r most el\u0151re jelzi.<\/p>\n","protected":false},"excerpt":{"rendered":"<p>Az Egyes\u00fclt \u00c1llamok gazdas\u00e1gi ciklus\u00e1nak egyik leg\u00e9rz\u00e9kenyebb el\u0151rejelz\u0151 indik\u00e1tora a fogyaszt\u00f3i bizalmi mutat\u00f3. Ez a m\u00e9r\u0151sz\u00e1m nem csup\u00e1n a h\u00e1ztart\u00e1sok r\u00f6vid t\u00e1v\u00fa hangulat\u00e1t t\u00fckr\u00f6zi annak ellen\u00e9re, hogy nem determinisztikus mutat\u00f3, hanem a fogyaszt\u00e1si hajland\u00f3s\u00e1gon kereszt\u00fcl k\u00f6zvetlen\u00fcl befoly\u00e1solja a gazdas\u00e1gi n\u00f6veked\u00e9st is. A bizalom gyeng\u00fcl\u00e9se 2025 augusztus\u00e1ban vil\u00e1gosan megmutatja, hogy a gazdas\u00e1gi ciklus fordul\u00f3pontj\u00e1hoz \u00e9rkezt\u00fcnk. Az&#8230;<\/p>\n","protected":false},"author":1,"featured_media":3209,"comment_status":"closed","ping_status":"open","sticky":false,"template":"","format":"standard","meta":{"footnotes":""},"categories":[52],"tags":[],"class_list":["post-3208","post","type-post","status-publish","format-standard","has-post-thumbnail","hentry","category-portfolioblogger"],"yoast_head":"<!-- This site is optimized with the Yoast SEO plugin v27.5 - https:\/\/yoast.com\/product\/yoast-seo-wordpress\/ -->\n<title>\u00d6n befektet\u0151? \u00c9rdemes n\u00e9znie az USA fogyaszt\u00f3i bizalmi mutat\u00f3j\u00e1t - SPB Blog<\/title>\n<meta name=\"description\" content=\"Az Egyes\u00fclt \u00c1llamok gazdas\u00e1gi ciklus\u00e1nak egyik leg\u00e9rz\u00e9kenyebb el\u0151rejelz\u0151 indik\u00e1tora a fogyaszt\u00f3i bizalmi mutat\u00f3. Ez a m\u00e9r\u0151sz\u00e1m nem csup\u00e1n a h\u00e1ztart\u00e1sok r\u00f6vid t\u00e1v\u00fa hangulat\u00e1t t\u00fckr\u00f6zi annak ellen\u00e9re, hogy nem determinisztikus mutat\u00f3, hanem a fogyaszt\u00e1si hajland\u00f3s\u00e1gon kereszt\u00fcl k\u00f6zvetlen\u00fcl befoly\u00e1solja a gazdas\u00e1gi n\u00f6veked\u00e9st is. A bizalom gyeng\u00fcl\u00e9se 2025 augusztus\u00e1ban vil\u00e1gosan megmutatja, hogy a gazdas\u00e1gi ciklus fordul\u00f3pontj\u00e1hoz \u00e9rkezt\u00fcnk.\" \/>\n<meta name=\"robots\" content=\"index, follow, max-snippet:-1, max-image-preview:large, max-video-preview:-1\" \/>\n<link rel=\"canonical\" href=\"https:\/\/blog.spbinvest.hu\/?p=3208\" \/>\n<meta property=\"og:locale\" content=\"hu_HU\" \/>\n<meta property=\"og:type\" content=\"article\" \/>\n<meta property=\"og:title\" content=\"\u00d6n befektet\u0151? \u00c9rdemes n\u00e9znie az USA fogyaszt\u00f3i bizalmi mutat\u00f3j\u00e1t\" \/>\n<meta property=\"og:description\" content=\"Az Egyes\u00fclt \u00c1llamok gazdas\u00e1gi ciklus\u00e1nak egyik leg\u00e9rz\u00e9kenyebb el\u0151rejelz\u0151 indik\u00e1tora a fogyaszt\u00f3i bizalmi mutat\u00f3. Ez a m\u00e9r\u0151sz\u00e1m nem csup\u00e1n a h\u00e1ztart\u00e1sok r\u00f6vid t\u00e1v\u00fa hangulat\u00e1t t\u00fckr\u00f6zi annak ellen\u00e9re, hogy nem determinisztikus mutat\u00f3, hanem a fogyaszt\u00e1si hajland\u00f3s\u00e1gon kereszt\u00fcl k\u00f6zvetlen\u00fcl befoly\u00e1solja a gazdas\u00e1gi n\u00f6veked\u00e9st is. A bizalom gyeng\u00fcl\u00e9se 2025 augusztus\u00e1ban vil\u00e1gosan megmutatja, hogy a gazdas\u00e1gi ciklus fordul\u00f3pontj\u00e1hoz \u00e9rkezt\u00fcnk.\" \/>\n<meta property=\"og:url\" content=\"https:\/\/blog.spbinvest.hu\/?p=3208\" \/>\n<meta property=\"og:site_name\" content=\"SPB Blog\" \/>\n<meta property=\"article:published_time\" content=\"2025-08-29T14:04:28+00:00\" \/>\n<meta property=\"article:modified_time\" content=\"2025-08-29T14:04:50+00:00\" \/>\n<meta property=\"og:image\" content=\"https:\/\/blog.spbinvest.hu\/wp-content\/uploads\/2025\/08\/spb-3.jpg\" \/>\n\t<meta property=\"og:image:width\" content=\"1000\" \/>\n\t<meta property=\"og:image:height\" content=\"527\" \/>\n\t<meta property=\"og:image:type\" content=\"image\/jpeg\" \/>\n<meta name=\"author\" content=\"SPB\" \/>\n<meta name=\"twitter:card\" content=\"summary_large_image\" \/>\n<meta name=\"twitter:label1\" content=\"Szerz\u0151:\" \/>\n\t<meta name=\"twitter:data1\" content=\"SPB\" \/>\n\t<meta name=\"twitter:label2\" content=\"Becs\u00fclt olvas\u00e1si id\u0151\" \/>\n\t<meta name=\"twitter:data2\" content=\"3 perc\" \/>\n<script type=\"application\/ld+json\" class=\"yoast-schema-graph\">{\"@context\":\"https:\\\/\\\/schema.org\",\"@graph\":[{\"@type\":\"Article\",\"@id\":\"https:\\\/\\\/blog.spbinvest.hu\\\/?p=3208#article\",\"isPartOf\":{\"@id\":\"https:\\\/\\\/blog.spbinvest.hu\\\/?p=3208\"},\"author\":{\"name\":\"SPB\",\"@id\":\"https:\\\/\\\/blog.spbinvest.hu\\\/#\\\/schema\\\/person\\\/d5af847b20d61bf27bae3db50d6247f7\"},\"headline\":\"\u00d6n befektet\u0151? \u00c9rdemes n\u00e9znie az USA fogyaszt\u00f3i bizalmi mutat\u00f3j\u00e1t\",\"datePublished\":\"2025-08-29T14:04:28+00:00\",\"dateModified\":\"2025-08-29T14:04:50+00:00\",\"mainEntityOfPage\":{\"@id\":\"https:\\\/\\\/blog.spbinvest.hu\\\/?p=3208\"},\"wordCount\":723,\"image\":{\"@id\":\"https:\\\/\\\/blog.spbinvest.hu\\\/?p=3208#primaryimage\"},\"thumbnailUrl\":\"https:\\\/\\\/blog.spbinvest.hu\\\/wp-content\\\/uploads\\\/2025\\\/08\\\/spb-3.jpg\",\"articleSection\":[\"portfolioblogger\"],\"inLanguage\":\"hu\"},{\"@type\":\"WebPage\",\"@id\":\"https:\\\/\\\/blog.spbinvest.hu\\\/?p=3208\",\"url\":\"https:\\\/\\\/blog.spbinvest.hu\\\/?p=3208\",\"name\":\"\u00d6n befektet\u0151? \u00c9rdemes n\u00e9znie az USA fogyaszt\u00f3i bizalmi mutat\u00f3j\u00e1t - SPB Blog\",\"isPartOf\":{\"@id\":\"https:\\\/\\\/blog.spbinvest.hu\\\/#website\"},\"primaryImageOfPage\":{\"@id\":\"https:\\\/\\\/blog.spbinvest.hu\\\/?p=3208#primaryimage\"},\"image\":{\"@id\":\"https:\\\/\\\/blog.spbinvest.hu\\\/?p=3208#primaryimage\"},\"thumbnailUrl\":\"https:\\\/\\\/blog.spbinvest.hu\\\/wp-content\\\/uploads\\\/2025\\\/08\\\/spb-3.jpg\",\"datePublished\":\"2025-08-29T14:04:28+00:00\",\"dateModified\":\"2025-08-29T14:04:50+00:00\",\"author\":{\"@id\":\"https:\\\/\\\/blog.spbinvest.hu\\\/#\\\/schema\\\/person\\\/d5af847b20d61bf27bae3db50d6247f7\"},\"description\":\"Az Egyes\u00fclt \u00c1llamok gazdas\u00e1gi ciklus\u00e1nak egyik leg\u00e9rz\u00e9kenyebb el\u0151rejelz\u0151 indik\u00e1tora a fogyaszt\u00f3i bizalmi mutat\u00f3. Ez a m\u00e9r\u0151sz\u00e1m nem csup\u00e1n a h\u00e1ztart\u00e1sok r\u00f6vid t\u00e1v\u00fa hangulat\u00e1t t\u00fckr\u00f6zi annak ellen\u00e9re, hogy nem determinisztikus mutat\u00f3, hanem a fogyaszt\u00e1si hajland\u00f3s\u00e1gon kereszt\u00fcl k\u00f6zvetlen\u00fcl befoly\u00e1solja a gazdas\u00e1gi n\u00f6veked\u00e9st is. A bizalom gyeng\u00fcl\u00e9se 2025 augusztus\u00e1ban vil\u00e1gosan megmutatja, hogy a gazdas\u00e1gi ciklus fordul\u00f3pontj\u00e1hoz \u00e9rkezt\u00fcnk.\",\"breadcrumb\":{\"@id\":\"https:\\\/\\\/blog.spbinvest.hu\\\/?p=3208#breadcrumb\"},\"inLanguage\":\"hu\",\"potentialAction\":[{\"@type\":\"ReadAction\",\"target\":[\"https:\\\/\\\/blog.spbinvest.hu\\\/?p=3208\"]}]},{\"@type\":\"ImageObject\",\"inLanguage\":\"hu\",\"@id\":\"https:\\\/\\\/blog.spbinvest.hu\\\/?p=3208#primaryimage\",\"url\":\"https:\\\/\\\/blog.spbinvest.hu\\\/wp-content\\\/uploads\\\/2025\\\/08\\\/spb-3.jpg\",\"contentUrl\":\"https:\\\/\\\/blog.spbinvest.hu\\\/wp-content\\\/uploads\\\/2025\\\/08\\\/spb-3.jpg\",\"width\":1000,\"height\":527},{\"@type\":\"BreadcrumbList\",\"@id\":\"https:\\\/\\\/blog.spbinvest.hu\\\/?p=3208#breadcrumb\",\"itemListElement\":[{\"@type\":\"ListItem\",\"position\":1,\"name\":\"Kezd\u0151lap\",\"item\":\"https:\\\/\\\/blog.spbinvest.hu\\\/\"},{\"@type\":\"ListItem\",\"position\":2,\"name\":\"\u00d6n befektet\u0151? \u00c9rdemes n\u00e9znie az USA fogyaszt\u00f3i bizalmi mutat\u00f3j\u00e1t\"}]},{\"@type\":\"WebSite\",\"@id\":\"https:\\\/\\\/blog.spbinvest.hu\\\/#website\",\"url\":\"https:\\\/\\\/blog.spbinvest.hu\\\/\",\"name\":\"SPB Blog\",\"description\":\"\",\"potentialAction\":[{\"@type\":\"SearchAction\",\"target\":{\"@type\":\"EntryPoint\",\"urlTemplate\":\"https:\\\/\\\/blog.spbinvest.hu\\\/?s={search_term_string}\"},\"query-input\":{\"@type\":\"PropertyValueSpecification\",\"valueRequired\":true,\"valueName\":\"search_term_string\"}}],\"inLanguage\":\"hu\"},{\"@type\":\"Person\",\"@id\":\"https:\\\/\\\/blog.spbinvest.hu\\\/#\\\/schema\\\/person\\\/d5af847b20d61bf27bae3db50d6247f7\",\"name\":\"SPB\",\"image\":{\"@type\":\"ImageObject\",\"inLanguage\":\"hu\",\"@id\":\"https:\\\/\\\/secure.gravatar.com\\\/avatar\\\/e4bde87cb0016e1f94b62d02932290f9440405440ef9e5f3917ee5cec0b41662?s=96&d=mm&r=g\",\"url\":\"https:\\\/\\\/secure.gravatar.com\\\/avatar\\\/e4bde87cb0016e1f94b62d02932290f9440405440ef9e5f3917ee5cec0b41662?s=96&d=mm&r=g\",\"contentUrl\":\"https:\\\/\\\/secure.gravatar.com\\\/avatar\\\/e4bde87cb0016e1f94b62d02932290f9440405440ef9e5f3917ee5cec0b41662?s=96&d=mm&r=g\",\"caption\":\"SPB\"},\"sameAs\":[\"https:\\\/\\\/blog.spbinvest.hu\"],\"url\":\"https:\\\/\\\/blog.spbinvest.hu\\\/?author=1\"}]}<\/script>\n<!-- \/ Yoast SEO plugin. -->","yoast_head_json":{"title":"\u00d6n befektet\u0151? \u00c9rdemes n\u00e9znie az USA fogyaszt\u00f3i bizalmi mutat\u00f3j\u00e1t - SPB Blog","description":"Az Egyes\u00fclt \u00c1llamok gazdas\u00e1gi ciklus\u00e1nak egyik leg\u00e9rz\u00e9kenyebb el\u0151rejelz\u0151 indik\u00e1tora a fogyaszt\u00f3i bizalmi mutat\u00f3. Ez a m\u00e9r\u0151sz\u00e1m nem csup\u00e1n a h\u00e1ztart\u00e1sok r\u00f6vid t\u00e1v\u00fa hangulat\u00e1t t\u00fckr\u00f6zi annak ellen\u00e9re, hogy nem determinisztikus mutat\u00f3, hanem a fogyaszt\u00e1si hajland\u00f3s\u00e1gon kereszt\u00fcl k\u00f6zvetlen\u00fcl befoly\u00e1solja a gazdas\u00e1gi n\u00f6veked\u00e9st is. A bizalom gyeng\u00fcl\u00e9se 2025 augusztus\u00e1ban vil\u00e1gosan megmutatja, hogy a gazdas\u00e1gi ciklus fordul\u00f3pontj\u00e1hoz \u00e9rkezt\u00fcnk.","robots":{"index":"index","follow":"follow","max-snippet":"max-snippet:-1","max-image-preview":"max-image-preview:large","max-video-preview":"max-video-preview:-1"},"canonical":"https:\/\/blog.spbinvest.hu\/?p=3208","og_locale":"hu_HU","og_type":"article","og_title":"\u00d6n befektet\u0151? \u00c9rdemes n\u00e9znie az USA fogyaszt\u00f3i bizalmi mutat\u00f3j\u00e1t","og_description":"Az Egyes\u00fclt \u00c1llamok gazdas\u00e1gi ciklus\u00e1nak egyik leg\u00e9rz\u00e9kenyebb el\u0151rejelz\u0151 indik\u00e1tora a fogyaszt\u00f3i bizalmi mutat\u00f3. Ez a m\u00e9r\u0151sz\u00e1m nem csup\u00e1n a h\u00e1ztart\u00e1sok r\u00f6vid t\u00e1v\u00fa hangulat\u00e1t t\u00fckr\u00f6zi annak ellen\u00e9re, hogy nem determinisztikus mutat\u00f3, hanem a fogyaszt\u00e1si hajland\u00f3s\u00e1gon kereszt\u00fcl k\u00f6zvetlen\u00fcl befoly\u00e1solja a gazdas\u00e1gi n\u00f6veked\u00e9st is. A bizalom gyeng\u00fcl\u00e9se 2025 augusztus\u00e1ban vil\u00e1gosan megmutatja, hogy a gazdas\u00e1gi ciklus fordul\u00f3pontj\u00e1hoz \u00e9rkezt\u00fcnk.","og_url":"https:\/\/blog.spbinvest.hu\/?p=3208","og_site_name":"SPB Blog","article_published_time":"2025-08-29T14:04:28+00:00","article_modified_time":"2025-08-29T14:04:50+00:00","og_image":[{"width":1000,"height":527,"url":"https:\/\/blog.spbinvest.hu\/wp-content\/uploads\/2025\/08\/spb-3.jpg","type":"image\/jpeg"}],"author":"SPB","twitter_card":"summary_large_image","twitter_misc":{"Szerz\u0151:":"SPB","Becs\u00fclt olvas\u00e1si id\u0151":"3 perc"},"schema":{"@context":"https:\/\/schema.org","@graph":[{"@type":"Article","@id":"https:\/\/blog.spbinvest.hu\/?p=3208#article","isPartOf":{"@id":"https:\/\/blog.spbinvest.hu\/?p=3208"},"author":{"name":"SPB","@id":"https:\/\/blog.spbinvest.hu\/#\/schema\/person\/d5af847b20d61bf27bae3db50d6247f7"},"headline":"\u00d6n befektet\u0151? \u00c9rdemes n\u00e9znie az USA fogyaszt\u00f3i bizalmi mutat\u00f3j\u00e1t","datePublished":"2025-08-29T14:04:28+00:00","dateModified":"2025-08-29T14:04:50+00:00","mainEntityOfPage":{"@id":"https:\/\/blog.spbinvest.hu\/?p=3208"},"wordCount":723,"image":{"@id":"https:\/\/blog.spbinvest.hu\/?p=3208#primaryimage"},"thumbnailUrl":"https:\/\/blog.spbinvest.hu\/wp-content\/uploads\/2025\/08\/spb-3.jpg","articleSection":["portfolioblogger"],"inLanguage":"hu"},{"@type":"WebPage","@id":"https:\/\/blog.spbinvest.hu\/?p=3208","url":"https:\/\/blog.spbinvest.hu\/?p=3208","name":"\u00d6n befektet\u0151? \u00c9rdemes n\u00e9znie az USA fogyaszt\u00f3i bizalmi mutat\u00f3j\u00e1t - SPB Blog","isPartOf":{"@id":"https:\/\/blog.spbinvest.hu\/#website"},"primaryImageOfPage":{"@id":"https:\/\/blog.spbinvest.hu\/?p=3208#primaryimage"},"image":{"@id":"https:\/\/blog.spbinvest.hu\/?p=3208#primaryimage"},"thumbnailUrl":"https:\/\/blog.spbinvest.hu\/wp-content\/uploads\/2025\/08\/spb-3.jpg","datePublished":"2025-08-29T14:04:28+00:00","dateModified":"2025-08-29T14:04:50+00:00","author":{"@id":"https:\/\/blog.spbinvest.hu\/#\/schema\/person\/d5af847b20d61bf27bae3db50d6247f7"},"description":"Az Egyes\u00fclt \u00c1llamok gazdas\u00e1gi ciklus\u00e1nak egyik leg\u00e9rz\u00e9kenyebb el\u0151rejelz\u0151 indik\u00e1tora a fogyaszt\u00f3i bizalmi mutat\u00f3. Ez a m\u00e9r\u0151sz\u00e1m nem csup\u00e1n a h\u00e1ztart\u00e1sok r\u00f6vid t\u00e1v\u00fa hangulat\u00e1t t\u00fckr\u00f6zi annak ellen\u00e9re, hogy nem determinisztikus mutat\u00f3, hanem a fogyaszt\u00e1si hajland\u00f3s\u00e1gon kereszt\u00fcl k\u00f6zvetlen\u00fcl befoly\u00e1solja a gazdas\u00e1gi n\u00f6veked\u00e9st is. A bizalom gyeng\u00fcl\u00e9se 2025 augusztus\u00e1ban vil\u00e1gosan megmutatja, hogy a gazdas\u00e1gi ciklus fordul\u00f3pontj\u00e1hoz \u00e9rkezt\u00fcnk.","breadcrumb":{"@id":"https:\/\/blog.spbinvest.hu\/?p=3208#breadcrumb"},"inLanguage":"hu","potentialAction":[{"@type":"ReadAction","target":["https:\/\/blog.spbinvest.hu\/?p=3208"]}]},{"@type":"ImageObject","inLanguage":"hu","@id":"https:\/\/blog.spbinvest.hu\/?p=3208#primaryimage","url":"https:\/\/blog.spbinvest.hu\/wp-content\/uploads\/2025\/08\/spb-3.jpg","contentUrl":"https:\/\/blog.spbinvest.hu\/wp-content\/uploads\/2025\/08\/spb-3.jpg","width":1000,"height":527},{"@type":"BreadcrumbList","@id":"https:\/\/blog.spbinvest.hu\/?p=3208#breadcrumb","itemListElement":[{"@type":"ListItem","position":1,"name":"Kezd\u0151lap","item":"https:\/\/blog.spbinvest.hu\/"},{"@type":"ListItem","position":2,"name":"\u00d6n befektet\u0151? \u00c9rdemes n\u00e9znie az USA fogyaszt\u00f3i bizalmi mutat\u00f3j\u00e1t"}]},{"@type":"WebSite","@id":"https:\/\/blog.spbinvest.hu\/#website","url":"https:\/\/blog.spbinvest.hu\/","name":"SPB Blog","description":"","potentialAction":[{"@type":"SearchAction","target":{"@type":"EntryPoint","urlTemplate":"https:\/\/blog.spbinvest.hu\/?s={search_term_string}"},"query-input":{"@type":"PropertyValueSpecification","valueRequired":true,"valueName":"search_term_string"}}],"inLanguage":"hu"},{"@type":"Person","@id":"https:\/\/blog.spbinvest.hu\/#\/schema\/person\/d5af847b20d61bf27bae3db50d6247f7","name":"SPB","image":{"@type":"ImageObject","inLanguage":"hu","@id":"https:\/\/secure.gravatar.com\/avatar\/e4bde87cb0016e1f94b62d02932290f9440405440ef9e5f3917ee5cec0b41662?s=96&d=mm&r=g","url":"https:\/\/secure.gravatar.com\/avatar\/e4bde87cb0016e1f94b62d02932290f9440405440ef9e5f3917ee5cec0b41662?s=96&d=mm&r=g","contentUrl":"https:\/\/secure.gravatar.com\/avatar\/e4bde87cb0016e1f94b62d02932290f9440405440ef9e5f3917ee5cec0b41662?s=96&d=mm&r=g","caption":"SPB"},"sameAs":["https:\/\/blog.spbinvest.hu"],"url":"https:\/\/blog.spbinvest.hu\/?author=1"}]}},"_links":{"self":[{"href":"https:\/\/blog.spbinvest.hu\/index.php?rest_route=\/wp\/v2\/posts\/3208","targetHints":{"allow":["GET"]}}],"collection":[{"href":"https:\/\/blog.spbinvest.hu\/index.php?rest_route=\/wp\/v2\/posts"}],"about":[{"href":"https:\/\/blog.spbinvest.hu\/index.php?rest_route=\/wp\/v2\/types\/post"}],"author":[{"embeddable":true,"href":"https:\/\/blog.spbinvest.hu\/index.php?rest_route=\/wp\/v2\/users\/1"}],"replies":[{"embeddable":true,"href":"https:\/\/blog.spbinvest.hu\/index.php?rest_route=%2Fwp%2Fv2%2Fcomments&post=3208"}],"version-history":[{"count":1,"href":"https:\/\/blog.spbinvest.hu\/index.php?rest_route=\/wp\/v2\/posts\/3208\/revisions"}],"predecessor-version":[{"id":3210,"href":"https:\/\/blog.spbinvest.hu\/index.php?rest_route=\/wp\/v2\/posts\/3208\/revisions\/3210"}],"wp:featuredmedia":[{"embeddable":true,"href":"https:\/\/blog.spbinvest.hu\/index.php?rest_route=\/wp\/v2\/media\/3209"}],"wp:attachment":[{"href":"https:\/\/blog.spbinvest.hu\/index.php?rest_route=%2Fwp%2Fv2%2Fmedia&parent=3208"}],"wp:term":[{"taxonomy":"category","embeddable":true,"href":"https:\/\/blog.spbinvest.hu\/index.php?rest_route=%2Fwp%2Fv2%2Fcategories&post=3208"},{"taxonomy":"post_tag","embeddable":true,"href":"https:\/\/blog.spbinvest.hu\/index.php?rest_route=%2Fwp%2Fv2%2Ftags&post=3208"}],"curies":[{"name":"wp","href":"https:\/\/api.w.org\/{rel}","templated":true}]}}