{"id":3035,"date":"2025-04-08T17:15:16","date_gmt":"2025-04-08T17:15:16","guid":{"rendered":"https:\/\/blog.spbinvest.hu\/?p=3035"},"modified":"2025-04-15T06:17:07","modified_gmt":"2025-04-15T06:17:07","slug":"megmozdultak-a-magyar-gazdagok-a-reszvenypiaci-panikban-mutatjuk-mibe-fektetnek-portfolio","status":"publish","type":"post","link":"https:\/\/blog.spbinvest.hu\/?p=3035","title":{"rendered":"Megmozdultak a magyar gazdagok a r\u00e9szv\u00e9nypiaci p\u00e1nikban \u2013 Mutatjuk, mibe fektetnek &#8211; Portfolio"},"content":{"rendered":"<div class=\"x11i5rnm xat24cr x1mh8g0r x1vvkbs xtlvy1s x126k92a\">\n<div dir=\"auto\">Az SPB Befektet\u00e9si Zrt. szakmai v\u00e9lem\u00e9nye is megtekinthet\u0151 a cikkben<\/div>\n<div dir=\"auto\"><\/div>\n<\/div>\n<div class=\"x11i5rnm xat24cr x1mh8g0r x1vvkbs xtlvy1s x126k92a\">\n<div dir=\"auto\">Nincs p\u00e1nik, de aktiviz\u00e1lt\u00e1k magukat a magyar priv\u00e1tbanki \u00fcgyfelek az elm\u00falt napok t\u0151zsdei csapkod\u00e1sai ut\u00e1n. A Portfolio \u00e1ltal megk\u00e9rdezett priv\u00e1tbanki szolg\u00e1ltat\u00f3k szerint a gazdagok ilyen id\u0151szakokban jellemz\u0151en fedez\u00e9kbe vonulnak, de vannak v\u00e1llalkoz\u00f3 szellem\u0171ek is: sok helyen \u00e1talakultak a devizas\u00falyok, egyes esetekben a portf\u00f3li\u00f3k is, de p\u00e1nikszer\u0171 elad\u00e1sokr\u00f3l nem besz\u00e9lhet\u00fcnk. A szolg\u00e1ltat\u00f3k azt is el\u00e1rult\u00e1k, milyen tan\u00e1csokat adnak ilyenkor vagyonosabb \u00fcgyfeleiknek, \u00e9s mire sz\u00e1m\u00edtanak a piacokon a k\u00f6vetkez\u0151 h\u00f3napokban.<\/div>\n<div dir=\"auto\"><\/div>\n<\/div>\n<div dir=\"auto\"><a href=\"https:\/\/www.portfolio.hu\/bank\/20250408\/megmozdultak-a-magyar-gazdagok-a-reszvenypiaci-panikban-mutatjuk-mibe-fektetnek-753491\">https:\/\/www.portfolio.hu\/bank\/20250408\/megmozdultak-a-magyar-gazdagok-a-reszvenypiaci-panikban-mutatjuk-mibe-fektetnek-753491<\/a><\/div>\n","protected":false},"excerpt":{"rendered":"<p>Az SPB Befektet\u00e9si Zrt. szakmai v\u00e9lem\u00e9nye is megtekinthet\u0151 a cikkben Nincs p\u00e1nik, de aktiviz\u00e1lt\u00e1k magukat a magyar priv\u00e1tbanki \u00fcgyfelek az elm\u00falt napok t\u0151zsdei csapkod\u00e1sai ut\u00e1n. A Portfolio \u00e1ltal megk\u00e9rdezett priv\u00e1tbanki szolg\u00e1ltat\u00f3k szerint a gazdagok ilyen id\u0151szakokban jellemz\u0151en fedez\u00e9kbe vonulnak, de vannak v\u00e1llalkoz\u00f3 szellem\u0171ek is: sok helyen \u00e1talakultak a devizas\u00falyok, egyes esetekben a portf\u00f3li\u00f3k is, de&#8230;<\/p>\n","protected":false},"author":1,"featured_media":3036,"comment_status":"closed","ping_status":"open","sticky":false,"template":"","format":"standard","meta":{"footnotes":""},"categories":[48],"tags":[],"class_list":["post-3035","post","type-post","status-publish","format-standard","has-post-thumbnail","hentry","category-sajto"],"yoast_head":"<!-- This site is optimized with the Yoast SEO plugin v27.5 - https:\/\/yoast.com\/product\/yoast-seo-wordpress\/ -->\n<title>Megmozdultak a magyar gazdagok a r\u00e9szv\u00e9nypiaci p\u00e1nikban \u2013 Mutatjuk, mibe fektetnek - Portfolio - SPB Blog<\/title>\n<meta name=\"description\" content=\"Nincs p\u00e1nik, de aktiviz\u00e1lt\u00e1k magukat a magyar priv\u00e1tbanki \u00fcgyfelek az elm\u00falt napok t\u0151zsdei csapkod\u00e1sai ut\u00e1n. A Portfolio \u00e1ltal megk\u00e9rdezett priv\u00e1tbanki szolg\u00e1ltat\u00f3k szerint a gazdagok ilyen id\u0151szakokban jellemz\u0151en fedez\u00e9kbe vonulnak, de vannak v\u00e1llalkoz\u00f3 szellem\u0171ek is: sok helyen \u00e1talakultak a devizas\u00falyok, egyes esetekben a portf\u00f3li\u00f3k is, de p\u00e1nikszer\u0171 elad\u00e1sokr\u00f3l nem besz\u00e9lhet\u00fcnk. A szolg\u00e1ltat\u00f3k azt is el\u00e1rult\u00e1k, milyen tan\u00e1csokat adnak ilyenkor vagyonosabb \u00fcgyfeleiknek, \u00e9s mire sz\u00e1m\u00edtanak a piacokon a k\u00f6vetkez\u0151 h\u00f3napokban.\" \/>\n<meta name=\"robots\" content=\"index, follow, max-snippet:-1, max-image-preview:large, max-video-preview:-1\" \/>\n<link rel=\"canonical\" href=\"https:\/\/blog.spbinvest.hu\/?p=3035\" \/>\n<meta property=\"og:locale\" content=\"hu_HU\" \/>\n<meta property=\"og:type\" content=\"article\" \/>\n<meta property=\"og:title\" content=\"Megmozdultak a magyar gazdagok a r\u00e9szv\u00e9nypiaci p\u00e1nikban \u2013 Mutatjuk, mibe fektetnek - Portfolio\" \/>\n<meta property=\"og:description\" content=\"Nincs p\u00e1nik, de aktiviz\u00e1lt\u00e1k magukat a magyar priv\u00e1tbanki \u00fcgyfelek az elm\u00falt napok t\u0151zsdei csapkod\u00e1sai ut\u00e1n. A Portfolio \u00e1ltal megk\u00e9rdezett priv\u00e1tbanki szolg\u00e1ltat\u00f3k szerint a gazdagok ilyen id\u0151szakokban jellemz\u0151en fedez\u00e9kbe vonulnak, de vannak v\u00e1llalkoz\u00f3 szellem\u0171ek is: sok helyen \u00e1talakultak a devizas\u00falyok, egyes esetekben a portf\u00f3li\u00f3k is, de p\u00e1nikszer\u0171 elad\u00e1sokr\u00f3l nem besz\u00e9lhet\u00fcnk. A szolg\u00e1ltat\u00f3k azt is el\u00e1rult\u00e1k, milyen tan\u00e1csokat adnak ilyenkor vagyonosabb \u00fcgyfeleiknek, \u00e9s mire sz\u00e1m\u00edtanak a piacokon a k\u00f6vetkez\u0151 h\u00f3napokban.\" \/>\n<meta property=\"og:url\" content=\"https:\/\/blog.spbinvest.hu\/?p=3035\" \/>\n<meta property=\"og:site_name\" content=\"SPB Blog\" \/>\n<meta property=\"article:published_time\" content=\"2025-04-08T17:15:16+00:00\" \/>\n<meta property=\"article:modified_time\" content=\"2025-04-15T06:17:07+00:00\" \/>\n<meta property=\"og:image\" content=\"https:\/\/blog.spbinvest.hu\/wp-content\/uploads\/2025\/04\/portfolio.jpg\" \/>\n\t<meta property=\"og:image:width\" content=\"1920\" \/>\n\t<meta property=\"og:image:height\" content=\"1080\" \/>\n\t<meta property=\"og:image:type\" content=\"image\/jpeg\" \/>\n<meta name=\"author\" content=\"SPB\" \/>\n<meta name=\"twitter:card\" content=\"summary_large_image\" \/>\n<meta name=\"twitter:label1\" content=\"Szerz\u0151:\" \/>\n\t<meta name=\"twitter:data1\" content=\"SPB\" \/>\n\t<meta name=\"twitter:label2\" content=\"Becs\u00fclt olvas\u00e1si id\u0151\" \/>\n\t<meta name=\"twitter:data2\" content=\"1 perc\" \/>\n<script type=\"application\/ld+json\" class=\"yoast-schema-graph\">{\"@context\":\"https:\\\/\\\/schema.org\",\"@graph\":[{\"@type\":\"Article\",\"@id\":\"https:\\\/\\\/blog.spbinvest.hu\\\/?p=3035#article\",\"isPartOf\":{\"@id\":\"https:\\\/\\\/blog.spbinvest.hu\\\/?p=3035\"},\"author\":{\"name\":\"SPB\",\"@id\":\"https:\\\/\\\/blog.spbinvest.hu\\\/#\\\/schema\\\/person\\\/d5af847b20d61bf27bae3db50d6247f7\"},\"headline\":\"Megmozdultak a magyar gazdagok a r\u00e9szv\u00e9nypiaci p\u00e1nikban \u2013 Mutatjuk, mibe fektetnek &#8211; Portfolio\",\"datePublished\":\"2025-04-08T17:15:16+00:00\",\"dateModified\":\"2025-04-15T06:17:07+00:00\",\"mainEntityOfPage\":{\"@id\":\"https:\\\/\\\/blog.spbinvest.hu\\\/?p=3035\"},\"wordCount\":136,\"image\":{\"@id\":\"https:\\\/\\\/blog.spbinvest.hu\\\/?p=3035#primaryimage\"},\"thumbnailUrl\":\"https:\\\/\\\/blog.spbinvest.hu\\\/wp-content\\\/uploads\\\/2025\\\/04\\\/portfolio.jpg\",\"articleSection\":[\"Sajt\u00f3\"],\"inLanguage\":\"hu\"},{\"@type\":\"WebPage\",\"@id\":\"https:\\\/\\\/blog.spbinvest.hu\\\/?p=3035\",\"url\":\"https:\\\/\\\/blog.spbinvest.hu\\\/?p=3035\",\"name\":\"Megmozdultak a magyar gazdagok a r\u00e9szv\u00e9nypiaci p\u00e1nikban \u2013 Mutatjuk, mibe fektetnek - Portfolio - SPB Blog\",\"isPartOf\":{\"@id\":\"https:\\\/\\\/blog.spbinvest.hu\\\/#website\"},\"primaryImageOfPage\":{\"@id\":\"https:\\\/\\\/blog.spbinvest.hu\\\/?p=3035#primaryimage\"},\"image\":{\"@id\":\"https:\\\/\\\/blog.spbinvest.hu\\\/?p=3035#primaryimage\"},\"thumbnailUrl\":\"https:\\\/\\\/blog.spbinvest.hu\\\/wp-content\\\/uploads\\\/2025\\\/04\\\/portfolio.jpg\",\"datePublished\":\"2025-04-08T17:15:16+00:00\",\"dateModified\":\"2025-04-15T06:17:07+00:00\",\"author\":{\"@id\":\"https:\\\/\\\/blog.spbinvest.hu\\\/#\\\/schema\\\/person\\\/d5af847b20d61bf27bae3db50d6247f7\"},\"description\":\"Nincs p\u00e1nik, de aktiviz\u00e1lt\u00e1k magukat a magyar priv\u00e1tbanki \u00fcgyfelek az elm\u00falt napok t\u0151zsdei csapkod\u00e1sai ut\u00e1n. A Portfolio \u00e1ltal megk\u00e9rdezett priv\u00e1tbanki szolg\u00e1ltat\u00f3k szerint a gazdagok ilyen id\u0151szakokban jellemz\u0151en fedez\u00e9kbe vonulnak, de vannak v\u00e1llalkoz\u00f3 szellem\u0171ek is: sok helyen \u00e1talakultak a devizas\u00falyok, egyes esetekben a portf\u00f3li\u00f3k is, de p\u00e1nikszer\u0171 elad\u00e1sokr\u00f3l nem besz\u00e9lhet\u00fcnk. A szolg\u00e1ltat\u00f3k azt is el\u00e1rult\u00e1k, milyen tan\u00e1csokat adnak ilyenkor vagyonosabb \u00fcgyfeleiknek, \u00e9s mire sz\u00e1m\u00edtanak a piacokon a k\u00f6vetkez\u0151 h\u00f3napokban.\",\"breadcrumb\":{\"@id\":\"https:\\\/\\\/blog.spbinvest.hu\\\/?p=3035#breadcrumb\"},\"inLanguage\":\"hu\",\"potentialAction\":[{\"@type\":\"ReadAction\",\"target\":[\"https:\\\/\\\/blog.spbinvest.hu\\\/?p=3035\"]}]},{\"@type\":\"ImageObject\",\"inLanguage\":\"hu\",\"@id\":\"https:\\\/\\\/blog.spbinvest.hu\\\/?p=3035#primaryimage\",\"url\":\"https:\\\/\\\/blog.spbinvest.hu\\\/wp-content\\\/uploads\\\/2025\\\/04\\\/portfolio.jpg\",\"contentUrl\":\"https:\\\/\\\/blog.spbinvest.hu\\\/wp-content\\\/uploads\\\/2025\\\/04\\\/portfolio.jpg\",\"width\":1920,\"height\":1080,\"caption\":\"certifikat\"},{\"@type\":\"BreadcrumbList\",\"@id\":\"https:\\\/\\\/blog.spbinvest.hu\\\/?p=3035#breadcrumb\",\"itemListElement\":[{\"@type\":\"ListItem\",\"position\":1,\"name\":\"Kezd\u0151lap\",\"item\":\"https:\\\/\\\/blog.spbinvest.hu\\\/\"},{\"@type\":\"ListItem\",\"position\":2,\"name\":\"Megmozdultak a magyar gazdagok a r\u00e9szv\u00e9nypiaci p\u00e1nikban \u2013 Mutatjuk, mibe fektetnek &#8211; Portfolio\"}]},{\"@type\":\"WebSite\",\"@id\":\"https:\\\/\\\/blog.spbinvest.hu\\\/#website\",\"url\":\"https:\\\/\\\/blog.spbinvest.hu\\\/\",\"name\":\"SPB Blog\",\"description\":\"\",\"potentialAction\":[{\"@type\":\"SearchAction\",\"target\":{\"@type\":\"EntryPoint\",\"urlTemplate\":\"https:\\\/\\\/blog.spbinvest.hu\\\/?s={search_term_string}\"},\"query-input\":{\"@type\":\"PropertyValueSpecification\",\"valueRequired\":true,\"valueName\":\"search_term_string\"}}],\"inLanguage\":\"hu\"},{\"@type\":\"Person\",\"@id\":\"https:\\\/\\\/blog.spbinvest.hu\\\/#\\\/schema\\\/person\\\/d5af847b20d61bf27bae3db50d6247f7\",\"name\":\"SPB\",\"image\":{\"@type\":\"ImageObject\",\"inLanguage\":\"hu\",\"@id\":\"https:\\\/\\\/secure.gravatar.com\\\/avatar\\\/e4bde87cb0016e1f94b62d02932290f9440405440ef9e5f3917ee5cec0b41662?s=96&d=mm&r=g\",\"url\":\"https:\\\/\\\/secure.gravatar.com\\\/avatar\\\/e4bde87cb0016e1f94b62d02932290f9440405440ef9e5f3917ee5cec0b41662?s=96&d=mm&r=g\",\"contentUrl\":\"https:\\\/\\\/secure.gravatar.com\\\/avatar\\\/e4bde87cb0016e1f94b62d02932290f9440405440ef9e5f3917ee5cec0b41662?s=96&d=mm&r=g\",\"caption\":\"SPB\"},\"sameAs\":[\"https:\\\/\\\/blog.spbinvest.hu\"],\"url\":\"https:\\\/\\\/blog.spbinvest.hu\\\/?author=1\"}]}<\/script>\n<!-- \/ Yoast SEO plugin. -->","yoast_head_json":{"title":"Megmozdultak a magyar gazdagok a r\u00e9szv\u00e9nypiaci p\u00e1nikban \u2013 Mutatjuk, mibe fektetnek - Portfolio - SPB Blog","description":"Nincs p\u00e1nik, de aktiviz\u00e1lt\u00e1k magukat a magyar priv\u00e1tbanki \u00fcgyfelek az elm\u00falt napok t\u0151zsdei csapkod\u00e1sai ut\u00e1n. A Portfolio \u00e1ltal megk\u00e9rdezett priv\u00e1tbanki szolg\u00e1ltat\u00f3k szerint a gazdagok ilyen id\u0151szakokban jellemz\u0151en fedez\u00e9kbe vonulnak, de vannak v\u00e1llalkoz\u00f3 szellem\u0171ek is: sok helyen \u00e1talakultak a devizas\u00falyok, egyes esetekben a portf\u00f3li\u00f3k is, de p\u00e1nikszer\u0171 elad\u00e1sokr\u00f3l nem besz\u00e9lhet\u00fcnk. A szolg\u00e1ltat\u00f3k azt is el\u00e1rult\u00e1k, milyen tan\u00e1csokat adnak ilyenkor vagyonosabb \u00fcgyfeleiknek, \u00e9s mire sz\u00e1m\u00edtanak a piacokon a k\u00f6vetkez\u0151 h\u00f3napokban.","robots":{"index":"index","follow":"follow","max-snippet":"max-snippet:-1","max-image-preview":"max-image-preview:large","max-video-preview":"max-video-preview:-1"},"canonical":"https:\/\/blog.spbinvest.hu\/?p=3035","og_locale":"hu_HU","og_type":"article","og_title":"Megmozdultak a magyar gazdagok a r\u00e9szv\u00e9nypiaci p\u00e1nikban \u2013 Mutatjuk, mibe fektetnek - Portfolio","og_description":"Nincs p\u00e1nik, de aktiviz\u00e1lt\u00e1k magukat a magyar priv\u00e1tbanki \u00fcgyfelek az elm\u00falt napok t\u0151zsdei csapkod\u00e1sai ut\u00e1n. A Portfolio \u00e1ltal megk\u00e9rdezett priv\u00e1tbanki szolg\u00e1ltat\u00f3k szerint a gazdagok ilyen id\u0151szakokban jellemz\u0151en fedez\u00e9kbe vonulnak, de vannak v\u00e1llalkoz\u00f3 szellem\u0171ek is: sok helyen \u00e1talakultak a devizas\u00falyok, egyes esetekben a portf\u00f3li\u00f3k is, de p\u00e1nikszer\u0171 elad\u00e1sokr\u00f3l nem besz\u00e9lhet\u00fcnk. A szolg\u00e1ltat\u00f3k azt is el\u00e1rult\u00e1k, milyen tan\u00e1csokat adnak ilyenkor vagyonosabb \u00fcgyfeleiknek, \u00e9s mire sz\u00e1m\u00edtanak a piacokon a k\u00f6vetkez\u0151 h\u00f3napokban.","og_url":"https:\/\/blog.spbinvest.hu\/?p=3035","og_site_name":"SPB Blog","article_published_time":"2025-04-08T17:15:16+00:00","article_modified_time":"2025-04-15T06:17:07+00:00","og_image":[{"width":1920,"height":1080,"url":"https:\/\/blog.spbinvest.hu\/wp-content\/uploads\/2025\/04\/portfolio.jpg","type":"image\/jpeg"}],"author":"SPB","twitter_card":"summary_large_image","twitter_misc":{"Szerz\u0151:":"SPB","Becs\u00fclt olvas\u00e1si id\u0151":"1 perc"},"schema":{"@context":"https:\/\/schema.org","@graph":[{"@type":"Article","@id":"https:\/\/blog.spbinvest.hu\/?p=3035#article","isPartOf":{"@id":"https:\/\/blog.spbinvest.hu\/?p=3035"},"author":{"name":"SPB","@id":"https:\/\/blog.spbinvest.hu\/#\/schema\/person\/d5af847b20d61bf27bae3db50d6247f7"},"headline":"Megmozdultak a magyar gazdagok a r\u00e9szv\u00e9nypiaci p\u00e1nikban \u2013 Mutatjuk, mibe fektetnek &#8211; Portfolio","datePublished":"2025-04-08T17:15:16+00:00","dateModified":"2025-04-15T06:17:07+00:00","mainEntityOfPage":{"@id":"https:\/\/blog.spbinvest.hu\/?p=3035"},"wordCount":136,"image":{"@id":"https:\/\/blog.spbinvest.hu\/?p=3035#primaryimage"},"thumbnailUrl":"https:\/\/blog.spbinvest.hu\/wp-content\/uploads\/2025\/04\/portfolio.jpg","articleSection":["Sajt\u00f3"],"inLanguage":"hu"},{"@type":"WebPage","@id":"https:\/\/blog.spbinvest.hu\/?p=3035","url":"https:\/\/blog.spbinvest.hu\/?p=3035","name":"Megmozdultak a magyar gazdagok a r\u00e9szv\u00e9nypiaci p\u00e1nikban \u2013 Mutatjuk, mibe fektetnek - Portfolio - SPB Blog","isPartOf":{"@id":"https:\/\/blog.spbinvest.hu\/#website"},"primaryImageOfPage":{"@id":"https:\/\/blog.spbinvest.hu\/?p=3035#primaryimage"},"image":{"@id":"https:\/\/blog.spbinvest.hu\/?p=3035#primaryimage"},"thumbnailUrl":"https:\/\/blog.spbinvest.hu\/wp-content\/uploads\/2025\/04\/portfolio.jpg","datePublished":"2025-04-08T17:15:16+00:00","dateModified":"2025-04-15T06:17:07+00:00","author":{"@id":"https:\/\/blog.spbinvest.hu\/#\/schema\/person\/d5af847b20d61bf27bae3db50d6247f7"},"description":"Nincs p\u00e1nik, de aktiviz\u00e1lt\u00e1k magukat a magyar priv\u00e1tbanki \u00fcgyfelek az elm\u00falt napok t\u0151zsdei csapkod\u00e1sai ut\u00e1n. A Portfolio \u00e1ltal megk\u00e9rdezett priv\u00e1tbanki szolg\u00e1ltat\u00f3k szerint a gazdagok ilyen id\u0151szakokban jellemz\u0151en fedez\u00e9kbe vonulnak, de vannak v\u00e1llalkoz\u00f3 szellem\u0171ek is: sok helyen \u00e1talakultak a devizas\u00falyok, egyes esetekben a portf\u00f3li\u00f3k is, de p\u00e1nikszer\u0171 elad\u00e1sokr\u00f3l nem besz\u00e9lhet\u00fcnk. A szolg\u00e1ltat\u00f3k azt is el\u00e1rult\u00e1k, milyen tan\u00e1csokat adnak ilyenkor vagyonosabb \u00fcgyfeleiknek, \u00e9s mire sz\u00e1m\u00edtanak a piacokon a k\u00f6vetkez\u0151 h\u00f3napokban.","breadcrumb":{"@id":"https:\/\/blog.spbinvest.hu\/?p=3035#breadcrumb"},"inLanguage":"hu","potentialAction":[{"@type":"ReadAction","target":["https:\/\/blog.spbinvest.hu\/?p=3035"]}]},{"@type":"ImageObject","inLanguage":"hu","@id":"https:\/\/blog.spbinvest.hu\/?p=3035#primaryimage","url":"https:\/\/blog.spbinvest.hu\/wp-content\/uploads\/2025\/04\/portfolio.jpg","contentUrl":"https:\/\/blog.spbinvest.hu\/wp-content\/uploads\/2025\/04\/portfolio.jpg","width":1920,"height":1080,"caption":"certifikat"},{"@type":"BreadcrumbList","@id":"https:\/\/blog.spbinvest.hu\/?p=3035#breadcrumb","itemListElement":[{"@type":"ListItem","position":1,"name":"Kezd\u0151lap","item":"https:\/\/blog.spbinvest.hu\/"},{"@type":"ListItem","position":2,"name":"Megmozdultak a magyar gazdagok a r\u00e9szv\u00e9nypiaci p\u00e1nikban \u2013 Mutatjuk, mibe fektetnek &#8211; Portfolio"}]},{"@type":"WebSite","@id":"https:\/\/blog.spbinvest.hu\/#website","url":"https:\/\/blog.spbinvest.hu\/","name":"SPB Blog","description":"","potentialAction":[{"@type":"SearchAction","target":{"@type":"EntryPoint","urlTemplate":"https:\/\/blog.spbinvest.hu\/?s={search_term_string}"},"query-input":{"@type":"PropertyValueSpecification","valueRequired":true,"valueName":"search_term_string"}}],"inLanguage":"hu"},{"@type":"Person","@id":"https:\/\/blog.spbinvest.hu\/#\/schema\/person\/d5af847b20d61bf27bae3db50d6247f7","name":"SPB","image":{"@type":"ImageObject","inLanguage":"hu","@id":"https:\/\/secure.gravatar.com\/avatar\/e4bde87cb0016e1f94b62d02932290f9440405440ef9e5f3917ee5cec0b41662?s=96&d=mm&r=g","url":"https:\/\/secure.gravatar.com\/avatar\/e4bde87cb0016e1f94b62d02932290f9440405440ef9e5f3917ee5cec0b41662?s=96&d=mm&r=g","contentUrl":"https:\/\/secure.gravatar.com\/avatar\/e4bde87cb0016e1f94b62d02932290f9440405440ef9e5f3917ee5cec0b41662?s=96&d=mm&r=g","caption":"SPB"},"sameAs":["https:\/\/blog.spbinvest.hu"],"url":"https:\/\/blog.spbinvest.hu\/?author=1"}]}},"_links":{"self":[{"href":"https:\/\/blog.spbinvest.hu\/index.php?rest_route=\/wp\/v2\/posts\/3035","targetHints":{"allow":["GET"]}}],"collection":[{"href":"https:\/\/blog.spbinvest.hu\/index.php?rest_route=\/wp\/v2\/posts"}],"about":[{"href":"https:\/\/blog.spbinvest.hu\/index.php?rest_route=\/wp\/v2\/types\/post"}],"author":[{"embeddable":true,"href":"https:\/\/blog.spbinvest.hu\/index.php?rest_route=\/wp\/v2\/users\/1"}],"replies":[{"embeddable":true,"href":"https:\/\/blog.spbinvest.hu\/index.php?rest_route=%2Fwp%2Fv2%2Fcomments&post=3035"}],"version-history":[{"count":1,"href":"https:\/\/blog.spbinvest.hu\/index.php?rest_route=\/wp\/v2\/posts\/3035\/revisions"}],"predecessor-version":[{"id":3037,"href":"https:\/\/blog.spbinvest.hu\/index.php?rest_route=\/wp\/v2\/posts\/3035\/revisions\/3037"}],"wp:featuredmedia":[{"embeddable":true,"href":"https:\/\/blog.spbinvest.hu\/index.php?rest_route=\/wp\/v2\/media\/3036"}],"wp:attachment":[{"href":"https:\/\/blog.spbinvest.hu\/index.php?rest_route=%2Fwp%2Fv2%2Fmedia&parent=3035"}],"wp:term":[{"taxonomy":"category","embeddable":true,"href":"https:\/\/blog.spbinvest.hu\/index.php?rest_route=%2Fwp%2Fv2%2Fcategories&post=3035"},{"taxonomy":"post_tag","embeddable":true,"href":"https:\/\/blog.spbinvest.hu\/index.php?rest_route=%2Fwp%2Fv2%2Ftags&post=3035"}],"curies":[{"name":"wp","href":"https:\/\/api.w.org\/{rel}","templated":true}]}}