{"id":3020,"date":"2025-04-03T16:58:03","date_gmt":"2025-04-03T16:58:03","guid":{"rendered":"https:\/\/blog.spbinvest.hu\/?p=3020"},"modified":"2025-04-03T17:17:11","modified_gmt":"2025-04-03T17:17:11","slug":"nem-jonnek-az-amerikaiak-vg-hu","status":"publish","type":"post","link":"https:\/\/blog.spbinvest.hu\/?p=3020","title":{"rendered":"Nem j\u00f6nnek az amerikaiak &#8211; VG.hu"},"content":{"rendered":"<div class=\"html-div xdj266r x11i5rnm xat24cr x1mh8g0r xexx8yu x4uap5 x18d9i69 xkhd6sd\" tabindex=\"-1\">\n<div class=\"html-div xdj266r x11i5rnm x1mh8g0r xexx8yu x4uap5 x18d9i69 xkhd6sd x1e56ztr\"><span class=\"x193iq5w xeuugli x13faqbe x1vvkbs x1xmvt09 x6prxxf xvq8zen xo1l8bm xzsf02u\">Ezt \u00e9rezhetik most eg\u00e9sz Eur\u00f3p\u00e1ban \u2013 mint Magyarorsz\u00e1gon az 1956-os esem\u00e9nyeket k\u00f6vet\u0151en. Azzal, hogy az Egyes\u00fclt \u00c1llamok frontot v\u00e1ltott, \u00e9s kih\u00e1tr\u00e1lt az eur\u00f3pai csatat\u00e9rr\u0151l, az \u201eegyed\u00fcl maradt\u201d orsz\u00e1gok az USA nyom\u00e1s\u00e1ra \u00e9s saj\u00e1t f\u00e9lelmeik ellens\u00falyoz\u00e1sa \u00e9rdek\u00e9ben sz\u00fcks\u00e9g\u00e9t \u00e9rzik a v\u00e9delmi beruh\u00e1z\u00e1sok n\u00f6vel\u00e9s\u00e9nek.<\/span><\/div>\n<\/div>\n<div class=\"html-div xdj266r x11i5rnm xat24cr x1mh8g0r xexx8yu x4uap5 x18d9i69 xkhd6sd\" tabindex=\"-1\">\n<div class=\"html-div xdj266r x11i5rnm x1mh8g0r xexx8yu x4uap5 x18d9i69 xkhd6sd x1e56ztr\"><\/div>\n<\/div>\n<div class=\"html-div xdj266r x11i5rnm xat24cr x1mh8g0r xexx8yu x4uap5 x18d9i69 xkhd6sd\" tabindex=\"-1\">\n<div class=\"html-div xdj266r x11i5rnm x1mh8g0r xexx8yu x4uap5 x18d9i69 xkhd6sd x1e56ztr\"><span class=\"x193iq5w xeuugli x13faqbe x1vvkbs x1xmvt09 x6prxxf xvq8zen xo1l8bm xzsf02u\">Szerz\u0151: Bor\u00f3czky B\u00e9la, az SPB Befektet\u00e9si Zrt. priv\u00e1tbank\u00e1ra<\/span><\/div>\n<\/div>\n<div class=\"html-div xdj266r x11i5rnm xat24cr x1mh8g0r xexx8yu x4uap5 x18d9i69 xkhd6sd\" tabindex=\"-1\">\n<div class=\"html-div xdj266r x11i5rnm x1mh8g0r xexx8yu x4uap5 x18d9i69 xkhd6sd x1e56ztr\"><\/div>\n<\/div>\n<div class=\"html-div xdj266r x11i5rnm xat24cr x1mh8g0r xexx8yu x4uap5 x18d9i69 xkhd6sd\" tabindex=\"-1\">\n<div class=\"html-div xdj266r x11i5rnm x1mh8g0r xexx8yu x4uap5 x18d9i69 xkhd6sd x1e56ztr\"><a href=\"https:\/\/www.vg.hu\/penz-es-tokepiac\/2025\/04\/nem-jonnek-az-amerikaiak\" target=\"_blank\" rel=\"noopener\"><span class=\"x193iq5w xeuugli x13faqbe x1vvkbs x1xmvt09 x6prxxf xvq8zen xo1l8bm xzsf02u\">https:\/\/www.vg.hu\/penz-es-tokepiac\/2025\/04\/nem-jonnek-az-amerikaiak<\/span><\/a><\/div>\n<\/div>\n","protected":false},"excerpt":{"rendered":"<p>Ezt \u00e9rezhetik most eg\u00e9sz Eur\u00f3p\u00e1ban \u2013 mint Magyarorsz\u00e1gon az 1956-os esem\u00e9nyeket k\u00f6vet\u0151en. Azzal, hogy az Egyes\u00fclt \u00c1llamok frontot v\u00e1ltott, \u00e9s kih\u00e1tr\u00e1lt az eur\u00f3pai csatat\u00e9rr\u0151l, az \u201eegyed\u00fcl maradt\u201d orsz\u00e1gok az USA nyom\u00e1s\u00e1ra \u00e9s saj\u00e1t f\u00e9lelmeik ellens\u00falyoz\u00e1sa \u00e9rdek\u00e9ben sz\u00fcks\u00e9g\u00e9t \u00e9rzik a v\u00e9delmi beruh\u00e1z\u00e1sok n\u00f6vel\u00e9s\u00e9nek. Szerz\u0151: Bor\u00f3czky B\u00e9la, az SPB Befektet\u00e9si Zrt. priv\u00e1tbank\u00e1ra https:\/\/www.vg.hu\/penz-es-tokepiac\/2025\/04\/nem-jonnek-az-amerikaiak<\/p>\n","protected":false},"author":1,"featured_media":3021,"comment_status":"closed","ping_status":"open","sticky":false,"template":"","format":"standard","meta":{"footnotes":""},"categories":[48],"tags":[],"class_list":["post-3020","post","type-post","status-publish","format-standard","has-post-thumbnail","hentry","category-sajto"],"yoast_head":"<!-- This site is optimized with the Yoast SEO plugin v27.5 - https:\/\/yoast.com\/product\/yoast-seo-wordpress\/ -->\n<title>Nem j\u00f6nnek az amerikaiak - VG.hu - SPB Blog<\/title>\n<meta name=\"description\" content=\"Ezt \u00e9rezhetik most eg\u00e9sz Eur\u00f3p\u00e1ban \u2013 mint Magyarorsz\u00e1gon az 1956-os esem\u00e9nyeket k\u00f6vet\u0151en. Azzal, hogy az Egyes\u00fclt \u00c1llamok frontot v\u00e1ltott, \u00e9s kih\u00e1tr\u00e1lt az eur\u00f3pai csatat\u00e9rr\u0151l, az \u201eegyed\u00fcl maradt\u201d orsz\u00e1gok az USA nyom\u00e1s\u00e1ra \u00e9s saj\u00e1t f\u00e9lelmeik ellens\u00falyoz\u00e1sa \u00e9rdek\u00e9ben sz\u00fcks\u00e9g\u00e9t \u00e9rzik a v\u00e9delmi beruh\u00e1z\u00e1sok n\u00f6vel\u00e9s\u00e9nek.\" \/>\n<meta name=\"robots\" content=\"index, follow, max-snippet:-1, max-image-preview:large, max-video-preview:-1\" \/>\n<link rel=\"canonical\" href=\"https:\/\/blog.spbinvest.hu\/?p=3020\" \/>\n<meta property=\"og:locale\" content=\"hu_HU\" \/>\n<meta property=\"og:type\" content=\"article\" \/>\n<meta property=\"og:title\" content=\"Nem j\u00f6nnek az amerikaiak - VG.hu\" \/>\n<meta property=\"og:description\" content=\"Ezt \u00e9rezhetik most eg\u00e9sz Eur\u00f3p\u00e1ban \u2013 mint Magyarorsz\u00e1gon az 1956-os esem\u00e9nyeket k\u00f6vet\u0151en. Azzal, hogy az Egyes\u00fclt \u00c1llamok frontot v\u00e1ltott, \u00e9s kih\u00e1tr\u00e1lt az eur\u00f3pai csatat\u00e9rr\u0151l, az \u201eegyed\u00fcl maradt\u201d orsz\u00e1gok az USA nyom\u00e1s\u00e1ra \u00e9s saj\u00e1t f\u00e9lelmeik ellens\u00falyoz\u00e1sa \u00e9rdek\u00e9ben sz\u00fcks\u00e9g\u00e9t \u00e9rzik a v\u00e9delmi beruh\u00e1z\u00e1sok n\u00f6vel\u00e9s\u00e9nek.\" \/>\n<meta property=\"og:url\" content=\"https:\/\/blog.spbinvest.hu\/?p=3020\" \/>\n<meta property=\"og:site_name\" content=\"SPB Blog\" \/>\n<meta property=\"article:published_time\" content=\"2025-04-03T16:58:03+00:00\" \/>\n<meta property=\"article:modified_time\" content=\"2025-04-03T17:17:11+00:00\" \/>\n<meta property=\"og:image\" content=\"https:\/\/blog.spbinvest.hu\/wp-content\/uploads\/2025\/04\/Boroczky-Bela.jpg\" \/>\n\t<meta property=\"og:image:width\" content=\"1347\" \/>\n\t<meta property=\"og:image:height\" content=\"758\" \/>\n\t<meta property=\"og:image:type\" content=\"image\/jpeg\" \/>\n<meta name=\"author\" content=\"SPB\" \/>\n<meta name=\"twitter:card\" content=\"summary_large_image\" \/>\n<meta name=\"twitter:label1\" content=\"Szerz\u0151:\" \/>\n\t<meta name=\"twitter:data1\" content=\"SPB\" \/>\n\t<meta name=\"twitter:label2\" content=\"Becs\u00fclt olvas\u00e1si id\u0151\" \/>\n\t<meta name=\"twitter:data2\" content=\"1 perc\" \/>\n<script type=\"application\/ld+json\" class=\"yoast-schema-graph\">{\"@context\":\"https:\\\/\\\/schema.org\",\"@graph\":[{\"@type\":\"Article\",\"@id\":\"https:\\\/\\\/blog.spbinvest.hu\\\/?p=3020#article\",\"isPartOf\":{\"@id\":\"https:\\\/\\\/blog.spbinvest.hu\\\/?p=3020\"},\"author\":{\"name\":\"SPB\",\"@id\":\"https:\\\/\\\/blog.spbinvest.hu\\\/#\\\/schema\\\/person\\\/d5af847b20d61bf27bae3db50d6247f7\"},\"headline\":\"Nem j\u00f6nnek az amerikaiak &#8211; VG.hu\",\"datePublished\":\"2025-04-03T16:58:03+00:00\",\"dateModified\":\"2025-04-03T17:17:11+00:00\",\"mainEntityOfPage\":{\"@id\":\"https:\\\/\\\/blog.spbinvest.hu\\\/?p=3020\"},\"wordCount\":100,\"image\":{\"@id\":\"https:\\\/\\\/blog.spbinvest.hu\\\/?p=3020#primaryimage\"},\"thumbnailUrl\":\"https:\\\/\\\/blog.spbinvest.hu\\\/wp-content\\\/uploads\\\/2025\\\/04\\\/Boroczky-Bela.jpg\",\"articleSection\":[\"Sajt\u00f3\"],\"inLanguage\":\"hu\"},{\"@type\":\"WebPage\",\"@id\":\"https:\\\/\\\/blog.spbinvest.hu\\\/?p=3020\",\"url\":\"https:\\\/\\\/blog.spbinvest.hu\\\/?p=3020\",\"name\":\"Nem j\u00f6nnek az amerikaiak - VG.hu - SPB Blog\",\"isPartOf\":{\"@id\":\"https:\\\/\\\/blog.spbinvest.hu\\\/#website\"},\"primaryImageOfPage\":{\"@id\":\"https:\\\/\\\/blog.spbinvest.hu\\\/?p=3020#primaryimage\"},\"image\":{\"@id\":\"https:\\\/\\\/blog.spbinvest.hu\\\/?p=3020#primaryimage\"},\"thumbnailUrl\":\"https:\\\/\\\/blog.spbinvest.hu\\\/wp-content\\\/uploads\\\/2025\\\/04\\\/Boroczky-Bela.jpg\",\"datePublished\":\"2025-04-03T16:58:03+00:00\",\"dateModified\":\"2025-04-03T17:17:11+00:00\",\"author\":{\"@id\":\"https:\\\/\\\/blog.spbinvest.hu\\\/#\\\/schema\\\/person\\\/d5af847b20d61bf27bae3db50d6247f7\"},\"description\":\"Ezt \u00e9rezhetik most eg\u00e9sz Eur\u00f3p\u00e1ban \u2013 mint Magyarorsz\u00e1gon az 1956-os esem\u00e9nyeket k\u00f6vet\u0151en. Azzal, hogy az Egyes\u00fclt \u00c1llamok frontot v\u00e1ltott, \u00e9s kih\u00e1tr\u00e1lt az eur\u00f3pai csatat\u00e9rr\u0151l, az \u201eegyed\u00fcl maradt\u201d orsz\u00e1gok az USA nyom\u00e1s\u00e1ra \u00e9s saj\u00e1t f\u00e9lelmeik ellens\u00falyoz\u00e1sa \u00e9rdek\u00e9ben sz\u00fcks\u00e9g\u00e9t \u00e9rzik a v\u00e9delmi beruh\u00e1z\u00e1sok n\u00f6vel\u00e9s\u00e9nek.\",\"breadcrumb\":{\"@id\":\"https:\\\/\\\/blog.spbinvest.hu\\\/?p=3020#breadcrumb\"},\"inLanguage\":\"hu\",\"potentialAction\":[{\"@type\":\"ReadAction\",\"target\":[\"https:\\\/\\\/blog.spbinvest.hu\\\/?p=3020\"]}]},{\"@type\":\"ImageObject\",\"inLanguage\":\"hu\",\"@id\":\"https:\\\/\\\/blog.spbinvest.hu\\\/?p=3020#primaryimage\",\"url\":\"https:\\\/\\\/blog.spbinvest.hu\\\/wp-content\\\/uploads\\\/2025\\\/04\\\/Boroczky-Bela.jpg\",\"contentUrl\":\"https:\\\/\\\/blog.spbinvest.hu\\\/wp-content\\\/uploads\\\/2025\\\/04\\\/Boroczky-Bela.jpg\",\"width\":1347,\"height\":758},{\"@type\":\"BreadcrumbList\",\"@id\":\"https:\\\/\\\/blog.spbinvest.hu\\\/?p=3020#breadcrumb\",\"itemListElement\":[{\"@type\":\"ListItem\",\"position\":1,\"name\":\"Kezd\u0151lap\",\"item\":\"https:\\\/\\\/blog.spbinvest.hu\\\/\"},{\"@type\":\"ListItem\",\"position\":2,\"name\":\"Nem j\u00f6nnek az amerikaiak &#8211; VG.hu\"}]},{\"@type\":\"WebSite\",\"@id\":\"https:\\\/\\\/blog.spbinvest.hu\\\/#website\",\"url\":\"https:\\\/\\\/blog.spbinvest.hu\\\/\",\"name\":\"SPB Blog\",\"description\":\"\",\"potentialAction\":[{\"@type\":\"SearchAction\",\"target\":{\"@type\":\"EntryPoint\",\"urlTemplate\":\"https:\\\/\\\/blog.spbinvest.hu\\\/?s={search_term_string}\"},\"query-input\":{\"@type\":\"PropertyValueSpecification\",\"valueRequired\":true,\"valueName\":\"search_term_string\"}}],\"inLanguage\":\"hu\"},{\"@type\":\"Person\",\"@id\":\"https:\\\/\\\/blog.spbinvest.hu\\\/#\\\/schema\\\/person\\\/d5af847b20d61bf27bae3db50d6247f7\",\"name\":\"SPB\",\"image\":{\"@type\":\"ImageObject\",\"inLanguage\":\"hu\",\"@id\":\"https:\\\/\\\/secure.gravatar.com\\\/avatar\\\/e4bde87cb0016e1f94b62d02932290f9440405440ef9e5f3917ee5cec0b41662?s=96&d=mm&r=g\",\"url\":\"https:\\\/\\\/secure.gravatar.com\\\/avatar\\\/e4bde87cb0016e1f94b62d02932290f9440405440ef9e5f3917ee5cec0b41662?s=96&d=mm&r=g\",\"contentUrl\":\"https:\\\/\\\/secure.gravatar.com\\\/avatar\\\/e4bde87cb0016e1f94b62d02932290f9440405440ef9e5f3917ee5cec0b41662?s=96&d=mm&r=g\",\"caption\":\"SPB\"},\"sameAs\":[\"https:\\\/\\\/blog.spbinvest.hu\"],\"url\":\"https:\\\/\\\/blog.spbinvest.hu\\\/?author=1\"}]}<\/script>\n<!-- \/ Yoast SEO plugin. -->","yoast_head_json":{"title":"Nem j\u00f6nnek az amerikaiak - VG.hu - SPB Blog","description":"Ezt \u00e9rezhetik most eg\u00e9sz Eur\u00f3p\u00e1ban \u2013 mint Magyarorsz\u00e1gon az 1956-os esem\u00e9nyeket k\u00f6vet\u0151en. Azzal, hogy az Egyes\u00fclt \u00c1llamok frontot v\u00e1ltott, \u00e9s kih\u00e1tr\u00e1lt az eur\u00f3pai csatat\u00e9rr\u0151l, az \u201eegyed\u00fcl maradt\u201d orsz\u00e1gok az USA nyom\u00e1s\u00e1ra \u00e9s saj\u00e1t f\u00e9lelmeik ellens\u00falyoz\u00e1sa \u00e9rdek\u00e9ben sz\u00fcks\u00e9g\u00e9t \u00e9rzik a v\u00e9delmi beruh\u00e1z\u00e1sok n\u00f6vel\u00e9s\u00e9nek.","robots":{"index":"index","follow":"follow","max-snippet":"max-snippet:-1","max-image-preview":"max-image-preview:large","max-video-preview":"max-video-preview:-1"},"canonical":"https:\/\/blog.spbinvest.hu\/?p=3020","og_locale":"hu_HU","og_type":"article","og_title":"Nem j\u00f6nnek az amerikaiak - VG.hu","og_description":"Ezt \u00e9rezhetik most eg\u00e9sz Eur\u00f3p\u00e1ban \u2013 mint Magyarorsz\u00e1gon az 1956-os esem\u00e9nyeket k\u00f6vet\u0151en. Azzal, hogy az Egyes\u00fclt \u00c1llamok frontot v\u00e1ltott, \u00e9s kih\u00e1tr\u00e1lt az eur\u00f3pai csatat\u00e9rr\u0151l, az \u201eegyed\u00fcl maradt\u201d orsz\u00e1gok az USA nyom\u00e1s\u00e1ra \u00e9s saj\u00e1t f\u00e9lelmeik ellens\u00falyoz\u00e1sa \u00e9rdek\u00e9ben sz\u00fcks\u00e9g\u00e9t \u00e9rzik a v\u00e9delmi beruh\u00e1z\u00e1sok n\u00f6vel\u00e9s\u00e9nek.","og_url":"https:\/\/blog.spbinvest.hu\/?p=3020","og_site_name":"SPB Blog","article_published_time":"2025-04-03T16:58:03+00:00","article_modified_time":"2025-04-03T17:17:11+00:00","og_image":[{"width":1347,"height":758,"url":"https:\/\/blog.spbinvest.hu\/wp-content\/uploads\/2025\/04\/Boroczky-Bela.jpg","type":"image\/jpeg"}],"author":"SPB","twitter_card":"summary_large_image","twitter_misc":{"Szerz\u0151:":"SPB","Becs\u00fclt olvas\u00e1si id\u0151":"1 perc"},"schema":{"@context":"https:\/\/schema.org","@graph":[{"@type":"Article","@id":"https:\/\/blog.spbinvest.hu\/?p=3020#article","isPartOf":{"@id":"https:\/\/blog.spbinvest.hu\/?p=3020"},"author":{"name":"SPB","@id":"https:\/\/blog.spbinvest.hu\/#\/schema\/person\/d5af847b20d61bf27bae3db50d6247f7"},"headline":"Nem j\u00f6nnek az amerikaiak &#8211; VG.hu","datePublished":"2025-04-03T16:58:03+00:00","dateModified":"2025-04-03T17:17:11+00:00","mainEntityOfPage":{"@id":"https:\/\/blog.spbinvest.hu\/?p=3020"},"wordCount":100,"image":{"@id":"https:\/\/blog.spbinvest.hu\/?p=3020#primaryimage"},"thumbnailUrl":"https:\/\/blog.spbinvest.hu\/wp-content\/uploads\/2025\/04\/Boroczky-Bela.jpg","articleSection":["Sajt\u00f3"],"inLanguage":"hu"},{"@type":"WebPage","@id":"https:\/\/blog.spbinvest.hu\/?p=3020","url":"https:\/\/blog.spbinvest.hu\/?p=3020","name":"Nem j\u00f6nnek az amerikaiak - VG.hu - SPB Blog","isPartOf":{"@id":"https:\/\/blog.spbinvest.hu\/#website"},"primaryImageOfPage":{"@id":"https:\/\/blog.spbinvest.hu\/?p=3020#primaryimage"},"image":{"@id":"https:\/\/blog.spbinvest.hu\/?p=3020#primaryimage"},"thumbnailUrl":"https:\/\/blog.spbinvest.hu\/wp-content\/uploads\/2025\/04\/Boroczky-Bela.jpg","datePublished":"2025-04-03T16:58:03+00:00","dateModified":"2025-04-03T17:17:11+00:00","author":{"@id":"https:\/\/blog.spbinvest.hu\/#\/schema\/person\/d5af847b20d61bf27bae3db50d6247f7"},"description":"Ezt \u00e9rezhetik most eg\u00e9sz Eur\u00f3p\u00e1ban \u2013 mint Magyarorsz\u00e1gon az 1956-os esem\u00e9nyeket k\u00f6vet\u0151en. Azzal, hogy az Egyes\u00fclt \u00c1llamok frontot v\u00e1ltott, \u00e9s kih\u00e1tr\u00e1lt az eur\u00f3pai csatat\u00e9rr\u0151l, az \u201eegyed\u00fcl maradt\u201d orsz\u00e1gok az USA nyom\u00e1s\u00e1ra \u00e9s saj\u00e1t f\u00e9lelmeik ellens\u00falyoz\u00e1sa \u00e9rdek\u00e9ben sz\u00fcks\u00e9g\u00e9t \u00e9rzik a v\u00e9delmi beruh\u00e1z\u00e1sok n\u00f6vel\u00e9s\u00e9nek.","breadcrumb":{"@id":"https:\/\/blog.spbinvest.hu\/?p=3020#breadcrumb"},"inLanguage":"hu","potentialAction":[{"@type":"ReadAction","target":["https:\/\/blog.spbinvest.hu\/?p=3020"]}]},{"@type":"ImageObject","inLanguage":"hu","@id":"https:\/\/blog.spbinvest.hu\/?p=3020#primaryimage","url":"https:\/\/blog.spbinvest.hu\/wp-content\/uploads\/2025\/04\/Boroczky-Bela.jpg","contentUrl":"https:\/\/blog.spbinvest.hu\/wp-content\/uploads\/2025\/04\/Boroczky-Bela.jpg","width":1347,"height":758},{"@type":"BreadcrumbList","@id":"https:\/\/blog.spbinvest.hu\/?p=3020#breadcrumb","itemListElement":[{"@type":"ListItem","position":1,"name":"Kezd\u0151lap","item":"https:\/\/blog.spbinvest.hu\/"},{"@type":"ListItem","position":2,"name":"Nem j\u00f6nnek az amerikaiak &#8211; VG.hu"}]},{"@type":"WebSite","@id":"https:\/\/blog.spbinvest.hu\/#website","url":"https:\/\/blog.spbinvest.hu\/","name":"SPB Blog","description":"","potentialAction":[{"@type":"SearchAction","target":{"@type":"EntryPoint","urlTemplate":"https:\/\/blog.spbinvest.hu\/?s={search_term_string}"},"query-input":{"@type":"PropertyValueSpecification","valueRequired":true,"valueName":"search_term_string"}}],"inLanguage":"hu"},{"@type":"Person","@id":"https:\/\/blog.spbinvest.hu\/#\/schema\/person\/d5af847b20d61bf27bae3db50d6247f7","name":"SPB","image":{"@type":"ImageObject","inLanguage":"hu","@id":"https:\/\/secure.gravatar.com\/avatar\/e4bde87cb0016e1f94b62d02932290f9440405440ef9e5f3917ee5cec0b41662?s=96&d=mm&r=g","url":"https:\/\/secure.gravatar.com\/avatar\/e4bde87cb0016e1f94b62d02932290f9440405440ef9e5f3917ee5cec0b41662?s=96&d=mm&r=g","contentUrl":"https:\/\/secure.gravatar.com\/avatar\/e4bde87cb0016e1f94b62d02932290f9440405440ef9e5f3917ee5cec0b41662?s=96&d=mm&r=g","caption":"SPB"},"sameAs":["https:\/\/blog.spbinvest.hu"],"url":"https:\/\/blog.spbinvest.hu\/?author=1"}]}},"_links":{"self":[{"href":"https:\/\/blog.spbinvest.hu\/index.php?rest_route=\/wp\/v2\/posts\/3020","targetHints":{"allow":["GET"]}}],"collection":[{"href":"https:\/\/blog.spbinvest.hu\/index.php?rest_route=\/wp\/v2\/posts"}],"about":[{"href":"https:\/\/blog.spbinvest.hu\/index.php?rest_route=\/wp\/v2\/types\/post"}],"author":[{"embeddable":true,"href":"https:\/\/blog.spbinvest.hu\/index.php?rest_route=\/wp\/v2\/users\/1"}],"replies":[{"embeddable":true,"href":"https:\/\/blog.spbinvest.hu\/index.php?rest_route=%2Fwp%2Fv2%2Fcomments&post=3020"}],"version-history":[{"count":2,"href":"https:\/\/blog.spbinvest.hu\/index.php?rest_route=\/wp\/v2\/posts\/3020\/revisions"}],"predecessor-version":[{"id":3023,"href":"https:\/\/blog.spbinvest.hu\/index.php?rest_route=\/wp\/v2\/posts\/3020\/revisions\/3023"}],"wp:featuredmedia":[{"embeddable":true,"href":"https:\/\/blog.spbinvest.hu\/index.php?rest_route=\/wp\/v2\/media\/3021"}],"wp:attachment":[{"href":"https:\/\/blog.spbinvest.hu\/index.php?rest_route=%2Fwp%2Fv2%2Fmedia&parent=3020"}],"wp:term":[{"taxonomy":"category","embeddable":true,"href":"https:\/\/blog.spbinvest.hu\/index.php?rest_route=%2Fwp%2Fv2%2Fcategories&post=3020"},{"taxonomy":"post_tag","embeddable":true,"href":"https:\/\/blog.spbinvest.hu\/index.php?rest_route=%2Fwp%2Fv2%2Ftags&post=3020"}],"curies":[{"name":"wp","href":"https:\/\/api.w.org\/{rel}","templated":true}]}}