{"id":2853,"date":"2024-10-16T17:07:01","date_gmt":"2024-10-16T17:07:01","guid":{"rendered":"https:\/\/blog.spbinvest.hu\/?p=2853"},"modified":"2024-10-16T17:07:01","modified_gmt":"2024-10-16T17:07:01","slug":"az-spb-is-jelen-van-ma-este-a-portfolio-budapest-economic-forum-pre-konferenciajan","status":"publish","type":"post","link":"https:\/\/blog.spbinvest.hu\/?p=2853","title":{"rendered":"Az SPB is jelen van ma este a Portfolio Budapest Economic Forum Pre-konferenci\u00e1j\u00e1n!"},"content":{"rendered":"<p>\u00d6r\u00f6mmel osztjuk meg, hogy az SPB is r\u00e9szt vesz a ma esti Portfolio Budapest Economic Forum Pre-konferenci\u00e1n, amely felvezeti a 2024. okt\u00f3ber 17-\u00e9n imm\u00e1r 14. alkalommal megrendez\u00e9sre ker\u00fcl\u0151 Budapest Economic Forumot.<\/p>\n<p>Ez a rendezv\u00e9ny a Portfolio legjelent\u0151sebb makrogazdas\u00e1gi konferenci\u00e1ja, ahol minden \u00e9vben a gazdas\u00e1gi \u00e9s p\u00e9nz\u00fcgyi vil\u00e1g legaktu\u00e1lisabb k\u00e9rd\u00e9sei ker\u00fclnek ter\u00edt\u00e9kre. Az esem\u00e9ny c\u00e9lja, hogy platformot biztos\u00edtson a szakmai p\u00e1rbesz\u00e9dhez, \u00e9s el\u0151seg\u00edtse a legfontosabb gazdas\u00e1gi trendek \u00e9s kih\u00edv\u00e1sok megvitat\u00e1s\u00e1t.<\/p>\n<p>Sz\u00edvb\u0151l gratul\u00e1lok haz\u00e1nk piacvezet\u0151 \u00e9s szakmailag m\u00e9rt\u00e9kad\u00f3 gazdas\u00e1gi port\u00e1lj\u00e1nak, a Portfolionak a 25. sz\u00fclet\u00e9snapj\u00e1hoz!<\/p>\n","protected":false},"excerpt":{"rendered":"<p>\u00d6r\u00f6mmel osztjuk meg, hogy az SPB is r\u00e9szt vesz a ma esti Portfolio Budapest Economic Forum Pre-konferenci\u00e1n, amely felvezeti a 2024. okt\u00f3ber 17-\u00e9n imm\u00e1r 14. alkalommal megrendez\u00e9sre ker\u00fcl\u0151 Budapest Economic Forumot. Ez a rendezv\u00e9ny a Portfolio legjelent\u0151sebb makrogazdas\u00e1gi konferenci\u00e1ja, ahol minden \u00e9vben a gazdas\u00e1gi \u00e9s p\u00e9nz\u00fcgyi vil\u00e1g legaktu\u00e1lisabb k\u00e9rd\u00e9sei ker\u00fclnek ter\u00edt\u00e9kre. Az esem\u00e9ny c\u00e9lja, hogy&#8230;<\/p>\n","protected":false},"author":1,"featured_media":2854,"comment_status":"closed","ping_status":"open","sticky":false,"template":"","format":"standard","meta":{"footnotes":""},"categories":[29],"tags":[],"class_list":["post-2853","post","type-post","status-publish","format-standard","has-post-thumbnail","hentry","category-esemeny"],"yoast_head":"<!-- This site is optimized with the Yoast SEO plugin v27.5 - https:\/\/yoast.com\/product\/yoast-seo-wordpress\/ -->\n<title>Az SPB is jelen van ma este a Portfolio Budapest Economic Forum Pre-konferenci\u00e1j\u00e1n! - SPB Blog<\/title>\n<meta name=\"description\" content=\"\u00d6r\u00f6mmel osztjuk meg, hogy az SPB is r\u00e9szt vesz a ma esti Portfolio Budapest Economic Forum Pre-konferenci\u00e1n, amely felvezeti a 2024. okt\u00f3ber 17-\u00e9n imm\u00e1r 14. alkalommal megrendez\u00e9sre ker\u00fcl\u0151 Budapest Economic Forumot.\" \/>\n<meta name=\"robots\" content=\"index, follow, max-snippet:-1, max-image-preview:large, max-video-preview:-1\" \/>\n<link rel=\"canonical\" href=\"https:\/\/blog.spbinvest.hu\/?p=2853\" \/>\n<meta property=\"og:locale\" content=\"hu_HU\" \/>\n<meta property=\"og:type\" content=\"article\" \/>\n<meta property=\"og:title\" content=\"Az SPB is jelen van ma este a Portfolio Budapest Economic Forum Pre-konferenci\u00e1j\u00e1n! - SPB Blog\" \/>\n<meta property=\"og:description\" content=\"\u00d6r\u00f6mmel osztjuk meg, hogy az SPB is r\u00e9szt vesz a ma esti Portfolio Budapest Economic Forum Pre-konferenci\u00e1n, amely felvezeti a 2024. okt\u00f3ber 17-\u00e9n imm\u00e1r 14. alkalommal megrendez\u00e9sre ker\u00fcl\u0151 Budapest Economic Forumot.\" \/>\n<meta property=\"og:url\" content=\"https:\/\/blog.spbinvest.hu\/?p=2853\" \/>\n<meta property=\"og:site_name\" content=\"SPB Blog\" \/>\n<meta property=\"article:published_time\" content=\"2024-10-16T17:07:01+00:00\" \/>\n<meta property=\"og:image\" content=\"https:\/\/blog.spbinvest.hu\/wp-content\/uploads\/2024\/10\/spb.jpeg\" \/>\n\t<meta property=\"og:image:width\" content=\"2048\" \/>\n\t<meta property=\"og:image:height\" content=\"1536\" \/>\n\t<meta property=\"og:image:type\" content=\"image\/jpeg\" \/>\n<meta name=\"author\" content=\"SPB\" \/>\n<meta name=\"twitter:card\" content=\"summary_large_image\" \/>\n<meta name=\"twitter:label1\" content=\"Szerz\u0151:\" \/>\n\t<meta name=\"twitter:data1\" content=\"SPB\" \/>\n\t<meta name=\"twitter:label2\" content=\"Becs\u00fclt olvas\u00e1si id\u0151\" \/>\n\t<meta name=\"twitter:data2\" content=\"1 perc\" \/>\n<script type=\"application\/ld+json\" class=\"yoast-schema-graph\">{\"@context\":\"https:\\\/\\\/schema.org\",\"@graph\":[{\"@type\":\"Article\",\"@id\":\"https:\\\/\\\/blog.spbinvest.hu\\\/?p=2853#article\",\"isPartOf\":{\"@id\":\"https:\\\/\\\/blog.spbinvest.hu\\\/?p=2853\"},\"author\":{\"name\":\"SPB\",\"@id\":\"https:\\\/\\\/blog.spbinvest.hu\\\/#\\\/schema\\\/person\\\/d5af847b20d61bf27bae3db50d6247f7\"},\"headline\":\"Az SPB is jelen van ma este a Portfolio Budapest Economic Forum Pre-konferenci\u00e1j\u00e1n!\",\"datePublished\":\"2024-10-16T17:07:01+00:00\",\"mainEntityOfPage\":{\"@id\":\"https:\\\/\\\/blog.spbinvest.hu\\\/?p=2853\"},\"wordCount\":141,\"image\":{\"@id\":\"https:\\\/\\\/blog.spbinvest.hu\\\/?p=2853#primaryimage\"},\"thumbnailUrl\":\"https:\\\/\\\/blog.spbinvest.hu\\\/wp-content\\\/uploads\\\/2024\\\/10\\\/spb.jpeg\",\"articleSection\":[\"Esem\u00e9ny\"],\"inLanguage\":\"hu\"},{\"@type\":\"WebPage\",\"@id\":\"https:\\\/\\\/blog.spbinvest.hu\\\/?p=2853\",\"url\":\"https:\\\/\\\/blog.spbinvest.hu\\\/?p=2853\",\"name\":\"Az SPB is jelen van ma este a Portfolio Budapest Economic Forum Pre-konferenci\u00e1j\u00e1n! - SPB Blog\",\"isPartOf\":{\"@id\":\"https:\\\/\\\/blog.spbinvest.hu\\\/#website\"},\"primaryImageOfPage\":{\"@id\":\"https:\\\/\\\/blog.spbinvest.hu\\\/?p=2853#primaryimage\"},\"image\":{\"@id\":\"https:\\\/\\\/blog.spbinvest.hu\\\/?p=2853#primaryimage\"},\"thumbnailUrl\":\"https:\\\/\\\/blog.spbinvest.hu\\\/wp-content\\\/uploads\\\/2024\\\/10\\\/spb.jpeg\",\"datePublished\":\"2024-10-16T17:07:01+00:00\",\"author\":{\"@id\":\"https:\\\/\\\/blog.spbinvest.hu\\\/#\\\/schema\\\/person\\\/d5af847b20d61bf27bae3db50d6247f7\"},\"description\":\"\u00d6r\u00f6mmel osztjuk meg, hogy az SPB is r\u00e9szt vesz a ma esti Portfolio Budapest Economic Forum Pre-konferenci\u00e1n, amely felvezeti a 2024. okt\u00f3ber 17-\u00e9n imm\u00e1r 14. alkalommal megrendez\u00e9sre ker\u00fcl\u0151 Budapest Economic Forumot.\",\"breadcrumb\":{\"@id\":\"https:\\\/\\\/blog.spbinvest.hu\\\/?p=2853#breadcrumb\"},\"inLanguage\":\"hu\",\"potentialAction\":[{\"@type\":\"ReadAction\",\"target\":[\"https:\\\/\\\/blog.spbinvest.hu\\\/?p=2853\"]}]},{\"@type\":\"ImageObject\",\"inLanguage\":\"hu\",\"@id\":\"https:\\\/\\\/blog.spbinvest.hu\\\/?p=2853#primaryimage\",\"url\":\"https:\\\/\\\/blog.spbinvest.hu\\\/wp-content\\\/uploads\\\/2024\\\/10\\\/spb.jpeg\",\"contentUrl\":\"https:\\\/\\\/blog.spbinvest.hu\\\/wp-content\\\/uploads\\\/2024\\\/10\\\/spb.jpeg\",\"width\":2048,\"height\":1536},{\"@type\":\"BreadcrumbList\",\"@id\":\"https:\\\/\\\/blog.spbinvest.hu\\\/?p=2853#breadcrumb\",\"itemListElement\":[{\"@type\":\"ListItem\",\"position\":1,\"name\":\"Kezd\u0151lap\",\"item\":\"https:\\\/\\\/blog.spbinvest.hu\\\/\"},{\"@type\":\"ListItem\",\"position\":2,\"name\":\"Az SPB is jelen van ma este a Portfolio Budapest Economic Forum Pre-konferenci\u00e1j\u00e1n!\"}]},{\"@type\":\"WebSite\",\"@id\":\"https:\\\/\\\/blog.spbinvest.hu\\\/#website\",\"url\":\"https:\\\/\\\/blog.spbinvest.hu\\\/\",\"name\":\"SPB Blog\",\"description\":\"\",\"potentialAction\":[{\"@type\":\"SearchAction\",\"target\":{\"@type\":\"EntryPoint\",\"urlTemplate\":\"https:\\\/\\\/blog.spbinvest.hu\\\/?s={search_term_string}\"},\"query-input\":{\"@type\":\"PropertyValueSpecification\",\"valueRequired\":true,\"valueName\":\"search_term_string\"}}],\"inLanguage\":\"hu\"},{\"@type\":\"Person\",\"@id\":\"https:\\\/\\\/blog.spbinvest.hu\\\/#\\\/schema\\\/person\\\/d5af847b20d61bf27bae3db50d6247f7\",\"name\":\"SPB\",\"image\":{\"@type\":\"ImageObject\",\"inLanguage\":\"hu\",\"@id\":\"https:\\\/\\\/secure.gravatar.com\\\/avatar\\\/e4bde87cb0016e1f94b62d02932290f9440405440ef9e5f3917ee5cec0b41662?s=96&d=mm&r=g\",\"url\":\"https:\\\/\\\/secure.gravatar.com\\\/avatar\\\/e4bde87cb0016e1f94b62d02932290f9440405440ef9e5f3917ee5cec0b41662?s=96&d=mm&r=g\",\"contentUrl\":\"https:\\\/\\\/secure.gravatar.com\\\/avatar\\\/e4bde87cb0016e1f94b62d02932290f9440405440ef9e5f3917ee5cec0b41662?s=96&d=mm&r=g\",\"caption\":\"SPB\"},\"sameAs\":[\"https:\\\/\\\/blog.spbinvest.hu\"],\"url\":\"https:\\\/\\\/blog.spbinvest.hu\\\/?author=1\"}]}<\/script>\n<!-- \/ Yoast SEO plugin. -->","yoast_head_json":{"title":"Az SPB is jelen van ma este a Portfolio Budapest Economic Forum Pre-konferenci\u00e1j\u00e1n! - SPB Blog","description":"\u00d6r\u00f6mmel osztjuk meg, hogy az SPB is r\u00e9szt vesz a ma esti Portfolio Budapest Economic Forum Pre-konferenci\u00e1n, amely felvezeti a 2024. okt\u00f3ber 17-\u00e9n imm\u00e1r 14. alkalommal megrendez\u00e9sre ker\u00fcl\u0151 Budapest Economic Forumot.","robots":{"index":"index","follow":"follow","max-snippet":"max-snippet:-1","max-image-preview":"max-image-preview:large","max-video-preview":"max-video-preview:-1"},"canonical":"https:\/\/blog.spbinvest.hu\/?p=2853","og_locale":"hu_HU","og_type":"article","og_title":"Az SPB is jelen van ma este a Portfolio Budapest Economic Forum Pre-konferenci\u00e1j\u00e1n! - SPB Blog","og_description":"\u00d6r\u00f6mmel osztjuk meg, hogy az SPB is r\u00e9szt vesz a ma esti Portfolio Budapest Economic Forum Pre-konferenci\u00e1n, amely felvezeti a 2024. okt\u00f3ber 17-\u00e9n imm\u00e1r 14. alkalommal megrendez\u00e9sre ker\u00fcl\u0151 Budapest Economic Forumot.","og_url":"https:\/\/blog.spbinvest.hu\/?p=2853","og_site_name":"SPB Blog","article_published_time":"2024-10-16T17:07:01+00:00","og_image":[{"width":2048,"height":1536,"url":"https:\/\/blog.spbinvest.hu\/wp-content\/uploads\/2024\/10\/spb.jpeg","type":"image\/jpeg"}],"author":"SPB","twitter_card":"summary_large_image","twitter_misc":{"Szerz\u0151:":"SPB","Becs\u00fclt olvas\u00e1si id\u0151":"1 perc"},"schema":{"@context":"https:\/\/schema.org","@graph":[{"@type":"Article","@id":"https:\/\/blog.spbinvest.hu\/?p=2853#article","isPartOf":{"@id":"https:\/\/blog.spbinvest.hu\/?p=2853"},"author":{"name":"SPB","@id":"https:\/\/blog.spbinvest.hu\/#\/schema\/person\/d5af847b20d61bf27bae3db50d6247f7"},"headline":"Az SPB is jelen van ma este a Portfolio Budapest Economic Forum Pre-konferenci\u00e1j\u00e1n!","datePublished":"2024-10-16T17:07:01+00:00","mainEntityOfPage":{"@id":"https:\/\/blog.spbinvest.hu\/?p=2853"},"wordCount":141,"image":{"@id":"https:\/\/blog.spbinvest.hu\/?p=2853#primaryimage"},"thumbnailUrl":"https:\/\/blog.spbinvest.hu\/wp-content\/uploads\/2024\/10\/spb.jpeg","articleSection":["Esem\u00e9ny"],"inLanguage":"hu"},{"@type":"WebPage","@id":"https:\/\/blog.spbinvest.hu\/?p=2853","url":"https:\/\/blog.spbinvest.hu\/?p=2853","name":"Az SPB is jelen van ma este a Portfolio Budapest Economic Forum Pre-konferenci\u00e1j\u00e1n! - SPB Blog","isPartOf":{"@id":"https:\/\/blog.spbinvest.hu\/#website"},"primaryImageOfPage":{"@id":"https:\/\/blog.spbinvest.hu\/?p=2853#primaryimage"},"image":{"@id":"https:\/\/blog.spbinvest.hu\/?p=2853#primaryimage"},"thumbnailUrl":"https:\/\/blog.spbinvest.hu\/wp-content\/uploads\/2024\/10\/spb.jpeg","datePublished":"2024-10-16T17:07:01+00:00","author":{"@id":"https:\/\/blog.spbinvest.hu\/#\/schema\/person\/d5af847b20d61bf27bae3db50d6247f7"},"description":"\u00d6r\u00f6mmel osztjuk meg, hogy az SPB is r\u00e9szt vesz a ma esti Portfolio Budapest Economic Forum Pre-konferenci\u00e1n, amely felvezeti a 2024. okt\u00f3ber 17-\u00e9n imm\u00e1r 14. alkalommal megrendez\u00e9sre ker\u00fcl\u0151 Budapest Economic Forumot.","breadcrumb":{"@id":"https:\/\/blog.spbinvest.hu\/?p=2853#breadcrumb"},"inLanguage":"hu","potentialAction":[{"@type":"ReadAction","target":["https:\/\/blog.spbinvest.hu\/?p=2853"]}]},{"@type":"ImageObject","inLanguage":"hu","@id":"https:\/\/blog.spbinvest.hu\/?p=2853#primaryimage","url":"https:\/\/blog.spbinvest.hu\/wp-content\/uploads\/2024\/10\/spb.jpeg","contentUrl":"https:\/\/blog.spbinvest.hu\/wp-content\/uploads\/2024\/10\/spb.jpeg","width":2048,"height":1536},{"@type":"BreadcrumbList","@id":"https:\/\/blog.spbinvest.hu\/?p=2853#breadcrumb","itemListElement":[{"@type":"ListItem","position":1,"name":"Kezd\u0151lap","item":"https:\/\/blog.spbinvest.hu\/"},{"@type":"ListItem","position":2,"name":"Az SPB is jelen van ma este a Portfolio Budapest Economic Forum Pre-konferenci\u00e1j\u00e1n!"}]},{"@type":"WebSite","@id":"https:\/\/blog.spbinvest.hu\/#website","url":"https:\/\/blog.spbinvest.hu\/","name":"SPB Blog","description":"","potentialAction":[{"@type":"SearchAction","target":{"@type":"EntryPoint","urlTemplate":"https:\/\/blog.spbinvest.hu\/?s={search_term_string}"},"query-input":{"@type":"PropertyValueSpecification","valueRequired":true,"valueName":"search_term_string"}}],"inLanguage":"hu"},{"@type":"Person","@id":"https:\/\/blog.spbinvest.hu\/#\/schema\/person\/d5af847b20d61bf27bae3db50d6247f7","name":"SPB","image":{"@type":"ImageObject","inLanguage":"hu","@id":"https:\/\/secure.gravatar.com\/avatar\/e4bde87cb0016e1f94b62d02932290f9440405440ef9e5f3917ee5cec0b41662?s=96&d=mm&r=g","url":"https:\/\/secure.gravatar.com\/avatar\/e4bde87cb0016e1f94b62d02932290f9440405440ef9e5f3917ee5cec0b41662?s=96&d=mm&r=g","contentUrl":"https:\/\/secure.gravatar.com\/avatar\/e4bde87cb0016e1f94b62d02932290f9440405440ef9e5f3917ee5cec0b41662?s=96&d=mm&r=g","caption":"SPB"},"sameAs":["https:\/\/blog.spbinvest.hu"],"url":"https:\/\/blog.spbinvest.hu\/?author=1"}]}},"_links":{"self":[{"href":"https:\/\/blog.spbinvest.hu\/index.php?rest_route=\/wp\/v2\/posts\/2853","targetHints":{"allow":["GET"]}}],"collection":[{"href":"https:\/\/blog.spbinvest.hu\/index.php?rest_route=\/wp\/v2\/posts"}],"about":[{"href":"https:\/\/blog.spbinvest.hu\/index.php?rest_route=\/wp\/v2\/types\/post"}],"author":[{"embeddable":true,"href":"https:\/\/blog.spbinvest.hu\/index.php?rest_route=\/wp\/v2\/users\/1"}],"replies":[{"embeddable":true,"href":"https:\/\/blog.spbinvest.hu\/index.php?rest_route=%2Fwp%2Fv2%2Fcomments&post=2853"}],"version-history":[{"count":1,"href":"https:\/\/blog.spbinvest.hu\/index.php?rest_route=\/wp\/v2\/posts\/2853\/revisions"}],"predecessor-version":[{"id":2855,"href":"https:\/\/blog.spbinvest.hu\/index.php?rest_route=\/wp\/v2\/posts\/2853\/revisions\/2855"}],"wp:featuredmedia":[{"embeddable":true,"href":"https:\/\/blog.spbinvest.hu\/index.php?rest_route=\/wp\/v2\/media\/2854"}],"wp:attachment":[{"href":"https:\/\/blog.spbinvest.hu\/index.php?rest_route=%2Fwp%2Fv2%2Fmedia&parent=2853"}],"wp:term":[{"taxonomy":"category","embeddable":true,"href":"https:\/\/blog.spbinvest.hu\/index.php?rest_route=%2Fwp%2Fv2%2Fcategories&post=2853"},{"taxonomy":"post_tag","embeddable":true,"href":"https:\/\/blog.spbinvest.hu\/index.php?rest_route=%2Fwp%2Fv2%2Ftags&post=2853"}],"curies":[{"name":"wp","href":"https:\/\/api.w.org\/{rel}","templated":true}]}}