{"id":2777,"date":"2024-07-31T06:48:58","date_gmt":"2024-07-31T06:48:58","guid":{"rendered":"https:\/\/blog.spbinvest.hu\/?p=2777"},"modified":"2024-07-31T06:49:28","modified_gmt":"2024-07-31T06:49:28","slug":"51-kerdes-es-valasz-a-penzugyi-ongondoskodasrol-beschenbacher-kornel","status":"publish","type":"post","link":"https:\/\/blog.spbinvest.hu\/?p=2777","title":{"rendered":"5+1 k\u00e9rd\u00e9s \u00e9s v\u00e1lasz a p\u00e9nz\u00fcgyi \u00f6ngondoskod\u00e1sr\u00f3l \u2013 Beschenbacher Korn\u00e9l"},"content":{"rendered":"<p><em>Hogyan \u00e9p\u00edts\u00fcnk vagyont? Hogyan b\u00e1njunk a p\u00e9nz\u00fcnkkel \u00fagy, hogy az id\u0151vel minket szolg\u00e1ljon? Ha mi nem gondoskodunk a saj\u00e1t p\u00e9nz\u00fcnkr\u0151l, akkor ki fog? Mi m\u00falik rajtunk, a saj\u00e1t attit\u0171d\u00fcnk\u00f6n? Az SPB Befektet\u00e9si Zrt. szak\u00e9rt\u0151it k\u00e9rdezz\u00fck, \u0151k miben hisznek, ha a p\u00e9nz gyarap\u00edt\u00e1s\u00e1r\u00f3l van sz\u00f3.<\/em><\/p>\n<p>Ez\u00fattal Beschenbacher Korn\u00e9l, az SPB Befektet\u00e9si Zrt. priv\u00e1tbank\u00e1ra v\u00e1laszol, akir\u0151l \u00e9rdemes tudni, hogy kor\u00e1t meghazudtol\u00f3an magas szakmais\u00e1ggal, szorgalommal \u00e9s \u00fcgyf\u00e9lorient\u00e1lt gondolkod\u00e1ssal seg\u00edti nap mint nap \u00fcgyfeleit a befektet\u00e9sek vil\u00e1g\u00e1ban.<\/p>\n<p><strong><br \/>\n1. Ha valaki szeretne tudatosabb\u00e1 v\u00e1lni a p\u00e9nz\u00fcgyeiben, szerinted hol kezdje a folyamatot?<\/strong><\/p>\n<p>\u00c9rdemes enn\u00e9l a pontn\u00e1l megvizsg\u00e1lni a p\u00e9nz\u00fcgyi mint\u00e1zatainkat, c\u00e9ljainkat \u00e9s ig\u00e9nyeinket, \u00e9s c\u00e9lszer\u0171 t\u00f6bb r\u00e9szre bontani a k\u00e9rd\u00e9st. Mi az, amit m\u00e1r r\u00e9gen el kellett volna kezdenem, de nem tettem meg id\u00e1ig? Emellett aj\u00e1nlott k\u00f6vetni a bev\u00e9teleink \u00e9s a kiad\u00e1saink alakul\u00e1s\u00e1t r\u00f6vid, k\u00f6zepes, illetve hossz\u00fa t\u00e1von is (gondolok itt a folyamatos k\u00f6lts\u00e9gnapl\u00f3ra vagy a hirtelen, \u00fagynevezett impulzus-v\u00e1s\u00e1rl\u00e1sok elker\u00fcl\u00e9s\u00e9re). Erre egy \u00e9rdekes tippel is tudok szolg\u00e1lni. Ha valamilyen term\u00e9ket vagy szolg\u00e1ltat\u00e1st megl\u00e1tunk, lehet\u0151leg v\u00e1rjunk a megv\u00e1s\u00e1rl\u00e1s\u00e1val 3-5 napot. Megd\u00f6bbent\u0151 felismer\u00e9sben lesz r\u00e9sz\u00fcnk: a v\u00e1s\u00e1rl\u00e1sok k\u00f6zel 65 sz\u00e1zal\u00e9ka csak az\u00e9rt t\u00f6rt\u00e9nik, mert az adott pillanatban valamilyen \u00e9rzelmi d\u00f6nt\u00e9st hozunk.<\/p>\n<p><strong>2. Mi a legjobb tan\u00e1cs, amit befektet\u00e9sek ter\u00e9n kapt\u00e1l \u00e9s a legt\u00f6bb helyzetben helyt\u00e1ll\u00f3?<\/strong><\/p>\n<p>Tisztelj\u00fck \u00e9s becs\u00fclj\u00fck meg az emberi kapcsolatainkat! Ez az igazi mozgat\u00f3rug\u00f3ja az \u00e9n munk\u00e1mnak is. Fontos az is, hogy aki befektetn\u00e9 a vagyon\u00e1t, olyan emberre hallgasson, aki nem csak elm\u00e9letben \u201eoktatja\u201d, de a gyakorlatban is \u00e9rti a befektet\u00e9sek vil\u00e1g\u00e1t.\u00a0Kezdetben elegend\u0151 lehet egy alacsonyabb kock\u00e1zat\u00fa, kisebb hozampotenci\u00e1llal rendelkez\u0151 befektet\u00e9st v\u00e1lasztani \u2013 b\u00e1rmennyire is vonz\u00f3k, nem \u00e9rdemes irre\u00e1lisan magas hozamokat \u00e9s k\u00f6nny\u0171 meggazdagod\u00e1st \u00edg\u00e9r\u0151 lehet\u0151s\u00e9geket kergetni.<\/p>\n<p><strong>3. Ha a szem\u00e9lyes p\u00e9nz\u00fcgyeidet n\u00e9zz\u00fck, Te milyen befektet\u00e9sekre esk\u00fcsz\u00f6l?<\/strong><\/p>\n<p>A jelenlegi makrogazdas\u00e1gi k\u00f6rnyezetben a hossz\u00fa lej\u00e1rat\u00fa \u00e1llampap\u00edrok kiemelked\u0151 hozampotenci\u00e1llal rendelkeznek. Ezek mellett \u2013 j\u00f3val kisebb r\u00e9szben \u2013 kedvelem a spekulat\u00edv r\u00e9szv\u00e9nyeket is.\u00a0Azonban mindenki sz\u00e1m\u00e1ra van egy igen fontos tan\u00e1csom, ami nem m\u00e1s, mint a diverzifik\u00e1ci\u00f3: a kock\u00e1zatok megoszt\u00e1s\u00e1val kedvez\u0151bben j\u00f6het\u00fcnk ki a v\u00e1ratlan piaci szitu\u00e1ci\u00f3kb\u00f3l.\u00a0Egy megfelel\u0151en diverzifik\u00e1lt portf\u00f3li\u00f3 hozam\u00e1val k\u00f6z\u00e9pt\u00e1von m\u00e1r nagyon el\u00e9gedettek lehet\u00fcnk.<\/p>\n<p><img loading=\"lazy\" decoding=\"async\" class=\"alignnone size-large wp-image-1372\" src=\"https:\/\/blog.spbinvest.hu\/wp-content\/uploads\/2022\/08\/Beschenbacher-Kornel-SPB2-827x1024.jpg\" alt=\"\" width=\"827\" height=\"1024\" srcset=\"https:\/\/blog.spbinvest.hu\/wp-content\/uploads\/2022\/08\/Beschenbacher-Kornel-SPB2-827x1024.jpg 827w, https:\/\/blog.spbinvest.hu\/wp-content\/uploads\/2022\/08\/Beschenbacher-Kornel-SPB2-242x300.jpg 242w, https:\/\/blog.spbinvest.hu\/wp-content\/uploads\/2022\/08\/Beschenbacher-Kornel-SPB2-768x951.jpg 768w, https:\/\/blog.spbinvest.hu\/wp-content\/uploads\/2022\/08\/Beschenbacher-Kornel-SPB2.jpg 963w\" sizes=\"auto, (max-width: 827px) 100vw, 827px\" \/><\/p>\n<p><em>Beschenbacher Korn\u00e9l<\/em><\/p>\n<p><strong>4. Szerinted mit jelent az \u00f6ngondoskod\u00e1s a p\u00e9nz\u00fcgyek ter\u00e9n?<\/strong><\/p>\n<p>Ami legink\u00e1bb hi\u00e1nyzik az emberek t\u00f6bbs\u00e9g\u00e9b\u0151l, az a cselekv\u00e9s. A p\u00e9nz\u00fcgyek ter\u00e9n egy\u00e9rtelm\u0171ek a szempontok.\u00a0Els\u0151 k\u00f6rben legyen akkora megtakar\u00edt\u00e1sunk, amely kitart legal\u00e1bb f\u00e9l-egy \u00e9vig, hogy a v\u00e9szterhes id\u0151kben se legyen k\u00e9rd\u00e9s a napi meg\u00e9lhet\u00e9s.\u00a0M\u00e1sodsorban pedig, kezdj\u00fcnk el id\u0151ben gondoskodni a nyugd\u00edjas \u00e9vekr\u0151l. Nyilv\u00e1n sokak sz\u00e1m\u00e1ra ez m\u00e9g igaz\u00e1n t\u00e1voli, azonban nem szabad sok\u00e1ig t\u00e9tov\u00e1zni.<\/p>\n<p><strong>5. Mit nem tanultunk meg id\u0151ben a p\u00e9nzr\u0151l, pedig kellene?<\/strong><\/p>\n<p>Sokan al\u00e1becs\u00fclik a p\u00e9nz jelent\u0151s\u00e9g\u00e9t \u00e9s szerep\u00e9t, pedig megfelel\u0151 mennyis\u00e9g\u0171 p\u00e9nz n\u00e9lk\u00fcl hi\u00e1ny\u00e9rzet\u00fcnk keletkezik. Ez\u00e9rt becs\u00fclni kell a p\u00e9nz\u00fcnk \u00e9rt\u00e9k\u00e9t, hogy az \u00e9let\u00fcnket t\u00e1mogassa, \u00e9s ne megkeser\u00edtse a szem\u00e9lyes anyagi helyzet\u00fcnk. A p\u00e9nz\u00fcgyi eduk\u00e1ci\u00f3 fontosabb, mint gondoln\u00e1nk. Nem szabad sz\u00e9gyenkezni amiatt, ha valamit nem tudunk, hiszen ha ebb\u0151l ad\u00f3d\u00f3an meggondolatlanul cseleksz\u00fcnk, annak ak\u00e1r \u00e9vekig is viselhetj\u00fck a terheit. A legfontosabb, hogy soha sincs k\u00e9s\u0151 fejl\u0151dni \u00e9s az adott t\u00e9m\u00e1ban megfelel\u0151en t\u00e1j\u00e9koz\u00f3dni \u2013 ne f\u00e9lj\u00fcnk tan\u00e1csot k\u00e9rni olyan szakemberekt\u0151l, akik m\u00e1r tapasztaltabbak a t\u00e9m\u00e1ban!<\/p>\n<p><strong>+1. Mi\u00e9rt \u00e9rdemes befektetni, megdolgoztatni a p\u00e9nz\u00fcnket?<\/strong><\/p>\n<p>Azt gondolom, hogy nem felt\u00e9tlen\u00fcl a mi\u00e9rteket kell keresn\u00fcnk \u00e9let\u00fcnk minden egyes pontj\u00e1n, hanem megfelel\u0151 tervez\u00e9s \u00e9s el\u0151k\u00e9sz\u00edt\u00e9s ut\u00e1n profi seg\u00edts\u00e9g ig\u00e9nybev\u00e9tel\u00e9vel bele kell v\u00e1gni \u00e9s megval\u00f3s\u00edtani mindazt, amir\u0151l sokan csak \u00e1lmodnak: el\u00e9rni a p\u00e9nz\u00fcgyi f\u00fcggetlens\u00e9get.<\/p>\n<p>Szeretne \u00faj szintre l\u00e9pni a befektet\u00e9sei ter\u00e9n?<\/p>\n<p><strong>\u00d6r\u00f6mmel v\u00e1rjuk a megkeres\u00e9s\u00e9t!<\/strong><\/p>\n<p><img loading=\"lazy\" decoding=\"async\" class=\"alignnone wp-image-1373\" src=\"https:\/\/blog.spbinvest.hu\/wp-content\/uploads\/2022\/08\/Beschenbacher-Kornel-SPB-3-786x1024.jpg\" sizes=\"auto, (max-width: 157px) 100vw, 157px\" srcset=\"https:\/\/blog.spbinvest.hu\/wp-content\/uploads\/2022\/08\/Beschenbacher-Kornel-SPB-3-786x1024.jpg 786w, https:\/\/blog.spbinvest.hu\/wp-content\/uploads\/2022\/08\/Beschenbacher-Kornel-SPB-3-230x300.jpg 230w, https:\/\/blog.spbinvest.hu\/wp-content\/uploads\/2022\/08\/Beschenbacher-Kornel-SPB-3-768x1000.jpg 768w, https:\/\/blog.spbinvest.hu\/wp-content\/uploads\/2022\/08\/Beschenbacher-Kornel-SPB-3-1180x1536.jpg 1180w, https:\/\/blog.spbinvest.hu\/wp-content\/uploads\/2022\/08\/Beschenbacher-Kornel-SPB-3-1573x2048.jpg 1573w, https:\/\/blog.spbinvest.hu\/wp-content\/uploads\/2022\/08\/Beschenbacher-Kornel-SPB-3.jpg 1682w\" alt=\"\" width=\"157\" height=\"204\" \/><\/p>\n<p>Beschenbacher Korn\u00e9l<br \/>\npriv\u00e1tbank\u00e1r<\/p>\n<p>mobil:\u00a0<a href=\"tel:+36202329776\">+36 20 232 9776<\/a><br \/>\ne-mail:\u00a0<a class=\"mail-link\" data-enc-email=\"xbeary.orfpuraonpure[at]fcovairfg.uh\" data-wpel-link=\"ignore\"><span id=\"wpmt-187539-556983\">kornel.beschenbacher@spbinvest.hu<\/span><\/a><\/p>\n<p><a href=\"https:\/\/www.linkedin.com\/in\/korn%C3%A9l-beschenbacher-a2ba5b197\/\" target=\"_blank\" rel=\"noopener\"><strong>Linkedin profil<\/strong><\/a><\/p>\n","protected":false},"excerpt":{"rendered":"<p>Hogyan \u00e9p\u00edts\u00fcnk vagyont? Hogyan b\u00e1njunk a p\u00e9nz\u00fcnkkel \u00fagy, hogy az id\u0151vel minket szolg\u00e1ljon? Ha mi nem gondoskodunk a saj\u00e1t p\u00e9nz\u00fcnkr\u0151l, akkor ki fog? Mi m\u00falik rajtunk, a saj\u00e1t attit\u0171d\u00fcnk\u00f6n? Az SPB Befektet\u00e9si Zrt. szak\u00e9rt\u0151it k\u00e9rdezz\u00fck, \u0151k miben hisznek, ha a p\u00e9nz gyarap\u00edt\u00e1s\u00e1r\u00f3l van sz\u00f3. Ez\u00fattal Beschenbacher Korn\u00e9l, az SPB Befektet\u00e9si Zrt. priv\u00e1tbank\u00e1ra v\u00e1laszol, akir\u0151l \u00e9rdemes&#8230;<\/p>\n","protected":false},"author":1,"featured_media":1371,"comment_status":"closed","ping_status":"open","sticky":false,"template":"","format":"standard","meta":{"footnotes":""},"categories":[52],"tags":[],"class_list":["post-2777","post","type-post","status-publish","format-standard","has-post-thumbnail","hentry","category-portfolioblogger"],"yoast_head":"<!-- This site is optimized with the Yoast SEO plugin v27.5 - https:\/\/yoast.com\/product\/yoast-seo-wordpress\/ -->\n<title>5+1 k\u00e9rd\u00e9s \u00e9s v\u00e1lasz a p\u00e9nz\u00fcgyi \u00f6ngondoskod\u00e1sr\u00f3l \u2013 Beschenbacher Korn\u00e9l - SPB Blog<\/title>\n<meta name=\"description\" content=\"Hogyan \u00e9p\u00edts\u00fcnk vagyont? Hogyan b\u00e1njunk a p\u00e9nz\u00fcnkkel \u00fagy, hogy az id\u0151vel minket szolg\u00e1ljon? Ha mi nem gondoskodunk a saj\u00e1t p\u00e9nz\u00fcnkr\u0151l, akkor ki fog? Mi m\u00falik rajtunk, a saj\u00e1t attit\u0171d\u00fcnk\u00f6n? Az SPB Befektet\u00e9si Zrt. szak\u00e9rt\u0151it k\u00e9rdezz\u00fck, \u0151k miben hisznek, ha a p\u00e9nz gyarap\u00edt\u00e1s\u00e1r\u00f3l van sz\u00f3.\" \/>\n<meta name=\"robots\" content=\"index, follow, max-snippet:-1, max-image-preview:large, max-video-preview:-1\" \/>\n<link rel=\"canonical\" href=\"https:\/\/blog.spbinvest.hu\/?p=2777\" \/>\n<meta property=\"og:locale\" content=\"hu_HU\" \/>\n<meta property=\"og:type\" content=\"article\" \/>\n<meta property=\"og:title\" content=\"5+1 k\u00e9rd\u00e9s \u00e9s v\u00e1lasz a p\u00e9nz\u00fcgyi \u00f6ngondoskod\u00e1sr\u00f3l \u2013 Beschenbacher Korn\u00e9l\" \/>\n<meta property=\"og:description\" content=\"Hogyan \u00e9p\u00edts\u00fcnk vagyont? Hogyan b\u00e1njunk a p\u00e9nz\u00fcnkkel \u00fagy, hogy az id\u0151vel minket szolg\u00e1ljon? Ha mi nem gondoskodunk a saj\u00e1t p\u00e9nz\u00fcnkr\u0151l, akkor ki fog? Mi m\u00falik rajtunk, a saj\u00e1t attit\u0171d\u00fcnk\u00f6n? Az SPB Befektet\u00e9si Zrt. szak\u00e9rt\u0151it k\u00e9rdezz\u00fck, \u0151k miben hisznek, ha a p\u00e9nz gyarap\u00edt\u00e1s\u00e1r\u00f3l van sz\u00f3.\" \/>\n<meta property=\"og:url\" content=\"https:\/\/blog.spbinvest.hu\/?p=2777\" \/>\n<meta property=\"og:site_name\" content=\"SPB Blog\" \/>\n<meta property=\"article:published_time\" content=\"2024-07-31T06:48:58+00:00\" \/>\n<meta property=\"article:modified_time\" content=\"2024-07-31T06:49:28+00:00\" \/>\n<meta property=\"og:image\" content=\"https:\/\/blog.spbinvest.hu\/wp-content\/uploads\/2022\/08\/Beschenbacher-Kornel-SPB-scaled.jpg\" \/>\n\t<meta property=\"og:image:width\" content=\"2560\" \/>\n\t<meta property=\"og:image:height\" content=\"1635\" \/>\n\t<meta property=\"og:image:type\" content=\"image\/jpeg\" \/>\n<meta name=\"author\" content=\"SPB\" \/>\n<meta name=\"twitter:card\" content=\"summary_large_image\" \/>\n<meta name=\"twitter:label1\" content=\"Szerz\u0151:\" \/>\n\t<meta name=\"twitter:data1\" content=\"SPB\" \/>\n\t<meta name=\"twitter:label2\" content=\"Becs\u00fclt olvas\u00e1si id\u0151\" \/>\n\t<meta name=\"twitter:data2\" content=\"4 perc\" \/>\n<script type=\"application\/ld+json\" class=\"yoast-schema-graph\">{\"@context\":\"https:\\\/\\\/schema.org\",\"@graph\":[{\"@type\":\"Article\",\"@id\":\"https:\\\/\\\/blog.spbinvest.hu\\\/?p=2777#article\",\"isPartOf\":{\"@id\":\"https:\\\/\\\/blog.spbinvest.hu\\\/?p=2777\"},\"author\":{\"name\":\"SPB\",\"@id\":\"https:\\\/\\\/blog.spbinvest.hu\\\/#\\\/schema\\\/person\\\/d5af847b20d61bf27bae3db50d6247f7\"},\"headline\":\"5+1 k\u00e9rd\u00e9s \u00e9s v\u00e1lasz a p\u00e9nz\u00fcgyi \u00f6ngondoskod\u00e1sr\u00f3l \u2013 Beschenbacher Korn\u00e9l\",\"datePublished\":\"2024-07-31T06:48:58+00:00\",\"dateModified\":\"2024-07-31T06:49:28+00:00\",\"mainEntityOfPage\":{\"@id\":\"https:\\\/\\\/blog.spbinvest.hu\\\/?p=2777\"},\"wordCount\":873,\"image\":{\"@id\":\"https:\\\/\\\/blog.spbinvest.hu\\\/?p=2777#primaryimage\"},\"thumbnailUrl\":\"https:\\\/\\\/blog.spbinvest.hu\\\/wp-content\\\/uploads\\\/2022\\\/08\\\/Beschenbacher-Kornel-SPB-scaled.jpg\",\"articleSection\":[\"portfolioblogger\"],\"inLanguage\":\"hu\"},{\"@type\":\"WebPage\",\"@id\":\"https:\\\/\\\/blog.spbinvest.hu\\\/?p=2777\",\"url\":\"https:\\\/\\\/blog.spbinvest.hu\\\/?p=2777\",\"name\":\"5+1 k\u00e9rd\u00e9s \u00e9s v\u00e1lasz a p\u00e9nz\u00fcgyi \u00f6ngondoskod\u00e1sr\u00f3l \u2013 Beschenbacher Korn\u00e9l - SPB Blog\",\"isPartOf\":{\"@id\":\"https:\\\/\\\/blog.spbinvest.hu\\\/#website\"},\"primaryImageOfPage\":{\"@id\":\"https:\\\/\\\/blog.spbinvest.hu\\\/?p=2777#primaryimage\"},\"image\":{\"@id\":\"https:\\\/\\\/blog.spbinvest.hu\\\/?p=2777#primaryimage\"},\"thumbnailUrl\":\"https:\\\/\\\/blog.spbinvest.hu\\\/wp-content\\\/uploads\\\/2022\\\/08\\\/Beschenbacher-Kornel-SPB-scaled.jpg\",\"datePublished\":\"2024-07-31T06:48:58+00:00\",\"dateModified\":\"2024-07-31T06:49:28+00:00\",\"author\":{\"@id\":\"https:\\\/\\\/blog.spbinvest.hu\\\/#\\\/schema\\\/person\\\/d5af847b20d61bf27bae3db50d6247f7\"},\"description\":\"Hogyan \u00e9p\u00edts\u00fcnk vagyont? Hogyan b\u00e1njunk a p\u00e9nz\u00fcnkkel \u00fagy, hogy az id\u0151vel minket szolg\u00e1ljon? Ha mi nem gondoskodunk a saj\u00e1t p\u00e9nz\u00fcnkr\u0151l, akkor ki fog? Mi m\u00falik rajtunk, a saj\u00e1t attit\u0171d\u00fcnk\u00f6n? Az SPB Befektet\u00e9si Zrt. szak\u00e9rt\u0151it k\u00e9rdezz\u00fck, \u0151k miben hisznek, ha a p\u00e9nz gyarap\u00edt\u00e1s\u00e1r\u00f3l van sz\u00f3.\",\"breadcrumb\":{\"@id\":\"https:\\\/\\\/blog.spbinvest.hu\\\/?p=2777#breadcrumb\"},\"inLanguage\":\"hu\",\"potentialAction\":[{\"@type\":\"ReadAction\",\"target\":[\"https:\\\/\\\/blog.spbinvest.hu\\\/?p=2777\"]}]},{\"@type\":\"ImageObject\",\"inLanguage\":\"hu\",\"@id\":\"https:\\\/\\\/blog.spbinvest.hu\\\/?p=2777#primaryimage\",\"url\":\"https:\\\/\\\/blog.spbinvest.hu\\\/wp-content\\\/uploads\\\/2022\\\/08\\\/Beschenbacher-Kornel-SPB-scaled.jpg\",\"contentUrl\":\"https:\\\/\\\/blog.spbinvest.hu\\\/wp-content\\\/uploads\\\/2022\\\/08\\\/Beschenbacher-Kornel-SPB-scaled.jpg\",\"width\":2560,\"height\":1635},{\"@type\":\"BreadcrumbList\",\"@id\":\"https:\\\/\\\/blog.spbinvest.hu\\\/?p=2777#breadcrumb\",\"itemListElement\":[{\"@type\":\"ListItem\",\"position\":1,\"name\":\"Kezd\u0151lap\",\"item\":\"https:\\\/\\\/blog.spbinvest.hu\\\/\"},{\"@type\":\"ListItem\",\"position\":2,\"name\":\"5+1 k\u00e9rd\u00e9s \u00e9s v\u00e1lasz a p\u00e9nz\u00fcgyi \u00f6ngondoskod\u00e1sr\u00f3l \u2013 Beschenbacher Korn\u00e9l\"}]},{\"@type\":\"WebSite\",\"@id\":\"https:\\\/\\\/blog.spbinvest.hu\\\/#website\",\"url\":\"https:\\\/\\\/blog.spbinvest.hu\\\/\",\"name\":\"SPB Blog\",\"description\":\"\",\"potentialAction\":[{\"@type\":\"SearchAction\",\"target\":{\"@type\":\"EntryPoint\",\"urlTemplate\":\"https:\\\/\\\/blog.spbinvest.hu\\\/?s={search_term_string}\"},\"query-input\":{\"@type\":\"PropertyValueSpecification\",\"valueRequired\":true,\"valueName\":\"search_term_string\"}}],\"inLanguage\":\"hu\"},{\"@type\":\"Person\",\"@id\":\"https:\\\/\\\/blog.spbinvest.hu\\\/#\\\/schema\\\/person\\\/d5af847b20d61bf27bae3db50d6247f7\",\"name\":\"SPB\",\"image\":{\"@type\":\"ImageObject\",\"inLanguage\":\"hu\",\"@id\":\"https:\\\/\\\/secure.gravatar.com\\\/avatar\\\/e4bde87cb0016e1f94b62d02932290f9440405440ef9e5f3917ee5cec0b41662?s=96&d=mm&r=g\",\"url\":\"https:\\\/\\\/secure.gravatar.com\\\/avatar\\\/e4bde87cb0016e1f94b62d02932290f9440405440ef9e5f3917ee5cec0b41662?s=96&d=mm&r=g\",\"contentUrl\":\"https:\\\/\\\/secure.gravatar.com\\\/avatar\\\/e4bde87cb0016e1f94b62d02932290f9440405440ef9e5f3917ee5cec0b41662?s=96&d=mm&r=g\",\"caption\":\"SPB\"},\"sameAs\":[\"https:\\\/\\\/blog.spbinvest.hu\"],\"url\":\"https:\\\/\\\/blog.spbinvest.hu\\\/?author=1\"}]}<\/script>\n<!-- \/ Yoast SEO plugin. -->","yoast_head_json":{"title":"5+1 k\u00e9rd\u00e9s \u00e9s v\u00e1lasz a p\u00e9nz\u00fcgyi \u00f6ngondoskod\u00e1sr\u00f3l \u2013 Beschenbacher Korn\u00e9l - SPB Blog","description":"Hogyan \u00e9p\u00edts\u00fcnk vagyont? Hogyan b\u00e1njunk a p\u00e9nz\u00fcnkkel \u00fagy, hogy az id\u0151vel minket szolg\u00e1ljon? Ha mi nem gondoskodunk a saj\u00e1t p\u00e9nz\u00fcnkr\u0151l, akkor ki fog? Mi m\u00falik rajtunk, a saj\u00e1t attit\u0171d\u00fcnk\u00f6n? Az SPB Befektet\u00e9si Zrt. szak\u00e9rt\u0151it k\u00e9rdezz\u00fck, \u0151k miben hisznek, ha a p\u00e9nz gyarap\u00edt\u00e1s\u00e1r\u00f3l van sz\u00f3.","robots":{"index":"index","follow":"follow","max-snippet":"max-snippet:-1","max-image-preview":"max-image-preview:large","max-video-preview":"max-video-preview:-1"},"canonical":"https:\/\/blog.spbinvest.hu\/?p=2777","og_locale":"hu_HU","og_type":"article","og_title":"5+1 k\u00e9rd\u00e9s \u00e9s v\u00e1lasz a p\u00e9nz\u00fcgyi \u00f6ngondoskod\u00e1sr\u00f3l \u2013 Beschenbacher Korn\u00e9l","og_description":"Hogyan \u00e9p\u00edts\u00fcnk vagyont? Hogyan b\u00e1njunk a p\u00e9nz\u00fcnkkel \u00fagy, hogy az id\u0151vel minket szolg\u00e1ljon? Ha mi nem gondoskodunk a saj\u00e1t p\u00e9nz\u00fcnkr\u0151l, akkor ki fog? Mi m\u00falik rajtunk, a saj\u00e1t attit\u0171d\u00fcnk\u00f6n? Az SPB Befektet\u00e9si Zrt. szak\u00e9rt\u0151it k\u00e9rdezz\u00fck, \u0151k miben hisznek, ha a p\u00e9nz gyarap\u00edt\u00e1s\u00e1r\u00f3l van sz\u00f3.","og_url":"https:\/\/blog.spbinvest.hu\/?p=2777","og_site_name":"SPB Blog","article_published_time":"2024-07-31T06:48:58+00:00","article_modified_time":"2024-07-31T06:49:28+00:00","og_image":[{"width":2560,"height":1635,"url":"https:\/\/blog.spbinvest.hu\/wp-content\/uploads\/2022\/08\/Beschenbacher-Kornel-SPB-scaled.jpg","type":"image\/jpeg"}],"author":"SPB","twitter_card":"summary_large_image","twitter_misc":{"Szerz\u0151:":"SPB","Becs\u00fclt olvas\u00e1si id\u0151":"4 perc"},"schema":{"@context":"https:\/\/schema.org","@graph":[{"@type":"Article","@id":"https:\/\/blog.spbinvest.hu\/?p=2777#article","isPartOf":{"@id":"https:\/\/blog.spbinvest.hu\/?p=2777"},"author":{"name":"SPB","@id":"https:\/\/blog.spbinvest.hu\/#\/schema\/person\/d5af847b20d61bf27bae3db50d6247f7"},"headline":"5+1 k\u00e9rd\u00e9s \u00e9s v\u00e1lasz a p\u00e9nz\u00fcgyi \u00f6ngondoskod\u00e1sr\u00f3l \u2013 Beschenbacher Korn\u00e9l","datePublished":"2024-07-31T06:48:58+00:00","dateModified":"2024-07-31T06:49:28+00:00","mainEntityOfPage":{"@id":"https:\/\/blog.spbinvest.hu\/?p=2777"},"wordCount":873,"image":{"@id":"https:\/\/blog.spbinvest.hu\/?p=2777#primaryimage"},"thumbnailUrl":"https:\/\/blog.spbinvest.hu\/wp-content\/uploads\/2022\/08\/Beschenbacher-Kornel-SPB-scaled.jpg","articleSection":["portfolioblogger"],"inLanguage":"hu"},{"@type":"WebPage","@id":"https:\/\/blog.spbinvest.hu\/?p=2777","url":"https:\/\/blog.spbinvest.hu\/?p=2777","name":"5+1 k\u00e9rd\u00e9s \u00e9s v\u00e1lasz a p\u00e9nz\u00fcgyi \u00f6ngondoskod\u00e1sr\u00f3l \u2013 Beschenbacher Korn\u00e9l - SPB Blog","isPartOf":{"@id":"https:\/\/blog.spbinvest.hu\/#website"},"primaryImageOfPage":{"@id":"https:\/\/blog.spbinvest.hu\/?p=2777#primaryimage"},"image":{"@id":"https:\/\/blog.spbinvest.hu\/?p=2777#primaryimage"},"thumbnailUrl":"https:\/\/blog.spbinvest.hu\/wp-content\/uploads\/2022\/08\/Beschenbacher-Kornel-SPB-scaled.jpg","datePublished":"2024-07-31T06:48:58+00:00","dateModified":"2024-07-31T06:49:28+00:00","author":{"@id":"https:\/\/blog.spbinvest.hu\/#\/schema\/person\/d5af847b20d61bf27bae3db50d6247f7"},"description":"Hogyan \u00e9p\u00edts\u00fcnk vagyont? Hogyan b\u00e1njunk a p\u00e9nz\u00fcnkkel \u00fagy, hogy az id\u0151vel minket szolg\u00e1ljon? Ha mi nem gondoskodunk a saj\u00e1t p\u00e9nz\u00fcnkr\u0151l, akkor ki fog? Mi m\u00falik rajtunk, a saj\u00e1t attit\u0171d\u00fcnk\u00f6n? Az SPB Befektet\u00e9si Zrt. szak\u00e9rt\u0151it k\u00e9rdezz\u00fck, \u0151k miben hisznek, ha a p\u00e9nz gyarap\u00edt\u00e1s\u00e1r\u00f3l van sz\u00f3.","breadcrumb":{"@id":"https:\/\/blog.spbinvest.hu\/?p=2777#breadcrumb"},"inLanguage":"hu","potentialAction":[{"@type":"ReadAction","target":["https:\/\/blog.spbinvest.hu\/?p=2777"]}]},{"@type":"ImageObject","inLanguage":"hu","@id":"https:\/\/blog.spbinvest.hu\/?p=2777#primaryimage","url":"https:\/\/blog.spbinvest.hu\/wp-content\/uploads\/2022\/08\/Beschenbacher-Kornel-SPB-scaled.jpg","contentUrl":"https:\/\/blog.spbinvest.hu\/wp-content\/uploads\/2022\/08\/Beschenbacher-Kornel-SPB-scaled.jpg","width":2560,"height":1635},{"@type":"BreadcrumbList","@id":"https:\/\/blog.spbinvest.hu\/?p=2777#breadcrumb","itemListElement":[{"@type":"ListItem","position":1,"name":"Kezd\u0151lap","item":"https:\/\/blog.spbinvest.hu\/"},{"@type":"ListItem","position":2,"name":"5+1 k\u00e9rd\u00e9s \u00e9s v\u00e1lasz a p\u00e9nz\u00fcgyi \u00f6ngondoskod\u00e1sr\u00f3l \u2013 Beschenbacher Korn\u00e9l"}]},{"@type":"WebSite","@id":"https:\/\/blog.spbinvest.hu\/#website","url":"https:\/\/blog.spbinvest.hu\/","name":"SPB Blog","description":"","potentialAction":[{"@type":"SearchAction","target":{"@type":"EntryPoint","urlTemplate":"https:\/\/blog.spbinvest.hu\/?s={search_term_string}"},"query-input":{"@type":"PropertyValueSpecification","valueRequired":true,"valueName":"search_term_string"}}],"inLanguage":"hu"},{"@type":"Person","@id":"https:\/\/blog.spbinvest.hu\/#\/schema\/person\/d5af847b20d61bf27bae3db50d6247f7","name":"SPB","image":{"@type":"ImageObject","inLanguage":"hu","@id":"https:\/\/secure.gravatar.com\/avatar\/e4bde87cb0016e1f94b62d02932290f9440405440ef9e5f3917ee5cec0b41662?s=96&d=mm&r=g","url":"https:\/\/secure.gravatar.com\/avatar\/e4bde87cb0016e1f94b62d02932290f9440405440ef9e5f3917ee5cec0b41662?s=96&d=mm&r=g","contentUrl":"https:\/\/secure.gravatar.com\/avatar\/e4bde87cb0016e1f94b62d02932290f9440405440ef9e5f3917ee5cec0b41662?s=96&d=mm&r=g","caption":"SPB"},"sameAs":["https:\/\/blog.spbinvest.hu"],"url":"https:\/\/blog.spbinvest.hu\/?author=1"}]}},"_links":{"self":[{"href":"https:\/\/blog.spbinvest.hu\/index.php?rest_route=\/wp\/v2\/posts\/2777","targetHints":{"allow":["GET"]}}],"collection":[{"href":"https:\/\/blog.spbinvest.hu\/index.php?rest_route=\/wp\/v2\/posts"}],"about":[{"href":"https:\/\/blog.spbinvest.hu\/index.php?rest_route=\/wp\/v2\/types\/post"}],"author":[{"embeddable":true,"href":"https:\/\/blog.spbinvest.hu\/index.php?rest_route=\/wp\/v2\/users\/1"}],"replies":[{"embeddable":true,"href":"https:\/\/blog.spbinvest.hu\/index.php?rest_route=%2Fwp%2Fv2%2Fcomments&post=2777"}],"version-history":[{"count":2,"href":"https:\/\/blog.spbinvest.hu\/index.php?rest_route=\/wp\/v2\/posts\/2777\/revisions"}],"predecessor-version":[{"id":2779,"href":"https:\/\/blog.spbinvest.hu\/index.php?rest_route=\/wp\/v2\/posts\/2777\/revisions\/2779"}],"wp:featuredmedia":[{"embeddable":true,"href":"https:\/\/blog.spbinvest.hu\/index.php?rest_route=\/wp\/v2\/media\/1371"}],"wp:attachment":[{"href":"https:\/\/blog.spbinvest.hu\/index.php?rest_route=%2Fwp%2Fv2%2Fmedia&parent=2777"}],"wp:term":[{"taxonomy":"category","embeddable":true,"href":"https:\/\/blog.spbinvest.hu\/index.php?rest_route=%2Fwp%2Fv2%2Fcategories&post=2777"},{"taxonomy":"post_tag","embeddable":true,"href":"https:\/\/blog.spbinvest.hu\/index.php?rest_route=%2Fwp%2Fv2%2Ftags&post=2777"}],"curies":[{"name":"wp","href":"https:\/\/api.w.org\/{rel}","templated":true}]}}