{"id":2599,"date":"2024-04-09T17:29:46","date_gmt":"2024-04-09T17:29:46","guid":{"rendered":"https:\/\/blog.spbinvest.hu\/?p=2599"},"modified":"2024-04-09T17:29:46","modified_gmt":"2024-04-09T17:29:46","slug":"spb-a-kovetkezo-honapokban-2-ala-csokkenhet-az-inflacio-az-eurozonaban-elemzes","status":"publish","type":"post","link":"https:\/\/blog.spbinvest.hu\/?p=2599","title":{"rendered":"SPB: A k\u00f6vetkez\u0151 h\u00f3napokban 2% al\u00e1 cs\u00f6kkenhet az infl\u00e1ci\u00f3 az Euroz\u00f3n\u00e1ban &#8211; Elemz\u00e9s"},"content":{"rendered":"<p><em>K\u00edna gazdas\u00e1gi \u00e9rtelemben kezd egyre jobb sz\u00ednben felt\u0171nni az elemz\u0151k \u00e9s befektet\u0151k szem\u00e9ben. Mind a feldolgoz\u00f3ipar, mind a szolg\u00e1ltat\u00f3 szektor sz\u00e9pen teljes\u00edt, folyamatosan \u00e9rkeznek a megb\u00edz\u00e1sok, konjunkt\u00fara szakaszban j\u00e1runk. A v\u00e1rakoz\u00e1sok szerint a j\u00f3 gazdas\u00e1gi teljes\u00edtm\u00e9ny id\u0151vel a munkaer\u0151piac alakul\u00e1s\u00e1ra is kedvez\u0151 hat\u00e1ssal lehet majd. Szint\u00e9n felfel\u00e9 \u00edvel\u0151 szakaszban j\u00e1r az amerikai feldolgoz\u00f3ipar, ilyen m\u00e9rt\u00e9k\u0171 n\u00f6veked\u00e9sre 2022 szeptembere \u00f3ta nem volt p\u00e9lda. A szolg\u00e1ltat\u00f3ipar hasonl\u00f3an j\u00f3l teljes\u00edt, a k\u00f6zponti k\u00f6lts\u00e9gvet\u00e9s gyors \u00fctemben n\u00f6vekv\u0151 ad\u00f3ss\u00e1g\u00e1llom\u00e1nya viszont k\u00e9rd\u00e9seket vet fel a pozit\u00edv tendencia fenntarthat\u00f3s\u00e1g\u00e1t illet\u0151en. Az Euroz\u00f3n\u00e1t tekintve j\u00f3val kedvez\u0151tlenebb k\u00e9pet l\u00e1thatunk, N\u00e9metorsz\u00e1g ipari teljes\u00edtm\u00e9ny\u00e9t tov\u00e1bbra is versenyk\u00e9pess\u00e9gi probl\u00e9m\u00e1k, \u00e9s a kereslet hi\u00e1nya fogja vissza. Az infl\u00e1ci\u00f3s szintek a k\u00f6vetkez\u0151 h\u00f3napokban el\u00e9rhetik a 2%-ot, \u00edgy az ECB r\u00e9sz\u00e9r\u0151l nem l\u00e1tszik tov\u00e1bbi akad\u00e1lya az els\u0151 kamatcs\u00f6kkent\u00e9snek. Az olaj \u00e1rfolyam\u00e1t er\u0151teljesen befoly\u00e1solj\u00e1k az aktu\u00e1lis geopolitikai esem\u00e9nyek, a hord\u00f3nk\u00e9nti \u00e1r k\u00f6zel\u00edti a 90-es szintet. Meglep\u0151 munkaer\u0151piaci adatok \u00e9rkeztek az USA-b\u00f3l, melyek jelent\u0151s hat\u00e1st gyakoroltak a FED kamatcs\u00f6kkent\u00e9sekkel kapcsolatos piaci v\u00e1rakoz\u00e1sokra is.<\/em><\/p>\n<p>A <strong>Caixin Manufacturing PMI<\/strong> a v\u00e1rakoz\u00e1sokhoz k\u00e9pest jobb lett, \u00e9s tov\u00e1bbra is stabilan 50 felett, a konjunkt\u00fara szakaszban j\u00e1r a feldolgoz\u00f3 ipar. A fel\u00edvel\u0151 szakaszt t\u00e1mogatva az \u00fczleti bizalom 11 h\u00f3napos cs\u00facson \u00e1ll, \u00e9s sz\u00e9pen j\u00f6nnek a megb\u00edz\u00e1sok mind bels\u0151, mind k\u00fcls\u0151 oldalr\u00f3l. Emellett az export, illetve a Retail Sales adatok egyar\u00e1nt javultak az elm\u00falt id\u0151szakban. Ennek megfelel\u0151en a GDP-t illet\u0151 v\u00e1rakoz\u00e1sok is optimist\u00e1bb\u00e1 v\u00e1ltak: 4,6%-r\u00f3l 5%-ra ugrott a becsl\u00e9s, amely k\u00f6zel\u00edt\u0151leg megegyezik a korm\u00e1nyzati v\u00e1rakoz\u00e1sokkal. Mindez azt mutatja, hogy a k\u00f6zponti vezet\u00e9s \u00e9s a piac elemz\u0151i oldal\u00e1nak j\u00f6v\u0151k\u00e9pe kezd k\u00f6zel\u00edteni egym\u00e1shoz.<\/p>\n<p>A <strong>Caixin Services PMI<\/strong> szint\u00e9n emelkedni tudott, b\u0151ven 50-es szint felett van, sz\u00e9pen n\u00f6vekedett az \u00faj \u00fczletek sz\u00e1ma. \u00c9ledez\u0151 fejl\u0151d\u00e9s tapasztalhat\u00f3 teh\u00e1t ebben a szektorban is. \u00c9rz\u00e9kelhet\u0151, hogy a h\u00e1ztart\u00e1sok k\u00f6lts\u00e9gvet\u00e9s\u00e9ben egyre ink\u00e1bb helyet kapnak a k\u00fcl\u00f6nb\u00f6z\u0151 \u00e9ttermi, szabadid\u0151s, utaz\u00e1ssal kapcsolatos szolg\u00e1ltat\u00e1sok, amely n\u00f6veli az elad\u00e1sokat, \u00e9s ez \u00e9rtelemszer\u0171en megjelenik a t\u00e9nyadatok szintj\u00e9n is.<\/p>\n<p>Annak ellen\u00e9re, hogy ilyen er\u0151s az \u00fczleti bizalom, mindez a hat\u00e1s egyel\u0151re nem \u00e9rz\u00e9kelhet\u0151 a foglalkoztatotts\u00e1gi adatokat tekintve. Ezen a ter\u00fcleten b\u0151ven m\u00e9g van teend\u0151, de ha a fenti k\u00e9t szektor tov\u00e1bbra is ilyen sz\u00e9p teljes\u00edtm\u00e9nyt mutat, ez id\u0151vel \u00e9rtelemszer\u0171en mag\u00e1val fogja hozni a foglalkoztatotts\u00e1gi, illetve a munkan\u00e9lk\u00fclis\u00e9gi adatok javul\u00e1s\u00e1t is.<\/p>\n<p>\u00d6sszess\u00e9g\u00e9ben az l\u00e1that\u00f3 teh\u00e1t, hogy 2024-es \u00e9v j\u00f3l indult K\u00edn\u00e1t illet\u0151en, \u00e9s a fundamentumok kedvez\u0151 alakul\u00e1sa mellett az adatok olvasata is kezd pozit\u00edvabb\u00e1 v\u00e1lni a piac r\u00e9sz\u00e9r\u0151l.<\/p>\n<p>Az <strong>amerikai feldolgoz\u00f3ipari PMI<\/strong> meglep\u0151 adattal j\u00f6tt ki, 47,8-r\u00f3l 50,3-ra ugrott fel. Ilyen m\u00e9rt\u00e9k\u0171 n\u00f6veked\u00e9sre 2022 szeptembere \u00f3ta nem volt p\u00e9lda, r\u00e1ad\u00e1sul egy 16 h\u00f3napos visszaes\u00e9st k\u00f6vet\u0151en els\u0151 alkalommal tudott 50-es szint f\u00f6l\u00e9 menni. Az index t\u00f6rt\u00e9net\u00e9ben ez volt eddig a leghosszabb konjunkt\u00fara-mentes szakasz, amely most \u00fagy t\u0171nik, hogy v\u00e9get \u00e9rt. N\u00f6vekszik teh\u00e1t az optimizmus az amerikai gazdas\u00e1got illet\u0151en, azonban azt is fontos figyelembe venni, hogy a l\u00e1tott teljes\u00edtm\u00e9nyn\u00f6veked\u00e9s el\u00e9r\u00e9se jelent\u0151s terhet r\u00f3 a k\u00f6zponti k\u00f6lts\u00e9gvet\u00e9sre.<\/p>\n<p>A gy\u00e1rak megrendel\u00e9s\u00e1llom\u00e1nya kedvez\u0151, magas szintet \u00e9rt el, a janu\u00e1ri 18-19%-os visszaes\u00e9st k\u00f6vet\u0151en most 3,3%-os emelked\u00e9s l\u00e1that\u00f3. A legjelent\u0151sebb t\u00e9telek a k\u00f6zleked\u00e9shez, \u00e9s azon bel\u00fcl is az utassz\u00e1ll\u00edt\u00f3 rep\u00fcl\u0151g\u00e9pek gy\u00e1rt\u00e1s\u00e1hoz k\u00f6thet\u0151ek, emellett h\u00faz\u00f3 \u00e1gazatok m\u00e9g a b\u00e1ny\u00e1szat, az olaj-illetve g\u00e1zipar, \u00e9s az ehhez kapcsol\u00f3d\u00f3 g\u00e9pek, illetve feldolgozott f\u00e9mipari term\u00e9kek.<\/p>\n<p>A <strong>feldolgoz\u00f3ipari input \u00e1rak <\/strong>tekintet\u00e9ben j\u00f3l l\u00e1tszik, hogy tavaly janu\u00e1r \u00f3ta volt egy akad\u00e1s, onnant\u00f3l kezdve kisebb nagyobb megszak\u00edt\u00e1sokkal egy\u00e9rtelm\u0171en felfel\u00e9 j\u00f6v\u00fcnk. Mindez nem meglep\u0151 annak f\u00e9ny\u00e9ben, hogy az alapanyag-, illetve nyersanyag\u00e1rak alakul\u00e1s\u00e1nak kor\u00e1bbi tendenci\u00e1ja kezd megv\u00e1ltozni, a nagy \u00e1rcs\u00f6kken\u00e9sek id\u0151szaka a v\u00e9g\u00e9hez k\u00f6zel\u00edt. Commodity oldalon a nyersanyagok mindegyik\u00e9n\u00e9l \u00e1remelked\u00e9s tapasztalhat\u00f3. A n\u00f6vekv\u0151 megrendel\u00e9s\u00e1llom\u00e1nnyal, \u00e9s feldolgoz\u00f3ipari teljes\u00edtm\u00e9nnyel egy\u00fctt j\u00e1r teh\u00e1t az \u00e1rak emelked\u00e9se is, ez viszont nem biztos, hogy a FED r\u00e9sz\u00e9r\u0151l kedvez a kamatcs\u00f6kkent\u00e9si id\u0151szak miel\u0151bbi megkezd\u00e9s\u00e9nek.<\/p>\n<p>A <strong>szolg\u00e1ltat\u00f3ipari PMI<\/strong> re\u00e1lisabb k\u00e9pet mutat az amerikai gazdas\u00e1g jelenlegi \u00e1llapot\u00e1r\u00f3l, mivel a szektor a GDP mark\u00e1ns r\u00e9sz\u00e9t adja. 50 feletti \u00e9rt\u00e9k\u00e9vel a feldolgoz\u00f3iparhoz hasonl\u00f3an szint\u00e9n konjunkt\u00fara szakaszban j\u00e1runk, de a h\u00e1tter\u00e9ben megh\u00faz\u00f3d\u00f3 jelent\u0151s m\u00e9rt\u00e9k\u0171 ad\u00f3cs\u00f6kkent\u00e9sek kedvez\u0151tlen helyzetbe sodorhatj\u00e1k a k\u00f6zponti k\u00f6lts\u00e9gvet\u00e9st. Az <strong>input \u00e1rak<\/strong> szolg\u00e1ltat\u00f3i oldalon viszont sz\u00e9pen esnek.<\/p>\n<p>Az <strong>Euroz\u00f3n\u00e1t <\/strong>tekintve sajnos kev\u00e9sb\u00e9 pozit\u00edv az \u00f6sszk\u00e9p. A <strong>n\u00e9met feldolgoz\u00f3ipari index<\/strong> tov\u00e1bbra is szinte folyamatosan cs\u00f6kken\u0151 tendenci\u00e1t mutat: az el\u0151z\u0151 id\u0151szak 42,5-\u00f6s adat\u00e1hoz k\u00e9pest 41,9-re esett vissza, \u00e9s a versenyk\u00e9pess\u00e9gi probl\u00e9m\u00e1k miatt kev\u00e9s az es\u00e9ly a l\u00e9nyegi v\u00e1ltoz\u00e1sra. \u00dagy t\u0171nik, hogy az els\u0151 negyed\u00e9vre ism\u00e9t recesszi\u00f3s id\u0151szak k\u00f6sz\u00f6nt\u00f6tt be N\u00e9metorsz\u00e1gban. A <strong>n\u00e9met szolg\u00e1ltat\u00f3ipar <\/strong>n\u00e9mileg kedvez\u0151bb k\u00e9pet mutat, stabiliz\u00e1l\u00f3d\u00f3 \u00e1llapot k\u00f6rvonalaz\u00f3dik, azonban ez v\u00e9lhet\u0151en nem lesz el\u00e9g az \u00e9rdemi v\u00e1ltoz\u00e1shoz, mivel az ipar rendk\u00edv\u00fcl mark\u00e1ns r\u00e9sz\u00e9t k\u00e9pezi a n\u00e9met gazdas\u00e1gi teljes\u00edtm\u00e9nynek.<\/p>\n<p>Az <strong>Euroz\u00f3na<\/strong> eg\u00e9sz\u00e9t tekintve <strong>a feldolgoz\u00f3ipari index<\/strong> valamivel kedvez\u0151bben alakult, \u00e9rdekes azonban megjegyezni, hogy a kor\u00e1bbiakkal ellent\u00e9tben most ink\u00e1bb a kev\u00e9sb\u00e9 iparosodott d\u00e9li \u00e1llamok, p\u00e9ld\u00e1ul Spanyolorsz\u00e1g \u00e9s Olaszorsz\u00e1g teljes\u00edtm\u00e9nye h\u00fazza felfel\u00e9 a r\u00e9gi\u00f3 teljes\u00edtm\u00e9ny\u00e9t.<\/p>\n<p>A <strong>n\u00e9met CPI<\/strong> adatok nem okoztak meglepet\u00e9st, a v\u00e1rakoz\u00e1soknak megfelel\u0151en 2,2%-os eredm\u00e9nyt kaptunk, amely 2021 j\u00faliusa \u00f3ta a legalacsonyabb adat. A k\u00f6vetkez\u0151 h\u00f3napokban nagy val\u00f3sz\u00edn\u0171s\u00e9ggel meg\u00e9rkeznek az els\u0151, 2% alatti infl\u00e1ci\u00f3s \u00e9rt\u00e9kek. A kereslet hi\u00e1nya miatt nincs jelen az \u00e1rakat felfel\u00e9 h\u00faz\u00f3 teljes\u00edtm\u00e9ny, \u00edgy jelent\u0151s v\u00e1ltoz\u00e1s ebben nem v\u00e1rhat\u00f3.<\/p>\n<p>Az <strong>Euroz\u00f3na CPI<\/strong> adat a v\u00e1rakoz\u00e1sokhoz k\u00e9pest is alacsonyabb lett, \u00edgy igen nagy a val\u00f3sz\u00edn\u0171s\u00e9ge, hogy az ECB \u00e1ltal kor\u00e1bban kommunik\u00e1lt 2% -os felt\u00e9tel teljes\u00fcl j\u00faniusra, teh\u00e1t megt\u00f6rt\u00e9nhet az els\u0151 kamatcs\u00f6kkent\u00e9s. A <strong>core CPI<\/strong> tekintet\u00e9ben szint\u00e9n hasonl\u00f3 tendencia \u00e9rv\u00e9nyes\u00fcl, 3% alatti tartom\u00e1nyban vagyunk, \u00e9s meredek visszaes\u00e9st l\u00e1thatunk. Az alacsony kereslet miatt v\u00e1rhat\u00f3an az energia\u00e1rak alakul\u00e1sa sem fogja jelent\u0151sen befoly\u00e1solni a k\u00f6zponti bank d\u00f6nt\u00e9s\u00e9t.<\/p>\n<p>Az <strong>olajpiaci helyzet<\/strong> alakul\u00e1s\u00e1t tekintve er\u0151teljesen \u00e9rz\u00e9kelhet\u0151 az aktu\u00e1lis geopolitikai esem\u00e9nyek \u00e1rfelhajt\u00f3 hat\u00e1sa, el\u00e9rhet\u0151 k\u00f6zels\u00e9gbe ker\u00fclt a 90-es szint. Az olajtartal\u00e9kok mennyis\u00e9ge ism\u00e9t n\u00f6vekv\u0151 tendenci\u00e1t mutat, a h\u00f3napot 3 milli\u00f3s plusszal z\u00e1rt\u00e1k. Az USA-nak nem \u00e9rdeke a tov\u00e1bb az olaj \u00e1rfolyam\u00e1nak tov\u00e1bbi n\u00f6veked\u00e9se.<\/p>\n<p><strong>Az amerikai munkaer\u0151piac<\/strong>ot tekintve a nyitott \u00e1ll\u00e1shelyek sz\u00e1m\u00e1ban nem t\u00f6rt\u00e9nt l\u00e9nyeges v\u00e1ltoz\u00e1s, az adatok a v\u00e1rakoz\u00e1soknak megfelel\u0151en alakultak. Nagy meglepet\u00e9st okozott azonban a legfrissebb <strong>nonfarm payroll <\/strong>adat, amely alapj\u00e1n a munkaer\u0151piacon tov\u00e1bbra is er\u0151teljes munkaer\u0151felv\u00e9tel zajlik: csaknem 100 ezerrel t\u00f6bb embert vettek fel a v\u00e1rakoz\u00e1sokhoz k\u00e9pest. Mindez arra utal, hogy a fesz\u00fclts\u00e9g m\u00e9gsem enyh\u00fcl olyan m\u00e9rt\u00e9kben, mint azt kor\u00e1bban el\u0151re vet\u00edtett\u00e9k.<\/p>\n<p>A munkaer\u0151piaci esem\u00e9nyek a <strong>FED kamatd\u00f6nt\u00e9s<\/strong>sel kapcsolatos progn\u00f3zisokra is er\u0151teljes hat\u00e1st gyakoroltak. A piac t\u00f6bbs\u00e9ge val\u00f3sz\u00edn\u0171tlennek tartja, hogy m\u00e1r j\u00faniusban megt\u00f6rt\u00e9nhet az els\u0151 kamatcs\u00f6kkent\u00e9s, ink\u00e1bb k\u00e9s\u0151bbi id\u0151pontra teszik azt, \u00e9s egyre cs\u00f6kken\u0151 es\u00e9lyt l\u00e1tnak az idei \u00e9vben a dr\u00e1mai m\u00e9rt\u00e9k\u0171 v\u00e1ltoz\u00e1sra. A v\u00e1rakoz\u00e1sok alapj\u00e1n legfeljebb 75, de ink\u00e1bb 50 b\u00e1zispontos kamatcs\u00f6kkent\u00e9s van kil\u00e1t\u00e1sban decemberig. A fenti v\u00e1ltoz\u00e1sok az <strong>amerikai 10 \u00e9ves k\u00f6tv\u00e9ny<\/strong> \u00e1rfolyam\u00e1ban viszont es\u00e9st hoztak.<\/p>\n<p>A legjobb tan\u00e1cs a jelenlegi helyzetben, hogy mindenki figyelje a szerdai, illetve cs\u00fct\u00f6rt\u00f6ki CPI \u00e9s PPI adatokat, amelyek sorsd\u00f6nt\u0151 hat\u00e1ssal lehetnek a piacra.<\/p>\n<p>\u00d6sszess\u00e9g\u00e9ben a fundamentumok ter\u00e9n l\u00e1that\u00f3ak biztat\u00f3 tendenci\u00e1k az USA-ban, viszont a h\u00e1tt\u00e9rben fenn\u00e1ll\u00f3 n\u00f6vekv\u0151 elad\u00f3sod\u00e1s a k\u00f6zponti k\u00f6lts\u00e9gvet\u00e9s r\u00e9sz\u00e9r\u0151l komoly probl\u00e9m\u00e1kat okozhat a k\u00f6zelj\u00f6v\u0151ben.<\/p>\n<p>\u00a0<\/p>\n","protected":false},"excerpt":{"rendered":"<p>K\u00edna gazdas\u00e1gi \u00e9rtelemben kezd egyre jobb sz\u00ednben felt\u0171nni az elemz\u0151k \u00e9s befektet\u0151k szem\u00e9ben. Mind a feldolgoz\u00f3ipar, mind a szolg\u00e1ltat\u00f3 szektor sz\u00e9pen teljes\u00edt, folyamatosan \u00e9rkeznek a megb\u00edz\u00e1sok, konjunkt\u00fara szakaszban j\u00e1runk. A v\u00e1rakoz\u00e1sok szerint a j\u00f3 gazdas\u00e1gi teljes\u00edtm\u00e9ny id\u0151vel a munkaer\u0151piac alakul\u00e1s\u00e1ra is kedvez\u0151 hat\u00e1ssal lehet majd. Szint\u00e9n felfel\u00e9 \u00edvel\u0151 szakaszban j\u00e1r az amerikai feldolgoz\u00f3ipar, ilyen m\u00e9rt\u00e9k\u0171&#8230;<\/p>\n","protected":false},"author":1,"featured_media":2600,"comment_status":"closed","ping_status":"open","sticky":false,"template":"","format":"standard","meta":{"footnotes":""},"categories":[52],"tags":[],"class_list":["post-2599","post","type-post","status-publish","format-standard","has-post-thumbnail","hentry","category-portfolioblogger"],"yoast_head":"<!-- This site is optimized with the Yoast SEO plugin v27.5 - https:\/\/yoast.com\/product\/yoast-seo-wordpress\/ -->\n<title>SPB: A k\u00f6vetkez\u0151 h\u00f3napokban 2% al\u00e1 cs\u00f6kkenhet az infl\u00e1ci\u00f3 az Euroz\u00f3n\u00e1ban - Elemz\u00e9s - SPB Blog<\/title>\n<meta name=\"description\" content=\"K\u00edna gazdas\u00e1gi \u00e9rtelemben kezd egyre jobb sz\u00ednben felt\u0171nni az elemz\u0151k \u00e9s befektet\u0151k szem\u00e9ben. Mind a feldolgoz\u00f3ipar, mind a szolg\u00e1ltat\u00f3 szektor sz\u00e9pen teljes\u00edt, folyamatosan \u00e9rkeznek a megb\u00edz\u00e1sok, konjunkt\u00fara szakaszban j\u00e1runk.\" \/>\n<meta name=\"robots\" content=\"index, follow, max-snippet:-1, max-image-preview:large, max-video-preview:-1\" \/>\n<link rel=\"canonical\" href=\"https:\/\/blog.spbinvest.hu\/?p=2599\" \/>\n<meta property=\"og:locale\" content=\"hu_HU\" \/>\n<meta property=\"og:type\" content=\"article\" \/>\n<meta property=\"og:title\" content=\"SPB: A k\u00f6vetkez\u0151 h\u00f3napokban 2% al\u00e1 cs\u00f6kkenhet az infl\u00e1ci\u00f3 az Euroz\u00f3n\u00e1ban - Elemz\u00e9s\" \/>\n<meta property=\"og:description\" content=\"K\u00edna gazdas\u00e1gi \u00e9rtelemben kezd egyre jobb sz\u00ednben felt\u0171nni az elemz\u0151k \u00e9s befektet\u0151k szem\u00e9ben. Mind a feldolgoz\u00f3ipar, mind a szolg\u00e1ltat\u00f3 szektor sz\u00e9pen teljes\u00edt, folyamatosan \u00e9rkeznek a megb\u00edz\u00e1sok, konjunkt\u00fara szakaszban j\u00e1runk.\" \/>\n<meta property=\"og:url\" content=\"https:\/\/blog.spbinvest.hu\/?p=2599\" \/>\n<meta property=\"og:site_name\" content=\"SPB Blog\" \/>\n<meta property=\"article:published_time\" content=\"2024-04-09T17:29:46+00:00\" \/>\n<meta property=\"og:image\" content=\"https:\/\/blog.spbinvest.hu\/wp-content\/uploads\/2024\/04\/SPB.jpg\" \/>\n\t<meta property=\"og:image:width\" content=\"1000\" \/>\n\t<meta property=\"og:image:height\" content=\"692\" \/>\n\t<meta property=\"og:image:type\" content=\"image\/jpeg\" \/>\n<meta name=\"author\" content=\"SPB\" \/>\n<meta name=\"twitter:card\" content=\"summary_large_image\" \/>\n<meta name=\"twitter:label1\" content=\"Szerz\u0151:\" \/>\n\t<meta name=\"twitter:data1\" content=\"SPB\" \/>\n\t<meta name=\"twitter:label2\" content=\"Becs\u00fclt olvas\u00e1si id\u0151\" \/>\n\t<meta name=\"twitter:data2\" content=\"6 perc\" \/>\n<script type=\"application\/ld+json\" class=\"yoast-schema-graph\">{\"@context\":\"https:\\\/\\\/schema.org\",\"@graph\":[{\"@type\":\"Article\",\"@id\":\"https:\\\/\\\/blog.spbinvest.hu\\\/?p=2599#article\",\"isPartOf\":{\"@id\":\"https:\\\/\\\/blog.spbinvest.hu\\\/?p=2599\"},\"author\":{\"name\":\"SPB\",\"@id\":\"https:\\\/\\\/blog.spbinvest.hu\\\/#\\\/schema\\\/person\\\/d5af847b20d61bf27bae3db50d6247f7\"},\"headline\":\"SPB: A k\u00f6vetkez\u0151 h\u00f3napokban 2% al\u00e1 cs\u00f6kkenhet az infl\u00e1ci\u00f3 az Euroz\u00f3n\u00e1ban &#8211; Elemz\u00e9s\",\"datePublished\":\"2024-04-09T17:29:46+00:00\",\"mainEntityOfPage\":{\"@id\":\"https:\\\/\\\/blog.spbinvest.hu\\\/?p=2599\"},\"wordCount\":1723,\"image\":{\"@id\":\"https:\\\/\\\/blog.spbinvest.hu\\\/?p=2599#primaryimage\"},\"thumbnailUrl\":\"https:\\\/\\\/blog.spbinvest.hu\\\/wp-content\\\/uploads\\\/2024\\\/04\\\/SPB.jpg\",\"articleSection\":[\"portfolioblogger\"],\"inLanguage\":\"hu\"},{\"@type\":\"WebPage\",\"@id\":\"https:\\\/\\\/blog.spbinvest.hu\\\/?p=2599\",\"url\":\"https:\\\/\\\/blog.spbinvest.hu\\\/?p=2599\",\"name\":\"SPB: A k\u00f6vetkez\u0151 h\u00f3napokban 2% al\u00e1 cs\u00f6kkenhet az infl\u00e1ci\u00f3 az Euroz\u00f3n\u00e1ban - Elemz\u00e9s - SPB Blog\",\"isPartOf\":{\"@id\":\"https:\\\/\\\/blog.spbinvest.hu\\\/#website\"},\"primaryImageOfPage\":{\"@id\":\"https:\\\/\\\/blog.spbinvest.hu\\\/?p=2599#primaryimage\"},\"image\":{\"@id\":\"https:\\\/\\\/blog.spbinvest.hu\\\/?p=2599#primaryimage\"},\"thumbnailUrl\":\"https:\\\/\\\/blog.spbinvest.hu\\\/wp-content\\\/uploads\\\/2024\\\/04\\\/SPB.jpg\",\"datePublished\":\"2024-04-09T17:29:46+00:00\",\"author\":{\"@id\":\"https:\\\/\\\/blog.spbinvest.hu\\\/#\\\/schema\\\/person\\\/d5af847b20d61bf27bae3db50d6247f7\"},\"description\":\"K\u00edna gazdas\u00e1gi \u00e9rtelemben kezd egyre jobb sz\u00ednben felt\u0171nni az elemz\u0151k \u00e9s befektet\u0151k szem\u00e9ben. Mind a feldolgoz\u00f3ipar, mind a szolg\u00e1ltat\u00f3 szektor sz\u00e9pen teljes\u00edt, folyamatosan \u00e9rkeznek a megb\u00edz\u00e1sok, konjunkt\u00fara szakaszban j\u00e1runk.\",\"breadcrumb\":{\"@id\":\"https:\\\/\\\/blog.spbinvest.hu\\\/?p=2599#breadcrumb\"},\"inLanguage\":\"hu\",\"potentialAction\":[{\"@type\":\"ReadAction\",\"target\":[\"https:\\\/\\\/blog.spbinvest.hu\\\/?p=2599\"]}]},{\"@type\":\"ImageObject\",\"inLanguage\":\"hu\",\"@id\":\"https:\\\/\\\/blog.spbinvest.hu\\\/?p=2599#primaryimage\",\"url\":\"https:\\\/\\\/blog.spbinvest.hu\\\/wp-content\\\/uploads\\\/2024\\\/04\\\/SPB.jpg\",\"contentUrl\":\"https:\\\/\\\/blog.spbinvest.hu\\\/wp-content\\\/uploads\\\/2024\\\/04\\\/SPB.jpg\",\"width\":1000,\"height\":692,\"caption\":\"SPB\"},{\"@type\":\"BreadcrumbList\",\"@id\":\"https:\\\/\\\/blog.spbinvest.hu\\\/?p=2599#breadcrumb\",\"itemListElement\":[{\"@type\":\"ListItem\",\"position\":1,\"name\":\"Kezd\u0151lap\",\"item\":\"https:\\\/\\\/blog.spbinvest.hu\\\/\"},{\"@type\":\"ListItem\",\"position\":2,\"name\":\"SPB: A k\u00f6vetkez\u0151 h\u00f3napokban 2% al\u00e1 cs\u00f6kkenhet az infl\u00e1ci\u00f3 az Euroz\u00f3n\u00e1ban &#8211; Elemz\u00e9s\"}]},{\"@type\":\"WebSite\",\"@id\":\"https:\\\/\\\/blog.spbinvest.hu\\\/#website\",\"url\":\"https:\\\/\\\/blog.spbinvest.hu\\\/\",\"name\":\"SPB Blog\",\"description\":\"\",\"potentialAction\":[{\"@type\":\"SearchAction\",\"target\":{\"@type\":\"EntryPoint\",\"urlTemplate\":\"https:\\\/\\\/blog.spbinvest.hu\\\/?s={search_term_string}\"},\"query-input\":{\"@type\":\"PropertyValueSpecification\",\"valueRequired\":true,\"valueName\":\"search_term_string\"}}],\"inLanguage\":\"hu\"},{\"@type\":\"Person\",\"@id\":\"https:\\\/\\\/blog.spbinvest.hu\\\/#\\\/schema\\\/person\\\/d5af847b20d61bf27bae3db50d6247f7\",\"name\":\"SPB\",\"image\":{\"@type\":\"ImageObject\",\"inLanguage\":\"hu\",\"@id\":\"https:\\\/\\\/secure.gravatar.com\\\/avatar\\\/e4bde87cb0016e1f94b62d02932290f9440405440ef9e5f3917ee5cec0b41662?s=96&d=mm&r=g\",\"url\":\"https:\\\/\\\/secure.gravatar.com\\\/avatar\\\/e4bde87cb0016e1f94b62d02932290f9440405440ef9e5f3917ee5cec0b41662?s=96&d=mm&r=g\",\"contentUrl\":\"https:\\\/\\\/secure.gravatar.com\\\/avatar\\\/e4bde87cb0016e1f94b62d02932290f9440405440ef9e5f3917ee5cec0b41662?s=96&d=mm&r=g\",\"caption\":\"SPB\"},\"sameAs\":[\"https:\\\/\\\/blog.spbinvest.hu\"],\"url\":\"https:\\\/\\\/blog.spbinvest.hu\\\/?author=1\"}]}<\/script>\n<!-- \/ Yoast SEO plugin. -->","yoast_head_json":{"title":"SPB: A k\u00f6vetkez\u0151 h\u00f3napokban 2% al\u00e1 cs\u00f6kkenhet az infl\u00e1ci\u00f3 az Euroz\u00f3n\u00e1ban - Elemz\u00e9s - SPB Blog","description":"K\u00edna gazdas\u00e1gi \u00e9rtelemben kezd egyre jobb sz\u00ednben felt\u0171nni az elemz\u0151k \u00e9s befektet\u0151k szem\u00e9ben. Mind a feldolgoz\u00f3ipar, mind a szolg\u00e1ltat\u00f3 szektor sz\u00e9pen teljes\u00edt, folyamatosan \u00e9rkeznek a megb\u00edz\u00e1sok, konjunkt\u00fara szakaszban j\u00e1runk.","robots":{"index":"index","follow":"follow","max-snippet":"max-snippet:-1","max-image-preview":"max-image-preview:large","max-video-preview":"max-video-preview:-1"},"canonical":"https:\/\/blog.spbinvest.hu\/?p=2599","og_locale":"hu_HU","og_type":"article","og_title":"SPB: A k\u00f6vetkez\u0151 h\u00f3napokban 2% al\u00e1 cs\u00f6kkenhet az infl\u00e1ci\u00f3 az Euroz\u00f3n\u00e1ban - Elemz\u00e9s","og_description":"K\u00edna gazdas\u00e1gi \u00e9rtelemben kezd egyre jobb sz\u00ednben felt\u0171nni az elemz\u0151k \u00e9s befektet\u0151k szem\u00e9ben. Mind a feldolgoz\u00f3ipar, mind a szolg\u00e1ltat\u00f3 szektor sz\u00e9pen teljes\u00edt, folyamatosan \u00e9rkeznek a megb\u00edz\u00e1sok, konjunkt\u00fara szakaszban j\u00e1runk.","og_url":"https:\/\/blog.spbinvest.hu\/?p=2599","og_site_name":"SPB Blog","article_published_time":"2024-04-09T17:29:46+00:00","og_image":[{"width":1000,"height":692,"url":"https:\/\/blog.spbinvest.hu\/wp-content\/uploads\/2024\/04\/SPB.jpg","type":"image\/jpeg"}],"author":"SPB","twitter_card":"summary_large_image","twitter_misc":{"Szerz\u0151:":"SPB","Becs\u00fclt olvas\u00e1si id\u0151":"6 perc"},"schema":{"@context":"https:\/\/schema.org","@graph":[{"@type":"Article","@id":"https:\/\/blog.spbinvest.hu\/?p=2599#article","isPartOf":{"@id":"https:\/\/blog.spbinvest.hu\/?p=2599"},"author":{"name":"SPB","@id":"https:\/\/blog.spbinvest.hu\/#\/schema\/person\/d5af847b20d61bf27bae3db50d6247f7"},"headline":"SPB: A k\u00f6vetkez\u0151 h\u00f3napokban 2% al\u00e1 cs\u00f6kkenhet az infl\u00e1ci\u00f3 az Euroz\u00f3n\u00e1ban &#8211; Elemz\u00e9s","datePublished":"2024-04-09T17:29:46+00:00","mainEntityOfPage":{"@id":"https:\/\/blog.spbinvest.hu\/?p=2599"},"wordCount":1723,"image":{"@id":"https:\/\/blog.spbinvest.hu\/?p=2599#primaryimage"},"thumbnailUrl":"https:\/\/blog.spbinvest.hu\/wp-content\/uploads\/2024\/04\/SPB.jpg","articleSection":["portfolioblogger"],"inLanguage":"hu"},{"@type":"WebPage","@id":"https:\/\/blog.spbinvest.hu\/?p=2599","url":"https:\/\/blog.spbinvest.hu\/?p=2599","name":"SPB: A k\u00f6vetkez\u0151 h\u00f3napokban 2% al\u00e1 cs\u00f6kkenhet az infl\u00e1ci\u00f3 az Euroz\u00f3n\u00e1ban - Elemz\u00e9s - SPB Blog","isPartOf":{"@id":"https:\/\/blog.spbinvest.hu\/#website"},"primaryImageOfPage":{"@id":"https:\/\/blog.spbinvest.hu\/?p=2599#primaryimage"},"image":{"@id":"https:\/\/blog.spbinvest.hu\/?p=2599#primaryimage"},"thumbnailUrl":"https:\/\/blog.spbinvest.hu\/wp-content\/uploads\/2024\/04\/SPB.jpg","datePublished":"2024-04-09T17:29:46+00:00","author":{"@id":"https:\/\/blog.spbinvest.hu\/#\/schema\/person\/d5af847b20d61bf27bae3db50d6247f7"},"description":"K\u00edna gazdas\u00e1gi \u00e9rtelemben kezd egyre jobb sz\u00ednben felt\u0171nni az elemz\u0151k \u00e9s befektet\u0151k szem\u00e9ben. Mind a feldolgoz\u00f3ipar, mind a szolg\u00e1ltat\u00f3 szektor sz\u00e9pen teljes\u00edt, folyamatosan \u00e9rkeznek a megb\u00edz\u00e1sok, konjunkt\u00fara szakaszban j\u00e1runk.","breadcrumb":{"@id":"https:\/\/blog.spbinvest.hu\/?p=2599#breadcrumb"},"inLanguage":"hu","potentialAction":[{"@type":"ReadAction","target":["https:\/\/blog.spbinvest.hu\/?p=2599"]}]},{"@type":"ImageObject","inLanguage":"hu","@id":"https:\/\/blog.spbinvest.hu\/?p=2599#primaryimage","url":"https:\/\/blog.spbinvest.hu\/wp-content\/uploads\/2024\/04\/SPB.jpg","contentUrl":"https:\/\/blog.spbinvest.hu\/wp-content\/uploads\/2024\/04\/SPB.jpg","width":1000,"height":692,"caption":"SPB"},{"@type":"BreadcrumbList","@id":"https:\/\/blog.spbinvest.hu\/?p=2599#breadcrumb","itemListElement":[{"@type":"ListItem","position":1,"name":"Kezd\u0151lap","item":"https:\/\/blog.spbinvest.hu\/"},{"@type":"ListItem","position":2,"name":"SPB: A k\u00f6vetkez\u0151 h\u00f3napokban 2% al\u00e1 cs\u00f6kkenhet az infl\u00e1ci\u00f3 az Euroz\u00f3n\u00e1ban &#8211; Elemz\u00e9s"}]},{"@type":"WebSite","@id":"https:\/\/blog.spbinvest.hu\/#website","url":"https:\/\/blog.spbinvest.hu\/","name":"SPB Blog","description":"","potentialAction":[{"@type":"SearchAction","target":{"@type":"EntryPoint","urlTemplate":"https:\/\/blog.spbinvest.hu\/?s={search_term_string}"},"query-input":{"@type":"PropertyValueSpecification","valueRequired":true,"valueName":"search_term_string"}}],"inLanguage":"hu"},{"@type":"Person","@id":"https:\/\/blog.spbinvest.hu\/#\/schema\/person\/d5af847b20d61bf27bae3db50d6247f7","name":"SPB","image":{"@type":"ImageObject","inLanguage":"hu","@id":"https:\/\/secure.gravatar.com\/avatar\/e4bde87cb0016e1f94b62d02932290f9440405440ef9e5f3917ee5cec0b41662?s=96&d=mm&r=g","url":"https:\/\/secure.gravatar.com\/avatar\/e4bde87cb0016e1f94b62d02932290f9440405440ef9e5f3917ee5cec0b41662?s=96&d=mm&r=g","contentUrl":"https:\/\/secure.gravatar.com\/avatar\/e4bde87cb0016e1f94b62d02932290f9440405440ef9e5f3917ee5cec0b41662?s=96&d=mm&r=g","caption":"SPB"},"sameAs":["https:\/\/blog.spbinvest.hu"],"url":"https:\/\/blog.spbinvest.hu\/?author=1"}]}},"_links":{"self":[{"href":"https:\/\/blog.spbinvest.hu\/index.php?rest_route=\/wp\/v2\/posts\/2599","targetHints":{"allow":["GET"]}}],"collection":[{"href":"https:\/\/blog.spbinvest.hu\/index.php?rest_route=\/wp\/v2\/posts"}],"about":[{"href":"https:\/\/blog.spbinvest.hu\/index.php?rest_route=\/wp\/v2\/types\/post"}],"author":[{"embeddable":true,"href":"https:\/\/blog.spbinvest.hu\/index.php?rest_route=\/wp\/v2\/users\/1"}],"replies":[{"embeddable":true,"href":"https:\/\/blog.spbinvest.hu\/index.php?rest_route=%2Fwp%2Fv2%2Fcomments&post=2599"}],"version-history":[{"count":1,"href":"https:\/\/blog.spbinvest.hu\/index.php?rest_route=\/wp\/v2\/posts\/2599\/revisions"}],"predecessor-version":[{"id":2601,"href":"https:\/\/blog.spbinvest.hu\/index.php?rest_route=\/wp\/v2\/posts\/2599\/revisions\/2601"}],"wp:featuredmedia":[{"embeddable":true,"href":"https:\/\/blog.spbinvest.hu\/index.php?rest_route=\/wp\/v2\/media\/2600"}],"wp:attachment":[{"href":"https:\/\/blog.spbinvest.hu\/index.php?rest_route=%2Fwp%2Fv2%2Fmedia&parent=2599"}],"wp:term":[{"taxonomy":"category","embeddable":true,"href":"https:\/\/blog.spbinvest.hu\/index.php?rest_route=%2Fwp%2Fv2%2Fcategories&post=2599"},{"taxonomy":"post_tag","embeddable":true,"href":"https:\/\/blog.spbinvest.hu\/index.php?rest_route=%2Fwp%2Fv2%2Ftags&post=2599"}],"curies":[{"name":"wp","href":"https:\/\/api.w.org\/{rel}","templated":true}]}}