{"id":2457,"date":"2024-01-10T07:39:56","date_gmt":"2024-01-10T07:39:56","guid":{"rendered":"https:\/\/blog.spbinvest.hu\/?p=2457"},"modified":"2024-01-10T07:39:56","modified_gmt":"2024-01-10T07:39:56","slug":"spb-novekvo-vallalkozoi-bizalom-az-eurozonaban","status":"publish","type":"post","link":"https:\/\/blog.spbinvest.hu\/?p=2457","title":{"rendered":"SPB: N\u00f6vekv\u0151 v\u00e1llalkoz\u00f3i bizalom az Euroz\u00f3n\u00e1ban"},"content":{"rendered":"<p><strong>Az SPB Befektet\u00e9si Zrt. boldog \u00faj \u00e9vet k\u00edv\u00e1n minden kedves \u00fcgyfel\u00e9nek \u00e9s partner\u00e9nek!<\/strong><\/p>\n<p><strong>Lassul\u00f3 \u00fctem\u0171 cs\u00f6kken\u00e9s jellemzi mind az eur\u00f3pai, mind a n\u00e9met infl\u00e1ci\u00f3 alakul\u00e1s\u00e1t, illetve a core infl\u00e1ci\u00f3 \u00e9rt\u00e9ke tov\u00e1bbra sem ad okot komoly aggodalomra. Elh\u00faz\u00f3d\u00f3, oldalaz\u00f3 \u00e1llapot kezd k\u00f6rvonalaz\u00f3dni. Az Euroz\u00f3na, \u00e9s ezen bel\u00fcl N\u00e9metorsz\u00e1g gazdas\u00e1ga a jelek szerint t\u00fal van a legnehezebb id\u0151szakon, de a visszarendez\u0151d\u00e9shez feltehet\u0151en hosszabb id\u0151re lesz sz\u00fcks\u00e9g. Annak ellen\u00e9re, hogy az objekt\u00edv adatok egyel\u0151re nem mutatnak jelent\u0151s elmozdul\u00e1st, a v\u00e1llalkoz\u00f3i bizalmi index \u00e9rt\u00e9ke \u00f6sszess\u00e9g\u00e9ben optimista hangulatot t\u00fckr\u00f6z. K\u00edna gazdas\u00e1gi teljes\u00edtm\u00e9nye jelent\u0151sen fel\u00fclm\u00falja a v\u00e1rakoz\u00e1sokat, a bels\u0151 kereslet \u00e9l\u00e9nk\u00fcl\u00e9s\u00e9nek, valamint az export folyamatos er\u0151s\u00f6d\u00e9s\u00e9nek k\u00f6sz\u00f6nhet\u0151en. A korm\u00e1nyzati int\u00e9zked\u00e9sek \u00fagy t\u0171nik, hogy el\u00e9rt\u00e9k a k\u00edv\u00e1nt hat\u00e1st. Az USA-ban szint\u00e9n kedvez\u0151en alakult az \u00e9v v\u00e9gi id\u0151szak, k\u00fcl\u00f6n\u00f6sen a szolg\u00e1ltat\u00f3ipar teljes\u00edtm\u00e9ny\u00e9re volt er\u0151teljes pozit\u00edv hat\u00e1ssal a megn\u00f6vekedett v\u00e1s\u00e1rl\u00e1si kedv. A FED kamatpolitik\u00e1j\u00e1t illet\u0151 piaci v\u00e1rakoz\u00e1sok egyel\u0151re nem v\u00e1ltoztak jelent\u0151sen, a 25 b\u00e1zispontos kamatcs\u00f6kkent\u00e9st prognosztiz\u00e1l\u00f3k ar\u00e1nya enyhe emelked\u00e9st mutat. Jelenleg er\u0151s geopolitikai hat\u00e1sok \u00e9s kock\u00e1zatok jellemzik az olajpiacot, az \u00e1rfolyam jelenleg 73-74 USD k\u00f6rny\u00e9k\u00e9n mozog \u2013 hangzott el az SPB online esem\u00e9ny\u00e9n.<\/strong><\/p>\n<p>A <strong>n\u00e9met infl\u00e1ci\u00f3s adat<\/strong> az el\u0151z\u0151 id\u0151szak 3,2%-os \u00e9rt\u00e9k\u00e9hez k\u00e9pest most 3,7% lett, amely ugyan megfelel a v\u00e1rakoz\u00e1soknak, m\u00e9gis \u00e9rdemes \u00e1ttekinteni az emelked\u00e9s h\u00e1tter\u00e9ben \u00e1ll\u00f3 okokat. Az infl\u00e1ci\u00f3 cs\u00f6kken\u00e9s\u00e9nek \u00fcteme egyre lassul, \u00edgy m\u00e1r nem k\u00e9pes ellens\u00falyozni az ellent\u00e9tes ir\u00e1nyba hat\u00f3 \u00fan. b\u00e1zishat\u00e1st, amely bizonyos lakoss\u00e1gi energiaforr\u00e1sok hat\u00f3s\u00e1gi \u00e1r\u00e1nak kivezet\u00e9s\u00e9b\u0151l ered. A n\u00e9met korm\u00e1nyzat t\u00e1mogat\u00f3 int\u00e9zked\u00e9se az \u00e9rintett id\u0151szakban \u00e1tmenetileg alacsonyabb szinten tartotta az infl\u00e1ci\u00f3t, ez a hat\u00e1s azonban a kivezet\u00e9st k\u00f6vet\u0151en megsz\u0171nt. Emellett az \u00e9lelmiszerpiacon szint\u00e9n tapasztalhat\u00f3 felfel\u00e9 hat\u00f3 nyom\u00e1s. \u00d6sszess\u00e9g\u00e9ben tov\u00e1bbi komoly es\u00e9s m\u00e1r nem v\u00e1rhat\u00f3, feltehet\u0151en ezeken a szinteken meg\u00e1llunk, \u00edgy a k\u00f6vetkez\u0151 k\u00e9rd\u00e9s az, hogy a szigor\u00edt\u00f3 int\u00e9zked\u00e9sek enyh\u00fcl\u00e9se milyen m\u00f3don hat majd az infl\u00e1ci\u00f3 tov\u00e1bbi alakul\u00e1s\u00e1ra.<\/p>\n<p>A <strong>core infl\u00e1ci\u00f3<\/strong> tekintet\u00e9ben tov\u00e1bbra sem \u00e9rezhet\u0151, hogy vesz\u00e9lyes vizekre h\u00faz\u00f3dn\u00e1nk, a legfrissebb 3,5%-os adat kiel\u00e9g\u00edt\u0151, a fent eml\u00edtett int\u00e9zked\u00e9sek pedig v\u00e1rhat\u00f3an meg fogj\u00e1k tenni a hat\u00e1sukat.<\/p>\n<p>A n\u00e9met infl\u00e1ci\u00f3hoz hasonl\u00f3 tendenci\u00e1t mutat az <strong>Eurozona CPI<\/strong> is, amelynek \u00e9rt\u00e9ke a v\u00e1rakoz\u00e1sokhoz k\u00e9pest enyh\u00e9n alacsonyabb lett, els\u0151sorban az \u00e9lelmiszer, a doh\u00e1ny\u00e1ru \u00e9s az alkohol mozd\u00edtott\u00e1k felfel\u00e9.<\/p>\n<p>\u00d6sszess\u00e9g\u00e9ben az Euroz\u00f3na infl\u00e1ci\u00f3 eljutott arra a szintre, hogy az es\u00e9s meredeks\u00e9ge egyre cs\u00f6kken, \u00e9s sokkal ink\u00e1bb egy elh\u00faz\u00f3d\u00f3, oldalaz\u00f3 \u00e1llapot kezd k\u00f6rvonalaz\u00f3dni.<\/p>\n<p><strong>A n\u00e9met manufacturing PMI <\/strong>az el\u0151z\u0151 id\u0151szakhoz k\u00e9pest n\u00e9mileg kedvez\u0151bben alakult, de a 43,5-\u00f6s \u00e9rt\u00e9k\u00e9vel egyel\u0151re b\u0151ven 50 alatti szinten \u00e1ll, nincs jelent\u0151s v\u00e1ltoz\u00e1s. Az tal\u00e1n elmondhat\u00f3, hogy a n\u00e9met feldolgoz\u00f3ipar a legnehezebb id\u0151szakon m\u00e1r t\u00fal van. Jelent\u0151s hat\u00e1sai lehetnek viszont a k\u00f6zelj\u00f6v\u0151ben esed\u00e9kes orsz\u00e1gos mez\u0151gazdas\u00e1gi sztr\u00e1jknak, amely r\u00e9gen l\u00e1tott m\u00e9rt\u00e9k\u0171 megmozdul\u00e1s lehet.<\/p>\n<p>\u00c9rdemes r\u00e1tekinteni a <strong>n\u00e9met kiskereskedelmi elad\u00e1sok<\/strong>ra is. B\u00e1r nem kiugr\u00f3an fontos adatr\u00f3l van sz\u00f3, a n\u00e9met fogyaszt\u00f3k v\u00e1s\u00e1rl\u00f3k\u00e9pess\u00e9ge \u00e9s hozz\u00e1\u00e1ll\u00e1sa a fogyaszt\u00e1shoz m\u00e9gis kulcsindik\u00e1tor Eur\u00f3pa gazdas\u00e1gi helyzet\u00e9t tekintve. Ennek alapj\u00e1n egyre ink\u00e1bb k\u00f6rvonalaz\u00f3dik, hogy a nehez\u00e9n lassan t\u00fal vagyunk, de a talpra \u00e1ll\u00e1s ink\u00e1bb elh\u00faz\u00f3d\u00f3 folyamat lesz. A retail sales adatok v\u00e1rhat\u00f3an tov\u00e1bbra is ink\u00e1bb negat\u00edv tartom\u00e1nyban lesznek, \u00e9s cs\u00f6kken\u00e9st fognak mutatni az el\u0151z\u0151 \u00e9vhez k\u00e9pest. Az el\u0151z\u0151 id\u0151szakban -0,1-es adat \u00e9rkezett, v\u00e9lhet\u0151en az\u00e9rt, mert sokan el\u0151re hozt\u00e1k az \u00e9v v\u00e9gi v\u00e1s\u00e1rl\u00e1saikat. Ehhez k\u00e9pest a -2,4-es \u00e9rt\u00e9k jelent\u0151s visszaes\u00e9st jelent, \u00e9s azt mutatja, hogy a n\u00e9met h\u00e1ztart\u00e1sok kimer\u00edtett\u00e9k a tartal\u00e9kaikat, \u00edgy ebben a szektorban egyel\u0151re dr\u00e1mai v\u00e1ltoz\u00e1s nem is v\u00e1rhat\u00f3.<\/p>\n<p>Az <strong>Euroz\u00f3na PMI a szolg\u00e1ltat\u00f3 szektorra vonatkoz\u00f3an<\/strong> stabil. B\u00e1r a 48,8-as enyh\u00e9n javul\u00f3 \u00e9rt\u00e9kkel tov\u00e1bbra is az 50 alatti, visszaes\u0151 tartom\u00e1nyban vagyunk, de van ok a bizakod\u00e1sra. Ezt a bizalmi index adatok is adatok is al\u00e1t\u00e1masztj\u00e1k, hiszen a 2023 k\u00f6zepe \u00f3ta tapasztalt legmagasabb szinten \u00e1ll a v\u00e1llalkoz\u00f3i optimizmus. Viszont, ha objekt\u00edven kiz\u00e1r\u00f3lag a sz\u00e1mokat tekintj\u00fck, a n\u00f6veked\u00e9si kil\u00e1t\u00e1sok tov\u00e1bbra is gyeng\u00e9k maradnak, \u00e9s nem l\u00e1tszik az a kit\u00f6r\u00e9si pont, amelyet k\u00f6vet\u0151en l\u00e9nyegesen jobb eredm\u00e9nyek \u00e9rkezn\u00e9nek.<\/p>\n<p><strong>Az eur\u00f3pai manufacturing PMI<\/strong> tekintet\u00e9ben nincs jelent\u0151s v\u00e1ltoz\u00e1s. Az olasz, illetve n\u00e9met visszaes\u00e9s nem volt olyan komoly m\u00e9rt\u00e9k\u0171, mint a v\u00e1rt, ezzel szemben Franciaorsz\u00e1g 3,5 \u00e9ves minuszon \u00e1ll. A h\u00e1tt\u00e9rben \u00e1ll\u00f3 demogr\u00e1fiai probl\u00e9m\u00e1k megold\u00e1sa v\u00e1rhat\u00f3an hosszabb folyamat lesz.<\/p>\n<p>Ezzel szemben K\u00edna gazdas\u00e1gi teljes\u00edtm\u00e9nye az er\u0151s negat\u00edv meg\u00edt\u00e9l\u00e9s ellen\u00e9re sz\u00e9pen h\u00faz felfel\u00e9, k\u00f6zel \u00f6t h\u00f3napja n\u00f6veked\u00e9si f\u00e1zisban van a korm\u00e1nyzati int\u00e9zked\u00e9sek pozit\u00edv hat\u00e1s\u00e1nak eredm\u00e9nyek\u00e9nt. A <strong>szolg\u00e1ltat\u00f3 szektor PMI<\/strong>-je messze magasabb lett a v\u00e1rakoz\u00e1shoz k\u00e9pest, az el\u0151z\u0151 id\u0151szak 51,5 \u00e9rt\u00e9k\u00e9t k\u00f6vet\u0151en m\u00e1r 53-hoz k\u00f6zel\u00edt. \u00c9rezhet\u0151, hogy a lakoss\u00e1g elkezdett v\u00e1s\u00e1rolni, \u00e9s egyre nagyobb \u00f6sszegben k\u00f6ltekeznek, ezen fel\u00fcl a k\u00fclf\u00f6ldi kereslet is l\u00e9nyegesen kisebb m\u00e9rt\u00e9kben esett vissza, mint azt v\u00e1rni lehetett. A <strong>feldolgoz\u00f3ipar teljes\u00edtm\u00e9nye<\/strong> is kiel\u00e9g\u00edt\u0151, az 50,8-as <strong>Caixin<\/strong> adat mindenk\u00e9ppen biztat\u00f3. A gy\u00e1rak kibocs\u00e1t\u00e1si adatai n\u0151nek \u00e9s az export is kezd felp\u00f6r\u00f6gni.<\/p>\n<p>\u00d6sszess\u00e9g\u00e9ben teh\u00e1t az l\u00e1that\u00f3, hogy a kkv-k mindk\u00e9t szektorban k\u00e9pesek j\u00f3 teljes\u00edtm\u00e9nyt ny\u00fajtani. Mindazon\u00e1ltal fenntart\u00e1sokat tov\u00e1bbra is meg kell fogalmaznunk K\u00edn\u00e1t illet\u0151en, t\u00f6bbek k\u00f6z\u00f6tt tov\u00e1bbra is jelent\u0151s kock\u00e1zati t\u00e9nyez\u0151t jelent az ingatlanszektor probl\u00e9m\u00e1s helyzete. A k\u00ednai sz\u00e1mok eg\u00e9szen j\u00f3l alakulnak, de az orsz\u00e1g nemzetk\u00f6zi meg\u00edt\u00e9l\u00e9se rendk\u00edv\u00fcl kedvez\u0151tlen.<\/p>\n<p>Az <strong>amerikai feldolgoz\u00f3ipar teljes\u00edtm\u00e9nye<\/strong> a v\u00e1rakoz\u00e1sokhoz k\u00e9pest jobb lett, de a PMI 47,4-es \u00e9rt\u00e9k\u00e9vel tov\u00e1bbra is negat\u00edv tartom\u00e1nyban van. Er\u0151s direkt \u00e9s indirekt korm\u00e1nyzati beavatkoz\u00e1s hat\u00e1sai \u00e9rz\u00e9kelhet\u0151k az adatokban.<\/p>\n<p>Ezzel szemben a <strong>szolg\u00e1ltat\u00f3ipari PMI<\/strong> sz\u00e9pen j\u00f6n felfel\u00e9, massz\u00edvan 50 felett teljes\u00edtett, az elm\u00falt \u00f6t h\u00f3nap legjobb adat\u00e1t l\u00e1thattuk, amely bizakod\u00e1sra adhat okot. V\u00e9lhet\u0151en a decemberi \u00fcnnepi id\u0151szak, valamint a kamat-\u00e9s hozamk\u00f6rnyezet javul\u00e1sa is jelent\u0151sen seg\u00edtett e tekintetben.<\/p>\n<p>Igen fontos adat \u00e9rkezett az <strong>amerikai munkaer\u0151piacot<\/strong> illet\u0151en. A nyitott \u00e1ll\u00e1shelyek sz\u00e1ma a v\u00e1rakoz\u00e1sokn\u00e1l is alacsonyabb lett. Ez arra utal, hogy a kifesz\u00edtetts\u00e9g kezd megsz\u0171nni, a munkaer\u0151piac h\u0171l. Egyel\u0151re a gazdas\u00e1g nem ig\u00e9nyli \u00fajabb munkahelyek kialak\u00edt\u00e1s\u00e1t. Mindazon\u00e1ltal a 8,5 milli\u00f3 k\u00f6r\u00fcli \u00e9rt\u00e9k m\u00e9g mindig rendk\u00edv\u00fcl magas, messze elmarad a norm\u00e1l szintt\u0151l. Az viszont \u00e9rezhet\u0151, hogy a tendencia a lass\u00fa cs\u00f6kken\u00e9s ir\u00e1ny\u00e1ba mutat, \u00e9s feltehet\u0151en m\u00e9g hossz\u00fa id\u0151re lesz sz\u00fcks\u00e9g ahhoz, hogy a nyitott \u00e1ll\u00e1shelyek sz\u00e1ma az elfogadhat\u00f3, 3-4 milli\u00f3s szintet el\u00e9rje.<\/p>\n<p>A <strong>Nonfarm payroll<\/strong> adat a 175 ezres v\u00e1rakoz\u00e1shoz k\u00e9pest l\u00e9nyegesen magasabb, 216 ezer lett, azaz ennyi \u00faj munkahely j\u00f6tt l\u00e9tre decemberben. Mindenk\u00e9ppen \u00e9rdemes azonban figyelembe venni annak torz\u00edt\u00f3 hat\u00e1s\u00e1t, hogy a lakoss\u00e1g k\u00f6r\u00e9ben a meg\u00e9lhet\u00e9si neh\u00e9zs\u00e9gek miatt egyre gyakoribb a m\u00e1sodik, harmadik \u00e1ll\u00e1s v\u00e1llal\u00e1sa, amely ilyenkor dupl\u00e1n, tripl\u00e1n jelenik meg a nyilv\u00e1ntart\u00e1sban. Ezt j\u00f3l mutatja, hogy a rev\u00edzi\u00f3t k\u00f6vet\u0151 adat m\u00e1r elmarad a v\u00e1rakoz\u00e1sokt\u00f3l.<\/p>\n<p>A <strong>Jobless Claims <\/strong>adat 200 ezres \u00e9rt\u00e9ke tov\u00e1bbra is igen magas.<\/p>\n<p>A f\u0151 k\u00e9rd\u00e9s, hogy a munkaer\u0151piaci helyzet vesz\u00e9lyeztetheti-e a kamatcs\u00f6kent\u00e9seket a FED r\u00e9sz\u00e9r\u0151l. Egy h\u00f3nappal ezel\u0151tt a 25 b\u00e1zispontos kamatcs\u00f6kkent\u00e9snek k\u00f6zel\u00edt\u0151leg 50%-os es\u00e9lye volt, amely most felment 62%-ra. Az elm\u00falt heti 73%-hoz k\u00e9pest viszont n\u00e9mi cs\u00f6kken\u00e9st mutat, amely azt mutatja, hogy sokakat gondolkod\u00f3ba ejtett a munkaer\u0151piaci \u00e1llapot.<\/p>\n<p>Az <strong>olajpiac<\/strong>ot er\u0151s geopolitikai hat\u00e1sok \u00e9s kock\u00e1zatok jellemzik. A keresked\u0151k \u00faj, biztons\u00e1gosabb, sz\u00e1ll\u00edt\u00e1si \u00fatvonalakat keresnek a tankerek sz\u00e1m\u00e1ra, ez azonban megn\u00f6veli a sz\u00e1ll\u00edt\u00e1si id\u0151t. Az amerikai t\u00e1rol\u00f3k ebb\u0151l kifoly\u00f3lag a v\u00e1rakoz\u00e1sokhoz k\u00e9pest alacsonyabb inventory-kkal rendelkeznek. A kialakult helyzetre megold\u00e1st kell tal\u00e1lni, mivel kock\u00e1zati t\u00e9nyez\u0151k\u00e9nt jelenik meg az \u00e1rfolyamra n\u00e9zve. Az olaj hord\u00f3nk\u00e9nti \u00e1ra jelenleg 73-74 USD k\u00f6rny\u00e9k\u00e9n mozog.<\/p>\n<p>Az amerikai 10 \u00e9ves \u00e1llampap\u00edr tekintet\u00e9ben tov\u00e1bbra is kedvez\u0151 az alkalom k\u00f6tv\u00e9ny oldalon besz\u00e1llni a piacba.<\/p>\n<p>\u00a0<\/p>\n<p>\u00a0<\/p>\n","protected":false},"excerpt":{"rendered":"<p>Az SPB Befektet\u00e9si Zrt. boldog \u00faj \u00e9vet k\u00edv\u00e1n minden kedves \u00fcgyfel\u00e9nek \u00e9s partner\u00e9nek! Lassul\u00f3 \u00fctem\u0171 cs\u00f6kken\u00e9s jellemzi mind az eur\u00f3pai, mind a n\u00e9met infl\u00e1ci\u00f3 alakul\u00e1s\u00e1t, illetve a core infl\u00e1ci\u00f3 \u00e9rt\u00e9ke tov\u00e1bbra sem ad okot komoly aggodalomra. Elh\u00faz\u00f3d\u00f3, oldalaz\u00f3 \u00e1llapot kezd k\u00f6rvonalaz\u00f3dni. Az Euroz\u00f3na, \u00e9s ezen bel\u00fcl N\u00e9metorsz\u00e1g gazdas\u00e1ga a jelek szerint t\u00fal van a legnehezebb&#8230;<\/p>\n","protected":false},"author":1,"featured_media":2458,"comment_status":"closed","ping_status":"open","sticky":false,"template":"","format":"standard","meta":{"footnotes":""},"categories":[35,25],"tags":[],"class_list":["post-2457","post","type-post","status-publish","format-standard","has-post-thumbnail","hentry","category-elemzes","category-makro"],"yoast_head":"<!-- This site is optimized with the Yoast SEO plugin v27.5 - https:\/\/yoast.com\/product\/yoast-seo-wordpress\/ -->\n<title>SPB: N\u00f6vekv\u0151 v\u00e1llalkoz\u00f3i bizalom az Euroz\u00f3n\u00e1ban - SPB Blog<\/title>\n<meta name=\"description\" content=\"Lassul\u00f3 \u00fctem\u0171 cs\u00f6kken\u00e9s jellemzi mind az eur\u00f3pai, mind a n\u00e9met infl\u00e1ci\u00f3 alakul\u00e1s\u00e1t, illetve a core infl\u00e1ci\u00f3 \u00e9rt\u00e9ke tov\u00e1bbra sem ad okot komoly aggodalomra. Elh\u00faz\u00f3d\u00f3, oldalaz\u00f3 \u00e1llapot kezd k\u00f6rvonalaz\u00f3dni.\" \/>\n<meta name=\"robots\" content=\"index, follow, max-snippet:-1, max-image-preview:large, max-video-preview:-1\" \/>\n<link rel=\"canonical\" href=\"https:\/\/blog.spbinvest.hu\/?p=2457\" \/>\n<meta property=\"og:locale\" content=\"hu_HU\" \/>\n<meta property=\"og:type\" content=\"article\" \/>\n<meta property=\"og:title\" content=\"SPB: N\u00f6vekv\u0151 v\u00e1llalkoz\u00f3i bizalom az Euroz\u00f3n\u00e1ban\" \/>\n<meta property=\"og:description\" content=\"Lassul\u00f3 \u00fctem\u0171 cs\u00f6kken\u00e9s jellemzi mind az eur\u00f3pai, mind a n\u00e9met infl\u00e1ci\u00f3 alakul\u00e1s\u00e1t, illetve a core infl\u00e1ci\u00f3 \u00e9rt\u00e9ke tov\u00e1bbra sem ad okot komoly aggodalomra. Elh\u00faz\u00f3d\u00f3, oldalaz\u00f3 \u00e1llapot kezd k\u00f6rvonalaz\u00f3dni.\" \/>\n<meta property=\"og:url\" content=\"https:\/\/blog.spbinvest.hu\/?p=2457\" \/>\n<meta property=\"og:site_name\" content=\"SPB Blog\" \/>\n<meta property=\"article:published_time\" content=\"2024-01-10T07:39:56+00:00\" \/>\n<meta property=\"og:image\" content=\"https:\/\/blog.spbinvest.hu\/wp-content\/uploads\/2024\/01\/spb.jpg\" \/>\n\t<meta property=\"og:image:width\" content=\"1000\" \/>\n\t<meta property=\"og:image:height\" content=\"667\" \/>\n\t<meta property=\"og:image:type\" content=\"image\/jpeg\" \/>\n<meta name=\"author\" content=\"SPB\" \/>\n<meta name=\"twitter:card\" content=\"summary_large_image\" \/>\n<meta name=\"twitter:label1\" content=\"Szerz\u0151:\" \/>\n\t<meta name=\"twitter:data1\" content=\"SPB\" \/>\n\t<meta name=\"twitter:label2\" content=\"Becs\u00fclt olvas\u00e1si id\u0151\" \/>\n\t<meta name=\"twitter:data2\" content=\"7 perc\" \/>\n<script type=\"application\/ld+json\" class=\"yoast-schema-graph\">{\"@context\":\"https:\\\/\\\/schema.org\",\"@graph\":[{\"@type\":\"Article\",\"@id\":\"https:\\\/\\\/blog.spbinvest.hu\\\/?p=2457#article\",\"isPartOf\":{\"@id\":\"https:\\\/\\\/blog.spbinvest.hu\\\/?p=2457\"},\"author\":{\"name\":\"SPB\",\"@id\":\"https:\\\/\\\/blog.spbinvest.hu\\\/#\\\/schema\\\/person\\\/d5af847b20d61bf27bae3db50d6247f7\"},\"headline\":\"SPB: N\u00f6vekv\u0151 v\u00e1llalkoz\u00f3i bizalom az Euroz\u00f3n\u00e1ban\",\"datePublished\":\"2024-01-10T07:39:56+00:00\",\"mainEntityOfPage\":{\"@id\":\"https:\\\/\\\/blog.spbinvest.hu\\\/?p=2457\"},\"wordCount\":1776,\"image\":{\"@id\":\"https:\\\/\\\/blog.spbinvest.hu\\\/?p=2457#primaryimage\"},\"thumbnailUrl\":\"https:\\\/\\\/blog.spbinvest.hu\\\/wp-content\\\/uploads\\\/2024\\\/01\\\/spb.jpg\",\"articleSection\":[\"Elemz\u00e9s\",\"Makr\u00f3\"],\"inLanguage\":\"hu\"},{\"@type\":\"WebPage\",\"@id\":\"https:\\\/\\\/blog.spbinvest.hu\\\/?p=2457\",\"url\":\"https:\\\/\\\/blog.spbinvest.hu\\\/?p=2457\",\"name\":\"SPB: N\u00f6vekv\u0151 v\u00e1llalkoz\u00f3i bizalom az Euroz\u00f3n\u00e1ban - SPB Blog\",\"isPartOf\":{\"@id\":\"https:\\\/\\\/blog.spbinvest.hu\\\/#website\"},\"primaryImageOfPage\":{\"@id\":\"https:\\\/\\\/blog.spbinvest.hu\\\/?p=2457#primaryimage\"},\"image\":{\"@id\":\"https:\\\/\\\/blog.spbinvest.hu\\\/?p=2457#primaryimage\"},\"thumbnailUrl\":\"https:\\\/\\\/blog.spbinvest.hu\\\/wp-content\\\/uploads\\\/2024\\\/01\\\/spb.jpg\",\"datePublished\":\"2024-01-10T07:39:56+00:00\",\"author\":{\"@id\":\"https:\\\/\\\/blog.spbinvest.hu\\\/#\\\/schema\\\/person\\\/d5af847b20d61bf27bae3db50d6247f7\"},\"description\":\"Lassul\u00f3 \u00fctem\u0171 cs\u00f6kken\u00e9s jellemzi mind az eur\u00f3pai, mind a n\u00e9met infl\u00e1ci\u00f3 alakul\u00e1s\u00e1t, illetve a core infl\u00e1ci\u00f3 \u00e9rt\u00e9ke tov\u00e1bbra sem ad okot komoly aggodalomra. Elh\u00faz\u00f3d\u00f3, oldalaz\u00f3 \u00e1llapot kezd k\u00f6rvonalaz\u00f3dni.\",\"breadcrumb\":{\"@id\":\"https:\\\/\\\/blog.spbinvest.hu\\\/?p=2457#breadcrumb\"},\"inLanguage\":\"hu\",\"potentialAction\":[{\"@type\":\"ReadAction\",\"target\":[\"https:\\\/\\\/blog.spbinvest.hu\\\/?p=2457\"]}]},{\"@type\":\"ImageObject\",\"inLanguage\":\"hu\",\"@id\":\"https:\\\/\\\/blog.spbinvest.hu\\\/?p=2457#primaryimage\",\"url\":\"https:\\\/\\\/blog.spbinvest.hu\\\/wp-content\\\/uploads\\\/2024\\\/01\\\/spb.jpg\",\"contentUrl\":\"https:\\\/\\\/blog.spbinvest.hu\\\/wp-content\\\/uploads\\\/2024\\\/01\\\/spb.jpg\",\"width\":1000,\"height\":667},{\"@type\":\"BreadcrumbList\",\"@id\":\"https:\\\/\\\/blog.spbinvest.hu\\\/?p=2457#breadcrumb\",\"itemListElement\":[{\"@type\":\"ListItem\",\"position\":1,\"name\":\"Kezd\u0151lap\",\"item\":\"https:\\\/\\\/blog.spbinvest.hu\\\/\"},{\"@type\":\"ListItem\",\"position\":2,\"name\":\"SPB: N\u00f6vekv\u0151 v\u00e1llalkoz\u00f3i bizalom az Euroz\u00f3n\u00e1ban\"}]},{\"@type\":\"WebSite\",\"@id\":\"https:\\\/\\\/blog.spbinvest.hu\\\/#website\",\"url\":\"https:\\\/\\\/blog.spbinvest.hu\\\/\",\"name\":\"SPB Blog\",\"description\":\"\",\"potentialAction\":[{\"@type\":\"SearchAction\",\"target\":{\"@type\":\"EntryPoint\",\"urlTemplate\":\"https:\\\/\\\/blog.spbinvest.hu\\\/?s={search_term_string}\"},\"query-input\":{\"@type\":\"PropertyValueSpecification\",\"valueRequired\":true,\"valueName\":\"search_term_string\"}}],\"inLanguage\":\"hu\"},{\"@type\":\"Person\",\"@id\":\"https:\\\/\\\/blog.spbinvest.hu\\\/#\\\/schema\\\/person\\\/d5af847b20d61bf27bae3db50d6247f7\",\"name\":\"SPB\",\"image\":{\"@type\":\"ImageObject\",\"inLanguage\":\"hu\",\"@id\":\"https:\\\/\\\/secure.gravatar.com\\\/avatar\\\/e4bde87cb0016e1f94b62d02932290f9440405440ef9e5f3917ee5cec0b41662?s=96&d=mm&r=g\",\"url\":\"https:\\\/\\\/secure.gravatar.com\\\/avatar\\\/e4bde87cb0016e1f94b62d02932290f9440405440ef9e5f3917ee5cec0b41662?s=96&d=mm&r=g\",\"contentUrl\":\"https:\\\/\\\/secure.gravatar.com\\\/avatar\\\/e4bde87cb0016e1f94b62d02932290f9440405440ef9e5f3917ee5cec0b41662?s=96&d=mm&r=g\",\"caption\":\"SPB\"},\"sameAs\":[\"https:\\\/\\\/blog.spbinvest.hu\"],\"url\":\"https:\\\/\\\/blog.spbinvest.hu\\\/?author=1\"}]}<\/script>\n<!-- \/ Yoast SEO plugin. -->","yoast_head_json":{"title":"SPB: N\u00f6vekv\u0151 v\u00e1llalkoz\u00f3i bizalom az Euroz\u00f3n\u00e1ban - SPB Blog","description":"Lassul\u00f3 \u00fctem\u0171 cs\u00f6kken\u00e9s jellemzi mind az eur\u00f3pai, mind a n\u00e9met infl\u00e1ci\u00f3 alakul\u00e1s\u00e1t, illetve a core infl\u00e1ci\u00f3 \u00e9rt\u00e9ke tov\u00e1bbra sem ad okot komoly aggodalomra. Elh\u00faz\u00f3d\u00f3, oldalaz\u00f3 \u00e1llapot kezd k\u00f6rvonalaz\u00f3dni.","robots":{"index":"index","follow":"follow","max-snippet":"max-snippet:-1","max-image-preview":"max-image-preview:large","max-video-preview":"max-video-preview:-1"},"canonical":"https:\/\/blog.spbinvest.hu\/?p=2457","og_locale":"hu_HU","og_type":"article","og_title":"SPB: N\u00f6vekv\u0151 v\u00e1llalkoz\u00f3i bizalom az Euroz\u00f3n\u00e1ban","og_description":"Lassul\u00f3 \u00fctem\u0171 cs\u00f6kken\u00e9s jellemzi mind az eur\u00f3pai, mind a n\u00e9met infl\u00e1ci\u00f3 alakul\u00e1s\u00e1t, illetve a core infl\u00e1ci\u00f3 \u00e9rt\u00e9ke tov\u00e1bbra sem ad okot komoly aggodalomra. Elh\u00faz\u00f3d\u00f3, oldalaz\u00f3 \u00e1llapot kezd k\u00f6rvonalaz\u00f3dni.","og_url":"https:\/\/blog.spbinvest.hu\/?p=2457","og_site_name":"SPB Blog","article_published_time":"2024-01-10T07:39:56+00:00","og_image":[{"width":1000,"height":667,"url":"https:\/\/blog.spbinvest.hu\/wp-content\/uploads\/2024\/01\/spb.jpg","type":"image\/jpeg"}],"author":"SPB","twitter_card":"summary_large_image","twitter_misc":{"Szerz\u0151:":"SPB","Becs\u00fclt olvas\u00e1si id\u0151":"7 perc"},"schema":{"@context":"https:\/\/schema.org","@graph":[{"@type":"Article","@id":"https:\/\/blog.spbinvest.hu\/?p=2457#article","isPartOf":{"@id":"https:\/\/blog.spbinvest.hu\/?p=2457"},"author":{"name":"SPB","@id":"https:\/\/blog.spbinvest.hu\/#\/schema\/person\/d5af847b20d61bf27bae3db50d6247f7"},"headline":"SPB: N\u00f6vekv\u0151 v\u00e1llalkoz\u00f3i bizalom az Euroz\u00f3n\u00e1ban","datePublished":"2024-01-10T07:39:56+00:00","mainEntityOfPage":{"@id":"https:\/\/blog.spbinvest.hu\/?p=2457"},"wordCount":1776,"image":{"@id":"https:\/\/blog.spbinvest.hu\/?p=2457#primaryimage"},"thumbnailUrl":"https:\/\/blog.spbinvest.hu\/wp-content\/uploads\/2024\/01\/spb.jpg","articleSection":["Elemz\u00e9s","Makr\u00f3"],"inLanguage":"hu"},{"@type":"WebPage","@id":"https:\/\/blog.spbinvest.hu\/?p=2457","url":"https:\/\/blog.spbinvest.hu\/?p=2457","name":"SPB: N\u00f6vekv\u0151 v\u00e1llalkoz\u00f3i bizalom az Euroz\u00f3n\u00e1ban - SPB Blog","isPartOf":{"@id":"https:\/\/blog.spbinvest.hu\/#website"},"primaryImageOfPage":{"@id":"https:\/\/blog.spbinvest.hu\/?p=2457#primaryimage"},"image":{"@id":"https:\/\/blog.spbinvest.hu\/?p=2457#primaryimage"},"thumbnailUrl":"https:\/\/blog.spbinvest.hu\/wp-content\/uploads\/2024\/01\/spb.jpg","datePublished":"2024-01-10T07:39:56+00:00","author":{"@id":"https:\/\/blog.spbinvest.hu\/#\/schema\/person\/d5af847b20d61bf27bae3db50d6247f7"},"description":"Lassul\u00f3 \u00fctem\u0171 cs\u00f6kken\u00e9s jellemzi mind az eur\u00f3pai, mind a n\u00e9met infl\u00e1ci\u00f3 alakul\u00e1s\u00e1t, illetve a core infl\u00e1ci\u00f3 \u00e9rt\u00e9ke tov\u00e1bbra sem ad okot komoly aggodalomra. Elh\u00faz\u00f3d\u00f3, oldalaz\u00f3 \u00e1llapot kezd k\u00f6rvonalaz\u00f3dni.","breadcrumb":{"@id":"https:\/\/blog.spbinvest.hu\/?p=2457#breadcrumb"},"inLanguage":"hu","potentialAction":[{"@type":"ReadAction","target":["https:\/\/blog.spbinvest.hu\/?p=2457"]}]},{"@type":"ImageObject","inLanguage":"hu","@id":"https:\/\/blog.spbinvest.hu\/?p=2457#primaryimage","url":"https:\/\/blog.spbinvest.hu\/wp-content\/uploads\/2024\/01\/spb.jpg","contentUrl":"https:\/\/blog.spbinvest.hu\/wp-content\/uploads\/2024\/01\/spb.jpg","width":1000,"height":667},{"@type":"BreadcrumbList","@id":"https:\/\/blog.spbinvest.hu\/?p=2457#breadcrumb","itemListElement":[{"@type":"ListItem","position":1,"name":"Kezd\u0151lap","item":"https:\/\/blog.spbinvest.hu\/"},{"@type":"ListItem","position":2,"name":"SPB: N\u00f6vekv\u0151 v\u00e1llalkoz\u00f3i bizalom az Euroz\u00f3n\u00e1ban"}]},{"@type":"WebSite","@id":"https:\/\/blog.spbinvest.hu\/#website","url":"https:\/\/blog.spbinvest.hu\/","name":"SPB Blog","description":"","potentialAction":[{"@type":"SearchAction","target":{"@type":"EntryPoint","urlTemplate":"https:\/\/blog.spbinvest.hu\/?s={search_term_string}"},"query-input":{"@type":"PropertyValueSpecification","valueRequired":true,"valueName":"search_term_string"}}],"inLanguage":"hu"},{"@type":"Person","@id":"https:\/\/blog.spbinvest.hu\/#\/schema\/person\/d5af847b20d61bf27bae3db50d6247f7","name":"SPB","image":{"@type":"ImageObject","inLanguage":"hu","@id":"https:\/\/secure.gravatar.com\/avatar\/e4bde87cb0016e1f94b62d02932290f9440405440ef9e5f3917ee5cec0b41662?s=96&d=mm&r=g","url":"https:\/\/secure.gravatar.com\/avatar\/e4bde87cb0016e1f94b62d02932290f9440405440ef9e5f3917ee5cec0b41662?s=96&d=mm&r=g","contentUrl":"https:\/\/secure.gravatar.com\/avatar\/e4bde87cb0016e1f94b62d02932290f9440405440ef9e5f3917ee5cec0b41662?s=96&d=mm&r=g","caption":"SPB"},"sameAs":["https:\/\/blog.spbinvest.hu"],"url":"https:\/\/blog.spbinvest.hu\/?author=1"}]}},"_links":{"self":[{"href":"https:\/\/blog.spbinvest.hu\/index.php?rest_route=\/wp\/v2\/posts\/2457","targetHints":{"allow":["GET"]}}],"collection":[{"href":"https:\/\/blog.spbinvest.hu\/index.php?rest_route=\/wp\/v2\/posts"}],"about":[{"href":"https:\/\/blog.spbinvest.hu\/index.php?rest_route=\/wp\/v2\/types\/post"}],"author":[{"embeddable":true,"href":"https:\/\/blog.spbinvest.hu\/index.php?rest_route=\/wp\/v2\/users\/1"}],"replies":[{"embeddable":true,"href":"https:\/\/blog.spbinvest.hu\/index.php?rest_route=%2Fwp%2Fv2%2Fcomments&post=2457"}],"version-history":[{"count":1,"href":"https:\/\/blog.spbinvest.hu\/index.php?rest_route=\/wp\/v2\/posts\/2457\/revisions"}],"predecessor-version":[{"id":2459,"href":"https:\/\/blog.spbinvest.hu\/index.php?rest_route=\/wp\/v2\/posts\/2457\/revisions\/2459"}],"wp:featuredmedia":[{"embeddable":true,"href":"https:\/\/blog.spbinvest.hu\/index.php?rest_route=\/wp\/v2\/media\/2458"}],"wp:attachment":[{"href":"https:\/\/blog.spbinvest.hu\/index.php?rest_route=%2Fwp%2Fv2%2Fmedia&parent=2457"}],"wp:term":[{"taxonomy":"category","embeddable":true,"href":"https:\/\/blog.spbinvest.hu\/index.php?rest_route=%2Fwp%2Fv2%2Fcategories&post=2457"},{"taxonomy":"post_tag","embeddable":true,"href":"https:\/\/blog.spbinvest.hu\/index.php?rest_route=%2Fwp%2Fv2%2Ftags&post=2457"}],"curies":[{"name":"wp","href":"https:\/\/api.w.org\/{rel}","templated":true}]}}