{"id":2142,"date":"2023-07-24T09:14:25","date_gmt":"2023-07-24T09:14:25","guid":{"rendered":"https:\/\/blog.spbinvest.hu\/?p=2142"},"modified":"2023-07-24T09:16:54","modified_gmt":"2023-07-24T09:16:54","slug":"kotvenypiac-eljott-a-vasarlas-ideje-spb-a-vg-podcastban","status":"publish","type":"post","link":"https:\/\/blog.spbinvest.hu\/?p=2142","title":{"rendered":"K\u00f6tv\u00e9nypiac: elj\u00f6tt a v\u00e1s\u00e1rl\u00e1s ideje &#8211; SPB a VG Podcastban"},"content":{"rendered":"<div dir=\"auto\">Sok a t\u00e9vh\u00edt a kisbefektet\u0151k k\u00f6r\u00e9ben a k\u00f6tv\u00e9nyekkel kapcsolatban, sokan nem tudj\u00e1k, hogyan m\u0171k\u00f6dik a k\u00f6tv\u00e9nypiac, mik a kock\u00e1zatok, buktat\u00f3k, mekkora a szerepe a spekulat\u00edv t\u0151k\u00e9nek. A k\u00f6tv\u00e9nypiac alapjair\u00f3l Beschenbacher Korn\u00e9llal, az SPB Befektet\u00e9si Zrt. priv\u00e1tbank\u00e1r\u00e1val besz\u00e9lgett\u00fcnk.<\/p>\n<\/div>\n<div dir=\"auto\">A teljes podcast ide kattintva hallgathat\u00f3 meg:<\/div>\n<div><a href=\"https:\/\/videa.hu\/videok\/vilaggazdasag\/podcast\/kotvenypiac-eljott-a-vasarlas-ideje-beschenbacher-kornel-podcast-9gRwKdzjnQEfuFlL\" target=\"_blank\" rel=\"noopener\" data-saferedirecturl=\"https:\/\/www.google.com\/url?q=https:\/\/videa.hu\/videok\/vilaggazdasag\/podcast\/kotvenypiac-eljott-a-vasarlas-ideje-beschenbacher-kornel-podcast-9gRwKdzjnQEfuFlL&source=gmail&ust=1690273917452000&usg=AOvVaw3hhgqyCO2fNdzbz5KzBy2g\">https:\/\/videa.hu\/videok\/<wbr \/>vilaggazdasag\/podcast\/<wbr \/>kotvenypiac-eljott-a-vasarlas-<wbr \/>ideje-beschenbacher-kornel-<wbr \/>podcast-9gRwKdzjnQEfuFlL<\/a><\/div>\n","protected":false},"excerpt":{"rendered":"<p>Sok a t\u00e9vh\u00edt a kisbefektet\u0151k k\u00f6r\u00e9ben a k\u00f6tv\u00e9nyekkel kapcsolatban, sokan nem tudj\u00e1k, hogyan m\u0171k\u00f6dik a k\u00f6tv\u00e9nypiac, mik a kock\u00e1zatok, buktat\u00f3k, mekkora a szerepe a spekulat\u00edv t\u0151k\u00e9nek. A k\u00f6tv\u00e9nypiac alapjair\u00f3l Beschenbacher Korn\u00e9llal, az SPB Befektet\u00e9si Zrt. priv\u00e1tbank\u00e1r\u00e1val besz\u00e9lgett\u00fcnk. A teljes podcast ide kattintva hallgathat\u00f3 meg: https:\/\/videa.hu\/videok\/vilaggazdasag\/podcast\/kotvenypiac-eljott-a-vasarlas-ideje-beschenbacher-kornel-podcast-9gRwKdzjnQEfuFlL<\/p>\n","protected":false},"author":1,"featured_media":2143,"comment_status":"closed","ping_status":"open","sticky":false,"template":"","format":"standard","meta":{"footnotes":""},"categories":[28,34,48,24],"tags":[],"class_list":["post-2142","post","type-post","status-publish","format-standard","has-post-thumbnail","hentry","category-befektetes","category-podcast","category-sajto","category-spb"],"yoast_head":"<!-- This site is optimized with the Yoast SEO plugin v27.5 - https:\/\/yoast.com\/product\/yoast-seo-wordpress\/ -->\n<title>K\u00f6tv\u00e9nypiac: elj\u00f6tt a v\u00e1s\u00e1rl\u00e1s ideje - SPB a VG Podcastban - SPB Blog<\/title>\n<meta name=\"description\" content=\"Sok a t\u00e9vh\u00edt a kisbefektet\u0151k k\u00f6r\u00e9ben a k\u00f6tv\u00e9nyekkel kapcsolatban, sokan nem tudj\u00e1k, hogyan m\u0171k\u00f6dik a k\u00f6tv\u00e9nypiac, mik a kock\u00e1zatok, buktat\u00f3k, mekkora a szerepe a spekulat\u00edv t\u0151k\u00e9nek. A k\u00f6tv\u00e9nypiac alapjair\u00f3l Beschenbacher Korn\u00e9llal, az SPB Befektet\u00e9si Zrt. priv\u00e1tbank\u00e1r\u00e1val besz\u00e9lgett\u00fcnk.\" \/>\n<meta name=\"robots\" content=\"index, follow, max-snippet:-1, max-image-preview:large, max-video-preview:-1\" \/>\n<link rel=\"canonical\" href=\"https:\/\/blog.spbinvest.hu\/?p=2142\" \/>\n<meta property=\"og:locale\" content=\"hu_HU\" \/>\n<meta property=\"og:type\" content=\"article\" \/>\n<meta property=\"og:title\" content=\"K\u00f6tv\u00e9nypiac: elj\u00f6tt a v\u00e1s\u00e1rl\u00e1s ideje - SPB a VG Podcastban\" \/>\n<meta property=\"og:description\" content=\"Sok a t\u00e9vh\u00edt a kisbefektet\u0151k k\u00f6r\u00e9ben a k\u00f6tv\u00e9nyekkel kapcsolatban, sokan nem tudj\u00e1k, hogyan m\u0171k\u00f6dik a k\u00f6tv\u00e9nypiac, mik a kock\u00e1zatok, buktat\u00f3k, mekkora a szerepe a spekulat\u00edv t\u0151k\u00e9nek. A k\u00f6tv\u00e9nypiac alapjair\u00f3l Beschenbacher Korn\u00e9llal, az SPB Befektet\u00e9si Zrt. priv\u00e1tbank\u00e1r\u00e1val besz\u00e9lgett\u00fcnk.\" \/>\n<meta property=\"og:url\" content=\"https:\/\/blog.spbinvest.hu\/?p=2142\" \/>\n<meta property=\"og:site_name\" content=\"SPB Blog\" \/>\n<meta property=\"article:published_time\" content=\"2023-07-24T09:14:25+00:00\" \/>\n<meta property=\"article:modified_time\" content=\"2023-07-24T09:16:54+00:00\" \/>\n<meta property=\"og:image\" content=\"https:\/\/blog.spbinvest.hu\/wp-content\/uploads\/2023\/07\/SPB.png\" \/>\n\t<meta property=\"og:image:width\" content=\"672\" \/>\n\t<meta property=\"og:image:height\" content=\"310\" \/>\n\t<meta property=\"og:image:type\" content=\"image\/png\" \/>\n<meta name=\"author\" content=\"SPB\" \/>\n<meta name=\"twitter:card\" content=\"summary_large_image\" \/>\n<meta name=\"twitter:title\" content=\"K\u00f6tv\u00e9nypiac: elj\u00f6tt a v\u00e1s\u00e1rl\u00e1s ideje - SPB a VG Podcastban\" \/>\n<meta name=\"twitter:description\" content=\"Sok a t\u00e9vh\u00edt a kisbefektet\u0151k k\u00f6r\u00e9ben a k\u00f6tv\u00e9nyekkel kapcsolatban, sokan nem tudj\u00e1k, hogyan m\u0171k\u00f6dik a k\u00f6tv\u00e9nypiac, mik a kock\u00e1zatok, buktat\u00f3k, mekkora a szerepe a spekulat\u00edv t\u0151k\u00e9nek. A k\u00f6tv\u00e9nypiac alapjair\u00f3l Beschenbacher Korn\u00e9llal, az SPB Befektet\u00e9si Zrt. priv\u00e1tbank\u00e1r\u00e1val besz\u00e9lgett\u00fcnk.\" \/>\n<meta name=\"twitter:image\" content=\"https:\/\/blog.spbinvest.hu\/wp-content\/uploads\/2023\/07\/SPB.png\" \/>\n<meta name=\"twitter:label1\" content=\"Szerz\u0151:\" \/>\n\t<meta name=\"twitter:data1\" content=\"SPB\" \/>\n\t<meta name=\"twitter:label2\" content=\"Becs\u00fclt olvas\u00e1si id\u0151\" \/>\n\t<meta name=\"twitter:data2\" content=\"1 perc\" \/>\n<script type=\"application\/ld+json\" class=\"yoast-schema-graph\">{\"@context\":\"https:\\\/\\\/schema.org\",\"@graph\":[{\"@type\":\"Article\",\"@id\":\"https:\\\/\\\/blog.spbinvest.hu\\\/?p=2142#article\",\"isPartOf\":{\"@id\":\"https:\\\/\\\/blog.spbinvest.hu\\\/?p=2142\"},\"author\":{\"name\":\"SPB\",\"@id\":\"https:\\\/\\\/blog.spbinvest.hu\\\/#\\\/schema\\\/person\\\/d5af847b20d61bf27bae3db50d6247f7\"},\"headline\":\"K\u00f6tv\u00e9nypiac: elj\u00f6tt a v\u00e1s\u00e1rl\u00e1s ideje &#8211; SPB a VG Podcastban\",\"datePublished\":\"2023-07-24T09:14:25+00:00\",\"dateModified\":\"2023-07-24T09:16:54+00:00\",\"mainEntityOfPage\":{\"@id\":\"https:\\\/\\\/blog.spbinvest.hu\\\/?p=2142\"},\"wordCount\":95,\"image\":{\"@id\":\"https:\\\/\\\/blog.spbinvest.hu\\\/?p=2142#primaryimage\"},\"thumbnailUrl\":\"https:\\\/\\\/blog.spbinvest.hu\\\/wp-content\\\/uploads\\\/2023\\\/07\\\/SPB.png\",\"articleSection\":[\"Befektet\u00e9s\",\"Podcast\",\"Sajt\u00f3\",\"SPB\"],\"inLanguage\":\"hu\"},{\"@type\":\"WebPage\",\"@id\":\"https:\\\/\\\/blog.spbinvest.hu\\\/?p=2142\",\"url\":\"https:\\\/\\\/blog.spbinvest.hu\\\/?p=2142\",\"name\":\"K\u00f6tv\u00e9nypiac: elj\u00f6tt a v\u00e1s\u00e1rl\u00e1s ideje - SPB a VG Podcastban - SPB Blog\",\"isPartOf\":{\"@id\":\"https:\\\/\\\/blog.spbinvest.hu\\\/#website\"},\"primaryImageOfPage\":{\"@id\":\"https:\\\/\\\/blog.spbinvest.hu\\\/?p=2142#primaryimage\"},\"image\":{\"@id\":\"https:\\\/\\\/blog.spbinvest.hu\\\/?p=2142#primaryimage\"},\"thumbnailUrl\":\"https:\\\/\\\/blog.spbinvest.hu\\\/wp-content\\\/uploads\\\/2023\\\/07\\\/SPB.png\",\"datePublished\":\"2023-07-24T09:14:25+00:00\",\"dateModified\":\"2023-07-24T09:16:54+00:00\",\"author\":{\"@id\":\"https:\\\/\\\/blog.spbinvest.hu\\\/#\\\/schema\\\/person\\\/d5af847b20d61bf27bae3db50d6247f7\"},\"description\":\"Sok a t\u00e9vh\u00edt a kisbefektet\u0151k k\u00f6r\u00e9ben a k\u00f6tv\u00e9nyekkel kapcsolatban, sokan nem tudj\u00e1k, hogyan m\u0171k\u00f6dik a k\u00f6tv\u00e9nypiac, mik a kock\u00e1zatok, buktat\u00f3k, mekkora a szerepe a spekulat\u00edv t\u0151k\u00e9nek. A k\u00f6tv\u00e9nypiac alapjair\u00f3l Beschenbacher Korn\u00e9llal, az SPB Befektet\u00e9si Zrt. priv\u00e1tbank\u00e1r\u00e1val besz\u00e9lgett\u00fcnk.\",\"breadcrumb\":{\"@id\":\"https:\\\/\\\/blog.spbinvest.hu\\\/?p=2142#breadcrumb\"},\"inLanguage\":\"hu\",\"potentialAction\":[{\"@type\":\"ReadAction\",\"target\":[\"https:\\\/\\\/blog.spbinvest.hu\\\/?p=2142\"]}]},{\"@type\":\"ImageObject\",\"inLanguage\":\"hu\",\"@id\":\"https:\\\/\\\/blog.spbinvest.hu\\\/?p=2142#primaryimage\",\"url\":\"https:\\\/\\\/blog.spbinvest.hu\\\/wp-content\\\/uploads\\\/2023\\\/07\\\/SPB.png\",\"contentUrl\":\"https:\\\/\\\/blog.spbinvest.hu\\\/wp-content\\\/uploads\\\/2023\\\/07\\\/SPB.png\",\"width\":672,\"height\":310},{\"@type\":\"BreadcrumbList\",\"@id\":\"https:\\\/\\\/blog.spbinvest.hu\\\/?p=2142#breadcrumb\",\"itemListElement\":[{\"@type\":\"ListItem\",\"position\":1,\"name\":\"Kezd\u0151lap\",\"item\":\"https:\\\/\\\/blog.spbinvest.hu\\\/\"},{\"@type\":\"ListItem\",\"position\":2,\"name\":\"K\u00f6tv\u00e9nypiac: elj\u00f6tt a v\u00e1s\u00e1rl\u00e1s ideje &#8211; SPB a VG Podcastban\"}]},{\"@type\":\"WebSite\",\"@id\":\"https:\\\/\\\/blog.spbinvest.hu\\\/#website\",\"url\":\"https:\\\/\\\/blog.spbinvest.hu\\\/\",\"name\":\"SPB Blog\",\"description\":\"\",\"potentialAction\":[{\"@type\":\"SearchAction\",\"target\":{\"@type\":\"EntryPoint\",\"urlTemplate\":\"https:\\\/\\\/blog.spbinvest.hu\\\/?s={search_term_string}\"},\"query-input\":{\"@type\":\"PropertyValueSpecification\",\"valueRequired\":true,\"valueName\":\"search_term_string\"}}],\"inLanguage\":\"hu\"},{\"@type\":\"Person\",\"@id\":\"https:\\\/\\\/blog.spbinvest.hu\\\/#\\\/schema\\\/person\\\/d5af847b20d61bf27bae3db50d6247f7\",\"name\":\"SPB\",\"image\":{\"@type\":\"ImageObject\",\"inLanguage\":\"hu\",\"@id\":\"https:\\\/\\\/secure.gravatar.com\\\/avatar\\\/e4bde87cb0016e1f94b62d02932290f9440405440ef9e5f3917ee5cec0b41662?s=96&d=mm&r=g\",\"url\":\"https:\\\/\\\/secure.gravatar.com\\\/avatar\\\/e4bde87cb0016e1f94b62d02932290f9440405440ef9e5f3917ee5cec0b41662?s=96&d=mm&r=g\",\"contentUrl\":\"https:\\\/\\\/secure.gravatar.com\\\/avatar\\\/e4bde87cb0016e1f94b62d02932290f9440405440ef9e5f3917ee5cec0b41662?s=96&d=mm&r=g\",\"caption\":\"SPB\"},\"sameAs\":[\"https:\\\/\\\/blog.spbinvest.hu\"],\"url\":\"https:\\\/\\\/blog.spbinvest.hu\\\/?author=1\"}]}<\/script>\n<!-- \/ Yoast SEO plugin. -->","yoast_head_json":{"title":"K\u00f6tv\u00e9nypiac: elj\u00f6tt a v\u00e1s\u00e1rl\u00e1s ideje - SPB a VG Podcastban - SPB Blog","description":"Sok a t\u00e9vh\u00edt a kisbefektet\u0151k k\u00f6r\u00e9ben a k\u00f6tv\u00e9nyekkel kapcsolatban, sokan nem tudj\u00e1k, hogyan m\u0171k\u00f6dik a k\u00f6tv\u00e9nypiac, mik a kock\u00e1zatok, buktat\u00f3k, mekkora a szerepe a spekulat\u00edv t\u0151k\u00e9nek. A k\u00f6tv\u00e9nypiac alapjair\u00f3l Beschenbacher Korn\u00e9llal, az SPB Befektet\u00e9si Zrt. priv\u00e1tbank\u00e1r\u00e1val besz\u00e9lgett\u00fcnk.","robots":{"index":"index","follow":"follow","max-snippet":"max-snippet:-1","max-image-preview":"max-image-preview:large","max-video-preview":"max-video-preview:-1"},"canonical":"https:\/\/blog.spbinvest.hu\/?p=2142","og_locale":"hu_HU","og_type":"article","og_title":"K\u00f6tv\u00e9nypiac: elj\u00f6tt a v\u00e1s\u00e1rl\u00e1s ideje - SPB a VG Podcastban","og_description":"Sok a t\u00e9vh\u00edt a kisbefektet\u0151k k\u00f6r\u00e9ben a k\u00f6tv\u00e9nyekkel kapcsolatban, sokan nem tudj\u00e1k, hogyan m\u0171k\u00f6dik a k\u00f6tv\u00e9nypiac, mik a kock\u00e1zatok, buktat\u00f3k, mekkora a szerepe a spekulat\u00edv t\u0151k\u00e9nek. A k\u00f6tv\u00e9nypiac alapjair\u00f3l Beschenbacher Korn\u00e9llal, az SPB Befektet\u00e9si Zrt. priv\u00e1tbank\u00e1r\u00e1val besz\u00e9lgett\u00fcnk.","og_url":"https:\/\/blog.spbinvest.hu\/?p=2142","og_site_name":"SPB Blog","article_published_time":"2023-07-24T09:14:25+00:00","article_modified_time":"2023-07-24T09:16:54+00:00","og_image":[{"width":672,"height":310,"url":"https:\/\/blog.spbinvest.hu\/wp-content\/uploads\/2023\/07\/SPB.png","type":"image\/png"}],"author":"SPB","twitter_card":"summary_large_image","twitter_title":"K\u00f6tv\u00e9nypiac: elj\u00f6tt a v\u00e1s\u00e1rl\u00e1s ideje - SPB a VG Podcastban","twitter_description":"Sok a t\u00e9vh\u00edt a kisbefektet\u0151k k\u00f6r\u00e9ben a k\u00f6tv\u00e9nyekkel kapcsolatban, sokan nem tudj\u00e1k, hogyan m\u0171k\u00f6dik a k\u00f6tv\u00e9nypiac, mik a kock\u00e1zatok, buktat\u00f3k, mekkora a szerepe a spekulat\u00edv t\u0151k\u00e9nek. A k\u00f6tv\u00e9nypiac alapjair\u00f3l Beschenbacher Korn\u00e9llal, az SPB Befektet\u00e9si Zrt. priv\u00e1tbank\u00e1r\u00e1val besz\u00e9lgett\u00fcnk.","twitter_image":"https:\/\/blog.spbinvest.hu\/wp-content\/uploads\/2023\/07\/SPB.png","twitter_misc":{"Szerz\u0151:":"SPB","Becs\u00fclt olvas\u00e1si id\u0151":"1 perc"},"schema":{"@context":"https:\/\/schema.org","@graph":[{"@type":"Article","@id":"https:\/\/blog.spbinvest.hu\/?p=2142#article","isPartOf":{"@id":"https:\/\/blog.spbinvest.hu\/?p=2142"},"author":{"name":"SPB","@id":"https:\/\/blog.spbinvest.hu\/#\/schema\/person\/d5af847b20d61bf27bae3db50d6247f7"},"headline":"K\u00f6tv\u00e9nypiac: elj\u00f6tt a v\u00e1s\u00e1rl\u00e1s ideje &#8211; SPB a VG Podcastban","datePublished":"2023-07-24T09:14:25+00:00","dateModified":"2023-07-24T09:16:54+00:00","mainEntityOfPage":{"@id":"https:\/\/blog.spbinvest.hu\/?p=2142"},"wordCount":95,"image":{"@id":"https:\/\/blog.spbinvest.hu\/?p=2142#primaryimage"},"thumbnailUrl":"https:\/\/blog.spbinvest.hu\/wp-content\/uploads\/2023\/07\/SPB.png","articleSection":["Befektet\u00e9s","Podcast","Sajt\u00f3","SPB"],"inLanguage":"hu"},{"@type":"WebPage","@id":"https:\/\/blog.spbinvest.hu\/?p=2142","url":"https:\/\/blog.spbinvest.hu\/?p=2142","name":"K\u00f6tv\u00e9nypiac: elj\u00f6tt a v\u00e1s\u00e1rl\u00e1s ideje - SPB a VG Podcastban - SPB Blog","isPartOf":{"@id":"https:\/\/blog.spbinvest.hu\/#website"},"primaryImageOfPage":{"@id":"https:\/\/blog.spbinvest.hu\/?p=2142#primaryimage"},"image":{"@id":"https:\/\/blog.spbinvest.hu\/?p=2142#primaryimage"},"thumbnailUrl":"https:\/\/blog.spbinvest.hu\/wp-content\/uploads\/2023\/07\/SPB.png","datePublished":"2023-07-24T09:14:25+00:00","dateModified":"2023-07-24T09:16:54+00:00","author":{"@id":"https:\/\/blog.spbinvest.hu\/#\/schema\/person\/d5af847b20d61bf27bae3db50d6247f7"},"description":"Sok a t\u00e9vh\u00edt a kisbefektet\u0151k k\u00f6r\u00e9ben a k\u00f6tv\u00e9nyekkel kapcsolatban, sokan nem tudj\u00e1k, hogyan m\u0171k\u00f6dik a k\u00f6tv\u00e9nypiac, mik a kock\u00e1zatok, buktat\u00f3k, mekkora a szerepe a spekulat\u00edv t\u0151k\u00e9nek. A k\u00f6tv\u00e9nypiac alapjair\u00f3l Beschenbacher Korn\u00e9llal, az SPB Befektet\u00e9si Zrt. priv\u00e1tbank\u00e1r\u00e1val besz\u00e9lgett\u00fcnk.","breadcrumb":{"@id":"https:\/\/blog.spbinvest.hu\/?p=2142#breadcrumb"},"inLanguage":"hu","potentialAction":[{"@type":"ReadAction","target":["https:\/\/blog.spbinvest.hu\/?p=2142"]}]},{"@type":"ImageObject","inLanguage":"hu","@id":"https:\/\/blog.spbinvest.hu\/?p=2142#primaryimage","url":"https:\/\/blog.spbinvest.hu\/wp-content\/uploads\/2023\/07\/SPB.png","contentUrl":"https:\/\/blog.spbinvest.hu\/wp-content\/uploads\/2023\/07\/SPB.png","width":672,"height":310},{"@type":"BreadcrumbList","@id":"https:\/\/blog.spbinvest.hu\/?p=2142#breadcrumb","itemListElement":[{"@type":"ListItem","position":1,"name":"Kezd\u0151lap","item":"https:\/\/blog.spbinvest.hu\/"},{"@type":"ListItem","position":2,"name":"K\u00f6tv\u00e9nypiac: elj\u00f6tt a v\u00e1s\u00e1rl\u00e1s ideje &#8211; SPB a VG Podcastban"}]},{"@type":"WebSite","@id":"https:\/\/blog.spbinvest.hu\/#website","url":"https:\/\/blog.spbinvest.hu\/","name":"SPB Blog","description":"","potentialAction":[{"@type":"SearchAction","target":{"@type":"EntryPoint","urlTemplate":"https:\/\/blog.spbinvest.hu\/?s={search_term_string}"},"query-input":{"@type":"PropertyValueSpecification","valueRequired":true,"valueName":"search_term_string"}}],"inLanguage":"hu"},{"@type":"Person","@id":"https:\/\/blog.spbinvest.hu\/#\/schema\/person\/d5af847b20d61bf27bae3db50d6247f7","name":"SPB","image":{"@type":"ImageObject","inLanguage":"hu","@id":"https:\/\/secure.gravatar.com\/avatar\/e4bde87cb0016e1f94b62d02932290f9440405440ef9e5f3917ee5cec0b41662?s=96&d=mm&r=g","url":"https:\/\/secure.gravatar.com\/avatar\/e4bde87cb0016e1f94b62d02932290f9440405440ef9e5f3917ee5cec0b41662?s=96&d=mm&r=g","contentUrl":"https:\/\/secure.gravatar.com\/avatar\/e4bde87cb0016e1f94b62d02932290f9440405440ef9e5f3917ee5cec0b41662?s=96&d=mm&r=g","caption":"SPB"},"sameAs":["https:\/\/blog.spbinvest.hu"],"url":"https:\/\/blog.spbinvest.hu\/?author=1"}]}},"_links":{"self":[{"href":"https:\/\/blog.spbinvest.hu\/index.php?rest_route=\/wp\/v2\/posts\/2142","targetHints":{"allow":["GET"]}}],"collection":[{"href":"https:\/\/blog.spbinvest.hu\/index.php?rest_route=\/wp\/v2\/posts"}],"about":[{"href":"https:\/\/blog.spbinvest.hu\/index.php?rest_route=\/wp\/v2\/types\/post"}],"author":[{"embeddable":true,"href":"https:\/\/blog.spbinvest.hu\/index.php?rest_route=\/wp\/v2\/users\/1"}],"replies":[{"embeddable":true,"href":"https:\/\/blog.spbinvest.hu\/index.php?rest_route=%2Fwp%2Fv2%2Fcomments&post=2142"}],"version-history":[{"count":3,"href":"https:\/\/blog.spbinvest.hu\/index.php?rest_route=\/wp\/v2\/posts\/2142\/revisions"}],"predecessor-version":[{"id":2146,"href":"https:\/\/blog.spbinvest.hu\/index.php?rest_route=\/wp\/v2\/posts\/2142\/revisions\/2146"}],"wp:featuredmedia":[{"embeddable":true,"href":"https:\/\/blog.spbinvest.hu\/index.php?rest_route=\/wp\/v2\/media\/2143"}],"wp:attachment":[{"href":"https:\/\/blog.spbinvest.hu\/index.php?rest_route=%2Fwp%2Fv2%2Fmedia&parent=2142"}],"wp:term":[{"taxonomy":"category","embeddable":true,"href":"https:\/\/blog.spbinvest.hu\/index.php?rest_route=%2Fwp%2Fv2%2Fcategories&post=2142"},{"taxonomy":"post_tag","embeddable":true,"href":"https:\/\/blog.spbinvest.hu\/index.php?rest_route=%2Fwp%2Fv2%2Ftags&post=2142"}],"curies":[{"name":"wp","href":"https:\/\/api.w.org\/{rel}","templated":true}]}}