{"id":1789,"date":"2023-03-09T12:12:40","date_gmt":"2023-03-09T12:12:40","guid":{"rendered":"https:\/\/blog.spbinvest.hu\/?p=1789"},"modified":"2023-03-09T12:12:40","modified_gmt":"2023-03-09T12:12:40","slug":"teslat-fel-aron-vg-hu-cikk","status":"publish","type":"post","link":"https:\/\/blog.spbinvest.hu\/?p=1789","title":{"rendered":"Tesl\u00e1t f\u00e9l \u00e1ron?! VG.hu cikk"},"content":{"rendered":"<div class=\"x1e56ztr\"><span class=\"x193iq5w xeuugli x13faqbe x1vvkbs x1xmvt09 x6prxxf xvq8zen xo1l8bm xzsf02u\">A jelenlegi \u00e1rfolyamon a v\u00e1llalat t\u00fal\u00e1razott, \u00edgy els\u0151sorban a kock\u00e1zatt\u0171r\u0151 befektet\u0151knek \u00e9rdemes figyelemmel k\u00eds\u00e9rni\u00fck az elektromosaut\u00f3-gy\u00e1rt\u00f3 j\u00f6v\u0151j\u00e9t.<\/span><\/div>\n<div class=\"x1e56ztr\"><span class=\"x193iq5w xeuugli x13faqbe x1vvkbs x1xmvt09 x6prxxf xvq8zen xo1l8bm xzsf02u\">A cikk szerz\u0151je L\u00e1ng Andr\u00e1s, az SPB Befektet\u00e9si Zrt. priv\u00e1tbank\u00e1ra<\/span><\/div>\n<div>\nId\u00e9n m\u00e1rcius elsej\u00e9n lezajlott a Tesla el\u0151sz\u00f6r megrendezett befektet\u0151i napja, amit a r\u00e9szv\u00e9nyesek izgatottan v\u00e1rtak. Az esem\u00e9nyen a menedzsment bemutatta a Tesla j\u00f6v\u0151beni terveit, amelyek azonban elmaradtak az esem\u00e9ny el\u0151tt beharangozott \u00edg\u00e9retekt\u0151l.<\/div>\n<div>\n<p>A n\u00e9gy \u00f3ra hossz\u00fa el\u0151ad\u00e1s a vil\u00e1g fenntarthat\u00f3 energi\u00e1ra val\u00f3 \u00e1t\u00e1ll\u00e1s\u00e1r\u00f3l \u00e9s a c\u00e9g gy\u00e1rt\u00e1si hat\u00e9konys\u00e1g\u00e1r\u00f3l sz\u00f3lt. A befektet\u0151i nap z\u00e1r\u00e1sak\u00e9nt a c\u00e9g vez\u00e9rigazgat\u00f3ja, Elon Musk \u00e9s a menedzsment l\u00e9pett a sz\u00ednpadra, \u00e9s meger\u0151s\u00edtett\u00e9k a h\u00edresztel\u00e9st, amely szerint Mexik\u00f3ban \u00e9p\u00fcl a Tesla leg\u00fajabb gigagy\u00e1ra.<\/p>\n<p>A teljes cikk ide kattintva tekinthet\u0151 meg:<br \/>\n<a href=\"https:\/\/www.vg.hu\/penz-es-tokepiac\/2023\/03\/teslat-fel-aron\">https:\/\/www.vg.hu\/penz-es-tokepiac\/2023\/03\/teslat-fel-aron<\/a><\/p>\n<\/div>\n<div><\/div>\n<div>\n<p>\u00a0<\/p>\n<\/div>\n","protected":false},"excerpt":{"rendered":"<p>A jelenlegi \u00e1rfolyamon a v\u00e1llalat t\u00fal\u00e1razott, \u00edgy els\u0151sorban a kock\u00e1zatt\u0171r\u0151 befektet\u0151knek \u00e9rdemes figyelemmel k\u00eds\u00e9rni\u00fck az elektromosaut\u00f3-gy\u00e1rt\u00f3 j\u00f6v\u0151j\u00e9t. A cikk szerz\u0151je L\u00e1ng Andr\u00e1s, az SPB Befektet\u00e9si Zrt. priv\u00e1tbank\u00e1ra Id\u00e9n m\u00e1rcius elsej\u00e9n lezajlott a Tesla el\u0151sz\u00f6r megrendezett befektet\u0151i napja, amit a r\u00e9szv\u00e9nyesek izgatottan v\u00e1rtak. Az esem\u00e9nyen a menedzsment bemutatta a Tesla j\u00f6v\u0151beni terveit, amelyek azonban elmaradtak az&#8230;<\/p>\n","protected":false},"author":1,"featured_media":1791,"comment_status":"closed","ping_status":"open","sticky":false,"template":"","format":"standard","meta":{"footnotes":""},"categories":[28,35,5,2,24],"tags":[],"class_list":["post-1789","post","type-post","status-publish","format-standard","has-post-thumbnail","hentry","category-befektetes","category-elemzes","category-lifestyle","category-reszveny","category-spb"],"yoast_head":"<!-- This site is optimized with the Yoast SEO plugin v27.5 - https:\/\/yoast.com\/product\/yoast-seo-wordpress\/ -->\n<title>Tesl\u00e1t f\u00e9l \u00e1ron?! VG.hu cikk - SPB Blog<\/title>\n<meta name=\"robots\" content=\"index, follow, max-snippet:-1, max-image-preview:large, max-video-preview:-1\" \/>\n<link rel=\"canonical\" href=\"https:\/\/blog.spbinvest.hu\/?p=1789\" \/>\n<meta property=\"og:locale\" content=\"hu_HU\" \/>\n<meta property=\"og:type\" content=\"article\" \/>\n<meta property=\"og:title\" content=\"Tesl\u00e1t f\u00e9l \u00e1ron?! VG.hu cikk\" \/>\n<meta property=\"og:description\" content=\"A jelenlegi \u00e1rfolyamon a v\u00e1llalat t\u00fal\u00e1razott, \u00edgy els\u0151sorban a kock\u00e1zatt\u0171r\u0151 befektet\u0151knek \u00e9rdemes figyelemmel k\u00eds\u00e9rni\u00fck az elektromosaut\u00f3-gy\u00e1rt\u00f3 j\u00f6v\u0151j\u00e9t. A cikk szerz\u0151je L\u00e1ng Andr\u00e1s, az SPB Befektet\u00e9si Zrt. priv\u00e1tbank\u00e1ra Id\u00e9n m\u00e1rcius elsej\u00e9n lezajlott a Tesla el\u0151sz\u00f6r megrendezett befektet\u0151i napja, amit a r\u00e9szv\u00e9nyesek izgatottan v\u00e1rtak. Az esem\u00e9nyen a menedzsment bemutatta a Tesla j\u00f6v\u0151beni terveit, amelyek azonban elmaradtak az...\" \/>\n<meta property=\"og:url\" content=\"https:\/\/blog.spbinvest.hu\/?p=1789\" \/>\n<meta property=\"og:site_name\" content=\"SPB Blog\" \/>\n<meta property=\"article:published_time\" content=\"2023-03-09T12:12:40+00:00\" \/>\n<meta property=\"og:image\" content=\"https:\/\/blog.spbinvest.hu\/wp-content\/uploads\/2023\/03\/spb-lang-andras.png\" \/>\n\t<meta property=\"og:image:width\" content=\"494\" \/>\n\t<meta property=\"og:image:height\" content=\"255\" \/>\n\t<meta property=\"og:image:type\" content=\"image\/png\" \/>\n<meta name=\"author\" content=\"SPB\" \/>\n<meta name=\"twitter:card\" content=\"summary_large_image\" \/>\n<meta name=\"twitter:label1\" content=\"Szerz\u0151:\" \/>\n\t<meta name=\"twitter:data1\" content=\"SPB\" \/>\n\t<meta name=\"twitter:label2\" content=\"Becs\u00fclt olvas\u00e1si id\u0151\" \/>\n\t<meta name=\"twitter:data2\" content=\"1 perc\" \/>\n<script type=\"application\/ld+json\" class=\"yoast-schema-graph\">{\"@context\":\"https:\\\/\\\/schema.org\",\"@graph\":[{\"@type\":\"Article\",\"@id\":\"https:\\\/\\\/blog.spbinvest.hu\\\/?p=1789#article\",\"isPartOf\":{\"@id\":\"https:\\\/\\\/blog.spbinvest.hu\\\/?p=1789\"},\"author\":{\"name\":\"SPB\",\"@id\":\"https:\\\/\\\/blog.spbinvest.hu\\\/#\\\/schema\\\/person\\\/d5af847b20d61bf27bae3db50d6247f7\"},\"headline\":\"Tesl\u00e1t f\u00e9l \u00e1ron?! VG.hu cikk\",\"datePublished\":\"2023-03-09T12:12:40+00:00\",\"mainEntityOfPage\":{\"@id\":\"https:\\\/\\\/blog.spbinvest.hu\\\/?p=1789\"},\"wordCount\":197,\"image\":{\"@id\":\"https:\\\/\\\/blog.spbinvest.hu\\\/?p=1789#primaryimage\"},\"thumbnailUrl\":\"https:\\\/\\\/blog.spbinvest.hu\\\/wp-content\\\/uploads\\\/2023\\\/03\\\/spb-lang-andras-1.png\",\"articleSection\":[\"Befektet\u00e9s\",\"Elemz\u00e9s\",\"Lifestyle\",\"R\u00e9szv\u00e9ny\",\"SPB\"],\"inLanguage\":\"hu\"},{\"@type\":\"WebPage\",\"@id\":\"https:\\\/\\\/blog.spbinvest.hu\\\/?p=1789\",\"url\":\"https:\\\/\\\/blog.spbinvest.hu\\\/?p=1789\",\"name\":\"Tesl\u00e1t f\u00e9l \u00e1ron?! VG.hu cikk - SPB Blog\",\"isPartOf\":{\"@id\":\"https:\\\/\\\/blog.spbinvest.hu\\\/#website\"},\"primaryImageOfPage\":{\"@id\":\"https:\\\/\\\/blog.spbinvest.hu\\\/?p=1789#primaryimage\"},\"image\":{\"@id\":\"https:\\\/\\\/blog.spbinvest.hu\\\/?p=1789#primaryimage\"},\"thumbnailUrl\":\"https:\\\/\\\/blog.spbinvest.hu\\\/wp-content\\\/uploads\\\/2023\\\/03\\\/spb-lang-andras-1.png\",\"datePublished\":\"2023-03-09T12:12:40+00:00\",\"author\":{\"@id\":\"https:\\\/\\\/blog.spbinvest.hu\\\/#\\\/schema\\\/person\\\/d5af847b20d61bf27bae3db50d6247f7\"},\"breadcrumb\":{\"@id\":\"https:\\\/\\\/blog.spbinvest.hu\\\/?p=1789#breadcrumb\"},\"inLanguage\":\"hu\",\"potentialAction\":[{\"@type\":\"ReadAction\",\"target\":[\"https:\\\/\\\/blog.spbinvest.hu\\\/?p=1789\"]}]},{\"@type\":\"ImageObject\",\"inLanguage\":\"hu\",\"@id\":\"https:\\\/\\\/blog.spbinvest.hu\\\/?p=1789#primaryimage\",\"url\":\"https:\\\/\\\/blog.spbinvest.hu\\\/wp-content\\\/uploads\\\/2023\\\/03\\\/spb-lang-andras-1.png\",\"contentUrl\":\"https:\\\/\\\/blog.spbinvest.hu\\\/wp-content\\\/uploads\\\/2023\\\/03\\\/spb-lang-andras-1.png\",\"width\":494,\"height\":255},{\"@type\":\"BreadcrumbList\",\"@id\":\"https:\\\/\\\/blog.spbinvest.hu\\\/?p=1789#breadcrumb\",\"itemListElement\":[{\"@type\":\"ListItem\",\"position\":1,\"name\":\"Kezd\u0151lap\",\"item\":\"https:\\\/\\\/blog.spbinvest.hu\\\/\"},{\"@type\":\"ListItem\",\"position\":2,\"name\":\"Tesl\u00e1t f\u00e9l \u00e1ron?! VG.hu cikk\"}]},{\"@type\":\"WebSite\",\"@id\":\"https:\\\/\\\/blog.spbinvest.hu\\\/#website\",\"url\":\"https:\\\/\\\/blog.spbinvest.hu\\\/\",\"name\":\"SPB Blog\",\"description\":\"\",\"potentialAction\":[{\"@type\":\"SearchAction\",\"target\":{\"@type\":\"EntryPoint\",\"urlTemplate\":\"https:\\\/\\\/blog.spbinvest.hu\\\/?s={search_term_string}\"},\"query-input\":{\"@type\":\"PropertyValueSpecification\",\"valueRequired\":true,\"valueName\":\"search_term_string\"}}],\"inLanguage\":\"hu\"},{\"@type\":\"Person\",\"@id\":\"https:\\\/\\\/blog.spbinvest.hu\\\/#\\\/schema\\\/person\\\/d5af847b20d61bf27bae3db50d6247f7\",\"name\":\"SPB\",\"image\":{\"@type\":\"ImageObject\",\"inLanguage\":\"hu\",\"@id\":\"https:\\\/\\\/secure.gravatar.com\\\/avatar\\\/e4bde87cb0016e1f94b62d02932290f9440405440ef9e5f3917ee5cec0b41662?s=96&d=mm&r=g\",\"url\":\"https:\\\/\\\/secure.gravatar.com\\\/avatar\\\/e4bde87cb0016e1f94b62d02932290f9440405440ef9e5f3917ee5cec0b41662?s=96&d=mm&r=g\",\"contentUrl\":\"https:\\\/\\\/secure.gravatar.com\\\/avatar\\\/e4bde87cb0016e1f94b62d02932290f9440405440ef9e5f3917ee5cec0b41662?s=96&d=mm&r=g\",\"caption\":\"SPB\"},\"sameAs\":[\"https:\\\/\\\/blog.spbinvest.hu\"],\"url\":\"https:\\\/\\\/blog.spbinvest.hu\\\/?author=1\"}]}<\/script>\n<!-- \/ Yoast SEO plugin. -->","yoast_head_json":{"title":"Tesl\u00e1t f\u00e9l \u00e1ron?! VG.hu cikk - SPB Blog","robots":{"index":"index","follow":"follow","max-snippet":"max-snippet:-1","max-image-preview":"max-image-preview:large","max-video-preview":"max-video-preview:-1"},"canonical":"https:\/\/blog.spbinvest.hu\/?p=1789","og_locale":"hu_HU","og_type":"article","og_title":"Tesl\u00e1t f\u00e9l \u00e1ron?! VG.hu cikk","og_description":"A jelenlegi \u00e1rfolyamon a v\u00e1llalat t\u00fal\u00e1razott, \u00edgy els\u0151sorban a kock\u00e1zatt\u0171r\u0151 befektet\u0151knek \u00e9rdemes figyelemmel k\u00eds\u00e9rni\u00fck az elektromosaut\u00f3-gy\u00e1rt\u00f3 j\u00f6v\u0151j\u00e9t. A cikk szerz\u0151je L\u00e1ng Andr\u00e1s, az SPB Befektet\u00e9si Zrt. priv\u00e1tbank\u00e1ra Id\u00e9n m\u00e1rcius elsej\u00e9n lezajlott a Tesla el\u0151sz\u00f6r megrendezett befektet\u0151i napja, amit a r\u00e9szv\u00e9nyesek izgatottan v\u00e1rtak. Az esem\u00e9nyen a menedzsment bemutatta a Tesla j\u00f6v\u0151beni terveit, amelyek azonban elmaradtak az...","og_url":"https:\/\/blog.spbinvest.hu\/?p=1789","og_site_name":"SPB Blog","article_published_time":"2023-03-09T12:12:40+00:00","og_image":[{"width":494,"height":255,"url":"https:\/\/blog.spbinvest.hu\/wp-content\/uploads\/2023\/03\/spb-lang-andras.png","type":"image\/png"}],"author":"SPB","twitter_card":"summary_large_image","twitter_misc":{"Szerz\u0151:":"SPB","Becs\u00fclt olvas\u00e1si id\u0151":"1 perc"},"schema":{"@context":"https:\/\/schema.org","@graph":[{"@type":"Article","@id":"https:\/\/blog.spbinvest.hu\/?p=1789#article","isPartOf":{"@id":"https:\/\/blog.spbinvest.hu\/?p=1789"},"author":{"name":"SPB","@id":"https:\/\/blog.spbinvest.hu\/#\/schema\/person\/d5af847b20d61bf27bae3db50d6247f7"},"headline":"Tesl\u00e1t f\u00e9l \u00e1ron?! VG.hu cikk","datePublished":"2023-03-09T12:12:40+00:00","mainEntityOfPage":{"@id":"https:\/\/blog.spbinvest.hu\/?p=1789"},"wordCount":197,"image":{"@id":"https:\/\/blog.spbinvest.hu\/?p=1789#primaryimage"},"thumbnailUrl":"https:\/\/blog.spbinvest.hu\/wp-content\/uploads\/2023\/03\/spb-lang-andras-1.png","articleSection":["Befektet\u00e9s","Elemz\u00e9s","Lifestyle","R\u00e9szv\u00e9ny","SPB"],"inLanguage":"hu"},{"@type":"WebPage","@id":"https:\/\/blog.spbinvest.hu\/?p=1789","url":"https:\/\/blog.spbinvest.hu\/?p=1789","name":"Tesl\u00e1t f\u00e9l \u00e1ron?! VG.hu cikk - SPB Blog","isPartOf":{"@id":"https:\/\/blog.spbinvest.hu\/#website"},"primaryImageOfPage":{"@id":"https:\/\/blog.spbinvest.hu\/?p=1789#primaryimage"},"image":{"@id":"https:\/\/blog.spbinvest.hu\/?p=1789#primaryimage"},"thumbnailUrl":"https:\/\/blog.spbinvest.hu\/wp-content\/uploads\/2023\/03\/spb-lang-andras-1.png","datePublished":"2023-03-09T12:12:40+00:00","author":{"@id":"https:\/\/blog.spbinvest.hu\/#\/schema\/person\/d5af847b20d61bf27bae3db50d6247f7"},"breadcrumb":{"@id":"https:\/\/blog.spbinvest.hu\/?p=1789#breadcrumb"},"inLanguage":"hu","potentialAction":[{"@type":"ReadAction","target":["https:\/\/blog.spbinvest.hu\/?p=1789"]}]},{"@type":"ImageObject","inLanguage":"hu","@id":"https:\/\/blog.spbinvest.hu\/?p=1789#primaryimage","url":"https:\/\/blog.spbinvest.hu\/wp-content\/uploads\/2023\/03\/spb-lang-andras-1.png","contentUrl":"https:\/\/blog.spbinvest.hu\/wp-content\/uploads\/2023\/03\/spb-lang-andras-1.png","width":494,"height":255},{"@type":"BreadcrumbList","@id":"https:\/\/blog.spbinvest.hu\/?p=1789#breadcrumb","itemListElement":[{"@type":"ListItem","position":1,"name":"Kezd\u0151lap","item":"https:\/\/blog.spbinvest.hu\/"},{"@type":"ListItem","position":2,"name":"Tesl\u00e1t f\u00e9l \u00e1ron?! VG.hu cikk"}]},{"@type":"WebSite","@id":"https:\/\/blog.spbinvest.hu\/#website","url":"https:\/\/blog.spbinvest.hu\/","name":"SPB Blog","description":"","potentialAction":[{"@type":"SearchAction","target":{"@type":"EntryPoint","urlTemplate":"https:\/\/blog.spbinvest.hu\/?s={search_term_string}"},"query-input":{"@type":"PropertyValueSpecification","valueRequired":true,"valueName":"search_term_string"}}],"inLanguage":"hu"},{"@type":"Person","@id":"https:\/\/blog.spbinvest.hu\/#\/schema\/person\/d5af847b20d61bf27bae3db50d6247f7","name":"SPB","image":{"@type":"ImageObject","inLanguage":"hu","@id":"https:\/\/secure.gravatar.com\/avatar\/e4bde87cb0016e1f94b62d02932290f9440405440ef9e5f3917ee5cec0b41662?s=96&d=mm&r=g","url":"https:\/\/secure.gravatar.com\/avatar\/e4bde87cb0016e1f94b62d02932290f9440405440ef9e5f3917ee5cec0b41662?s=96&d=mm&r=g","contentUrl":"https:\/\/secure.gravatar.com\/avatar\/e4bde87cb0016e1f94b62d02932290f9440405440ef9e5f3917ee5cec0b41662?s=96&d=mm&r=g","caption":"SPB"},"sameAs":["https:\/\/blog.spbinvest.hu"],"url":"https:\/\/blog.spbinvest.hu\/?author=1"}]}},"_links":{"self":[{"href":"https:\/\/blog.spbinvest.hu\/index.php?rest_route=\/wp\/v2\/posts\/1789","targetHints":{"allow":["GET"]}}],"collection":[{"href":"https:\/\/blog.spbinvest.hu\/index.php?rest_route=\/wp\/v2\/posts"}],"about":[{"href":"https:\/\/blog.spbinvest.hu\/index.php?rest_route=\/wp\/v2\/types\/post"}],"author":[{"embeddable":true,"href":"https:\/\/blog.spbinvest.hu\/index.php?rest_route=\/wp\/v2\/users\/1"}],"replies":[{"embeddable":true,"href":"https:\/\/blog.spbinvest.hu\/index.php?rest_route=%2Fwp%2Fv2%2Fcomments&post=1789"}],"version-history":[{"count":1,"href":"https:\/\/blog.spbinvest.hu\/index.php?rest_route=\/wp\/v2\/posts\/1789\/revisions"}],"predecessor-version":[{"id":1792,"href":"https:\/\/blog.spbinvest.hu\/index.php?rest_route=\/wp\/v2\/posts\/1789\/revisions\/1792"}],"wp:featuredmedia":[{"embeddable":true,"href":"https:\/\/blog.spbinvest.hu\/index.php?rest_route=\/wp\/v2\/media\/1791"}],"wp:attachment":[{"href":"https:\/\/blog.spbinvest.hu\/index.php?rest_route=%2Fwp%2Fv2%2Fmedia&parent=1789"}],"wp:term":[{"taxonomy":"category","embeddable":true,"href":"https:\/\/blog.spbinvest.hu\/index.php?rest_route=%2Fwp%2Fv2%2Fcategories&post=1789"},{"taxonomy":"post_tag","embeddable":true,"href":"https:\/\/blog.spbinvest.hu\/index.php?rest_route=%2Fwp%2Fv2%2Ftags&post=1789"}],"curies":[{"name":"wp","href":"https:\/\/api.w.org\/{rel}","templated":true}]}}