{"id":1004,"date":"2022-01-19T15:48:18","date_gmt":"2022-01-19T15:48:18","guid":{"rendered":"https:\/\/blog.spbinvest.hu\/?p=1004"},"modified":"2022-01-19T15:48:18","modified_gmt":"2022-01-19T15:48:18","slug":"szintelen-szagtalan-megis-kivalo-befektetes-a-hidrogen","status":"publish","type":"post","link":"https:\/\/blog.spbinvest.hu\/?p=1004","title":{"rendered":"Sz\u00edntelen, szagtalan, m\u00e9gis kiv\u00e1l\u00f3 befektet\u00e9s a hidrog\u00e9n"},"content":{"rendered":"<p>A hidrog\u00e9n a peri\u00f3dusos rendszer els\u0151 eleme, sz\u00edntelen, szagtalan, nem m\u00e9rgez\u0151 g\u00e1z, amely nagy energiafelszabadul\u00e1ssal j\u00e1r\u00f3 reakci\u00f3ban v\u00edzz\u00e9 \u00e9g el. V\u00e9gzett m\u00e9rn\u00f6kk\u00e9nt k\u00fcl\u00f6n\u00f6sen \u00e9rdekelnek a technol\u00f3giai befektet\u00e9sek.<\/p>\n<p>Nagyon csod\u00e1lkozom azon, hogy mik\u00f6zben mindenki a fenntarthat\u00f3s\u00e1gr\u00f3l \u2013 divatos nev\u00e9n az ESG-r\u0151l \u2013 besz\u00e9l, \u00e9s a vil\u00e1g a kl\u00edmav\u00e1ltoz\u00e1s ellen harcol, csak tavaly lett befektet\u00e9si trend a hidrog\u00e9n, amely egy tiszta, k\u00f6rnyezetk\u00edm\u00e9l\u0151 energiaforr\u00e1s.<\/p>\n<p>Mik\u00f6zben rengeteg p\u00e9nz folyik az elektromosaut\u00f3-gy\u00e1rt\u00e1sba \u2013 \u00e9s k\u00f6zben \u00e1ltal\u00e1ban nem esik sz\u00f3 az elektromos \u00e1ram el\u0151\u00e1ll\u00edt\u00e1s\u00e1nak m\u00f3dj\u00e1r\u00f3l \u2013, addig a korm\u00e1nyok \u00e9s a nagybefektet\u0151k csak mostan\u00e1ban kezdenek inveszt\u00e1lni a hidrog\u00e9nnel kapcsolatos ipar\u00e1gakba. Term\u00e9szetesen rengeteg probl\u00e9m\u00e1t kell m\u00e9g megoldani technol\u00f3giai oldalr\u00f3l \u2013 p\u00e9ld\u00e1ul a hidrog\u00e9n sz\u00e1ll\u00edt\u00e1s\u00e1t \u2013, de megk\u00e9rd\u0151jelezhetetlen, hogy enn\u00e9l tiszt\u00e1bb energiaforr\u00e1s nem l\u00e9tezik: k\u00e9t hidrog\u00e9natomot oxig\u00e9nnel \u00f6sszeengedve energia szabadul fel, \u00e9s emellett csak v\u00edz keletkezik, semmi k\u00e1ros kibocs\u00e1t\u00e1s.<\/p>\n<p>Az elektrol\u00edzis folyam\u00e1n keletkez\u0151 g\u00e1znak sz\u00e1mos alkalmaz\u00e1si ter\u00fclete van. Fontos szerepe lehet p\u00e9ld\u00e1ul az energiat\u00e1rol\u00e1s ter\u00fclet\u00e9n, hiszen a felesleges nap- \u00e9s sz\u00e9lenergia felhaszn\u00e1lhat\u00f3 a hidrog\u00e9ngy\u00e1rt\u00e1shoz is, \u00e9s az \u00edgy el\u0151\u00e1ll\u00edtott hidrog\u00e9n hajtja majd a vonatokat, a haj\u00f3kat, az aut\u00f3kat vagy a kamionokat. Szakemberek szerint a kl\u00edmafordulatot hidrog\u00e9n n\u00e9lk\u00fcl nem lehet el\u00e9rni, ennek ellen\u00e9re jelenleg vil\u00e1gszerte csak h\u00fasz orsz\u00e1gnak van H2-koncepci\u00f3ja, 37 milli\u00e1rd eur\u00f3 \u00e1llami \u00e9s 300 milli\u00e1rd eur\u00f3 mag\u00e1nbefektet\u00e9ssel.<\/p>\n<figure class=\"image image_resized\"><img decoding=\"async\" src=\"https:\/\/cdn.vg.hu\/2022\/01\/YutWOFNHoU7re_GXwnXJRz5lFIGE37B-Ufrd69f4x84\/fill\/900\/864\/no\/1\/aHR0cHM6Ly9jbXNjZG4uYXBwLmNvbnRlbnQucHJpdmF0ZS9jb250ZW50LzhhNTlhOGE4ODgwMTQzMDE4ZTNjNGRlMjY3NTQ1YzBj.jpg\" \/><figcaption>Fot\u00f3: VG<\/figcaption><\/figure>\n<p>A vezet\u0151 aut\u00f3gy\u00e1rt\u00f3k t\u00f6bbs\u00e9g\u00e9nek m\u00e1r vannak sz\u00e9ri\u00e1ban gy\u00e1rtott hidrog\u00e9naut\u00f3-modelljei, \u00e9s hamarosan a hazai vas\u00fati k\u00f6zleked\u00e9sben is megjelenhetnek a hidrog\u00e9nhajt\u00e1s\u00fa vonatok, a Mol \u00e9s az Alstom m\u00e1r vizsg\u00e1lja ezek alkalmazhat\u00f3s\u00e1g\u00e1t. Jelenleg ugyan m\u00e9g dr\u00e1ga \u00e9s r\u00e9szben vesz\u00e9lyes is a technol\u00f3gia, de l\u00e1thatjuk, hogy a j\u00f6v\u0151 a z\u00f6ldhidrog\u00e9n\u00e9, a kl\u00edmac\u00e9lok ugyanis csak a dekarboniz\u00e1l\u00e1s r\u00e9v\u00e9n \u00e9rhet\u0151k el. Ez\u00e9rt gondolom, hogy jelent\u0151sen emelkedni fog a hidrog\u00e9nnel foglalkoz\u00f3 c\u00e9gek \u00e1rfolyama, \u00edgy vonz\u00f3 befektet\u00e9si c\u00e9lpontokat tal\u00e1lhatunk az egyedi r\u00e9szv\u00e9nyek k\u00f6z\u00f6tt is, de \u00e9rdemes figyelni p\u00e9ld\u00e1ul a Legal & General Hydrogen Economy UCITS t\u0151zsd\u00e9n kereskedett alap teljes\u00edtm\u00e9ny\u00e9t is.<\/p>\n<p>\u00a0<\/p>\n<p>Forr\u00e1s: <a href=\"https:\/\/www.vg.hu\/penz-es-tokepiac\/2022\/01\/szintelen-szagtalan-megis-kivalo-befektetes-a-hidrogen\">https:\/\/www.vg.hu\/penz-es-tokepiac\/2022\/01\/szintelen-szagtalan-megis-kivalo-befektetes-a-hidrogen<\/a><\/p>\n<p>Fot\u00f3: MENG TAO \/ AFP<\/p>\n","protected":false},"excerpt":{"rendered":"<p>A hidrog\u00e9n a peri\u00f3dusos rendszer els\u0151 eleme, sz\u00edntelen, szagtalan, nem m\u00e9rgez\u0151 g\u00e1z, amely nagy energiafelszabadul\u00e1ssal j\u00e1r\u00f3 reakci\u00f3ban v\u00edzz\u00e9 \u00e9g el. V\u00e9gzett m\u00e9rn\u00f6kk\u00e9nt k\u00fcl\u00f6n\u00f6sen \u00e9rdekelnek a technol\u00f3giai befektet\u00e9sek. Nagyon csod\u00e1lkozom azon, hogy mik\u00f6zben mindenki a fenntarthat\u00f3s\u00e1gr\u00f3l \u2013 divatos nev\u00e9n az ESG-r\u0151l \u2013 besz\u00e9l, \u00e9s a vil\u00e1g a kl\u00edmav\u00e1ltoz\u00e1s ellen harcol, csak tavaly lett befektet\u00e9si trend a&#8230;<\/p>\n","protected":false},"author":1,"featured_media":1005,"comment_status":"closed","ping_status":"open","sticky":false,"template":"","format":"standard","meta":{"footnotes":""},"categories":[4,5,25,2,24],"tags":[],"class_list":["post-1004","post","type-post","status-publish","format-standard","has-post-thumbnail","hentry","category-kotveny","category-lifestyle","category-makro","category-reszveny","category-spb"],"yoast_head":"<!-- This site is optimized with the Yoast SEO plugin v27.5 - https:\/\/yoast.com\/product\/yoast-seo-wordpress\/ -->\n<title>Sz\u00edntelen, szagtalan, m\u00e9gis kiv\u00e1l\u00f3 befektet\u00e9s a hidrog\u00e9n - SPB Blog<\/title>\n<meta name=\"description\" content=\"Szakemberek szerint a kl\u00edmafordulatot hidrog\u00e9n n\u00e9lk\u00fcl nem lehet el\u00e9rni, ennek ellen\u00e9re jelenleg vil\u00e1gszerte csak h\u00fasz orsz\u00e1gnak van H2-koncepci\u00f3ja.\" \/>\n<meta name=\"robots\" content=\"index, follow, max-snippet:-1, max-image-preview:large, max-video-preview:-1\" \/>\n<link rel=\"canonical\" href=\"https:\/\/blog.spbinvest.hu\/?p=1004\" \/>\n<meta property=\"og:locale\" content=\"hu_HU\" \/>\n<meta property=\"og:type\" content=\"article\" \/>\n<meta property=\"og:title\" content=\"Sz\u00edntelen, szagtalan, m\u00e9gis kiv\u00e1l\u00f3 befektet\u00e9s a hidrog\u00e9n - SPB Blog\" \/>\n<meta property=\"og:description\" content=\"Szakemberek szerint a kl\u00edmafordulatot hidrog\u00e9n n\u00e9lk\u00fcl nem lehet el\u00e9rni, ennek ellen\u00e9re jelenleg vil\u00e1gszerte csak h\u00fasz orsz\u00e1gnak van H2-koncepci\u00f3ja.\" \/>\n<meta property=\"og:url\" content=\"https:\/\/blog.spbinvest.hu\/?p=1004\" \/>\n<meta property=\"og:site_name\" content=\"SPB Blog\" \/>\n<meta property=\"article:published_time\" content=\"2022-01-19T15:48:18+00:00\" \/>\n<meta property=\"og:image\" content=\"https:\/\/blog.spbinvest.hu\/wp-content\/uploads\/2022\/01\/vilaggazdasag_2022_01_19.jpg\" \/>\n\t<meta property=\"og:image:width\" content=\"2000\" \/>\n\t<meta property=\"og:image:height\" content=\"1333\" \/>\n\t<meta property=\"og:image:type\" content=\"image\/jpeg\" \/>\n<meta name=\"author\" content=\"SPB\" \/>\n<meta name=\"twitter:card\" content=\"summary_large_image\" \/>\n<meta name=\"twitter:label1\" content=\"Szerz\u0151:\" \/>\n\t<meta name=\"twitter:data1\" content=\"SPB\" \/>\n\t<meta name=\"twitter:label2\" content=\"Becs\u00fclt olvas\u00e1si id\u0151\" \/>\n\t<meta name=\"twitter:data2\" content=\"2 perc\" \/>\n<script type=\"application\/ld+json\" class=\"yoast-schema-graph\">{\"@context\":\"https:\\\/\\\/schema.org\",\"@graph\":[{\"@type\":\"Article\",\"@id\":\"https:\\\/\\\/blog.spbinvest.hu\\\/?p=1004#article\",\"isPartOf\":{\"@id\":\"https:\\\/\\\/blog.spbinvest.hu\\\/?p=1004\"},\"author\":{\"name\":\"SPB\",\"@id\":\"https:\\\/\\\/blog.spbinvest.hu\\\/#\\\/schema\\\/person\\\/d5af847b20d61bf27bae3db50d6247f7\"},\"headline\":\"Sz\u00edntelen, szagtalan, m\u00e9gis kiv\u00e1l\u00f3 befektet\u00e9s a hidrog\u00e9n\",\"datePublished\":\"2022-01-19T15:48:18+00:00\",\"mainEntityOfPage\":{\"@id\":\"https:\\\/\\\/blog.spbinvest.hu\\\/?p=1004\"},\"wordCount\":486,\"image\":{\"@id\":\"https:\\\/\\\/blog.spbinvest.hu\\\/?p=1004#primaryimage\"},\"thumbnailUrl\":\"https:\\\/\\\/blog.spbinvest.hu\\\/wp-content\\\/uploads\\\/2022\\\/01\\\/vilaggazdasag_2022_01_19.jpg\",\"articleSection\":[\"K\u00f6tv\u00e9ny\",\"Lifestyle\",\"Makr\u00f3\",\"R\u00e9szv\u00e9ny\",\"SPB\"],\"inLanguage\":\"hu\"},{\"@type\":\"WebPage\",\"@id\":\"https:\\\/\\\/blog.spbinvest.hu\\\/?p=1004\",\"url\":\"https:\\\/\\\/blog.spbinvest.hu\\\/?p=1004\",\"name\":\"Sz\u00edntelen, szagtalan, m\u00e9gis kiv\u00e1l\u00f3 befektet\u00e9s a hidrog\u00e9n - SPB Blog\",\"isPartOf\":{\"@id\":\"https:\\\/\\\/blog.spbinvest.hu\\\/#website\"},\"primaryImageOfPage\":{\"@id\":\"https:\\\/\\\/blog.spbinvest.hu\\\/?p=1004#primaryimage\"},\"image\":{\"@id\":\"https:\\\/\\\/blog.spbinvest.hu\\\/?p=1004#primaryimage\"},\"thumbnailUrl\":\"https:\\\/\\\/blog.spbinvest.hu\\\/wp-content\\\/uploads\\\/2022\\\/01\\\/vilaggazdasag_2022_01_19.jpg\",\"datePublished\":\"2022-01-19T15:48:18+00:00\",\"author\":{\"@id\":\"https:\\\/\\\/blog.spbinvest.hu\\\/#\\\/schema\\\/person\\\/d5af847b20d61bf27bae3db50d6247f7\"},\"description\":\"Szakemberek szerint a kl\u00edmafordulatot hidrog\u00e9n n\u00e9lk\u00fcl nem lehet el\u00e9rni, ennek ellen\u00e9re jelenleg vil\u00e1gszerte csak h\u00fasz orsz\u00e1gnak van H2-koncepci\u00f3ja.\",\"breadcrumb\":{\"@id\":\"https:\\\/\\\/blog.spbinvest.hu\\\/?p=1004#breadcrumb\"},\"inLanguage\":\"hu\",\"potentialAction\":[{\"@type\":\"ReadAction\",\"target\":[\"https:\\\/\\\/blog.spbinvest.hu\\\/?p=1004\"]}]},{\"@type\":\"ImageObject\",\"inLanguage\":\"hu\",\"@id\":\"https:\\\/\\\/blog.spbinvest.hu\\\/?p=1004#primaryimage\",\"url\":\"https:\\\/\\\/blog.spbinvest.hu\\\/wp-content\\\/uploads\\\/2022\\\/01\\\/vilaggazdasag_2022_01_19.jpg\",\"contentUrl\":\"https:\\\/\\\/blog.spbinvest.hu\\\/wp-content\\\/uploads\\\/2022\\\/01\\\/vilaggazdasag_2022_01_19.jpg\",\"width\":2000,\"height\":1333},{\"@type\":\"BreadcrumbList\",\"@id\":\"https:\\\/\\\/blog.spbinvest.hu\\\/?p=1004#breadcrumb\",\"itemListElement\":[{\"@type\":\"ListItem\",\"position\":1,\"name\":\"Kezd\u0151lap\",\"item\":\"https:\\\/\\\/blog.spbinvest.hu\\\/\"},{\"@type\":\"ListItem\",\"position\":2,\"name\":\"Sz\u00edntelen, szagtalan, m\u00e9gis kiv\u00e1l\u00f3 befektet\u00e9s a hidrog\u00e9n\"}]},{\"@type\":\"WebSite\",\"@id\":\"https:\\\/\\\/blog.spbinvest.hu\\\/#website\",\"url\":\"https:\\\/\\\/blog.spbinvest.hu\\\/\",\"name\":\"SPB Blog\",\"description\":\"\",\"potentialAction\":[{\"@type\":\"SearchAction\",\"target\":{\"@type\":\"EntryPoint\",\"urlTemplate\":\"https:\\\/\\\/blog.spbinvest.hu\\\/?s={search_term_string}\"},\"query-input\":{\"@type\":\"PropertyValueSpecification\",\"valueRequired\":true,\"valueName\":\"search_term_string\"}}],\"inLanguage\":\"hu\"},{\"@type\":\"Person\",\"@id\":\"https:\\\/\\\/blog.spbinvest.hu\\\/#\\\/schema\\\/person\\\/d5af847b20d61bf27bae3db50d6247f7\",\"name\":\"SPB\",\"image\":{\"@type\":\"ImageObject\",\"inLanguage\":\"hu\",\"@id\":\"https:\\\/\\\/secure.gravatar.com\\\/avatar\\\/e4bde87cb0016e1f94b62d02932290f9440405440ef9e5f3917ee5cec0b41662?s=96&d=mm&r=g\",\"url\":\"https:\\\/\\\/secure.gravatar.com\\\/avatar\\\/e4bde87cb0016e1f94b62d02932290f9440405440ef9e5f3917ee5cec0b41662?s=96&d=mm&r=g\",\"contentUrl\":\"https:\\\/\\\/secure.gravatar.com\\\/avatar\\\/e4bde87cb0016e1f94b62d02932290f9440405440ef9e5f3917ee5cec0b41662?s=96&d=mm&r=g\",\"caption\":\"SPB\"},\"sameAs\":[\"https:\\\/\\\/blog.spbinvest.hu\"],\"url\":\"https:\\\/\\\/blog.spbinvest.hu\\\/?author=1\"}]}<\/script>\n<!-- \/ Yoast SEO plugin. -->","yoast_head_json":{"title":"Sz\u00edntelen, szagtalan, m\u00e9gis kiv\u00e1l\u00f3 befektet\u00e9s a hidrog\u00e9n - SPB Blog","description":"Szakemberek szerint a kl\u00edmafordulatot hidrog\u00e9n n\u00e9lk\u00fcl nem lehet el\u00e9rni, ennek ellen\u00e9re jelenleg vil\u00e1gszerte csak h\u00fasz orsz\u00e1gnak van H2-koncepci\u00f3ja.","robots":{"index":"index","follow":"follow","max-snippet":"max-snippet:-1","max-image-preview":"max-image-preview:large","max-video-preview":"max-video-preview:-1"},"canonical":"https:\/\/blog.spbinvest.hu\/?p=1004","og_locale":"hu_HU","og_type":"article","og_title":"Sz\u00edntelen, szagtalan, m\u00e9gis kiv\u00e1l\u00f3 befektet\u00e9s a hidrog\u00e9n - SPB Blog","og_description":"Szakemberek szerint a kl\u00edmafordulatot hidrog\u00e9n n\u00e9lk\u00fcl nem lehet el\u00e9rni, ennek ellen\u00e9re jelenleg vil\u00e1gszerte csak h\u00fasz orsz\u00e1gnak van H2-koncepci\u00f3ja.","og_url":"https:\/\/blog.spbinvest.hu\/?p=1004","og_site_name":"SPB Blog","article_published_time":"2022-01-19T15:48:18+00:00","og_image":[{"width":2000,"height":1333,"url":"https:\/\/blog.spbinvest.hu\/wp-content\/uploads\/2022\/01\/vilaggazdasag_2022_01_19.jpg","type":"image\/jpeg"}],"author":"SPB","twitter_card":"summary_large_image","twitter_misc":{"Szerz\u0151:":"SPB","Becs\u00fclt olvas\u00e1si id\u0151":"2 perc"},"schema":{"@context":"https:\/\/schema.org","@graph":[{"@type":"Article","@id":"https:\/\/blog.spbinvest.hu\/?p=1004#article","isPartOf":{"@id":"https:\/\/blog.spbinvest.hu\/?p=1004"},"author":{"name":"SPB","@id":"https:\/\/blog.spbinvest.hu\/#\/schema\/person\/d5af847b20d61bf27bae3db50d6247f7"},"headline":"Sz\u00edntelen, szagtalan, m\u00e9gis kiv\u00e1l\u00f3 befektet\u00e9s a hidrog\u00e9n","datePublished":"2022-01-19T15:48:18+00:00","mainEntityOfPage":{"@id":"https:\/\/blog.spbinvest.hu\/?p=1004"},"wordCount":486,"image":{"@id":"https:\/\/blog.spbinvest.hu\/?p=1004#primaryimage"},"thumbnailUrl":"https:\/\/blog.spbinvest.hu\/wp-content\/uploads\/2022\/01\/vilaggazdasag_2022_01_19.jpg","articleSection":["K\u00f6tv\u00e9ny","Lifestyle","Makr\u00f3","R\u00e9szv\u00e9ny","SPB"],"inLanguage":"hu"},{"@type":"WebPage","@id":"https:\/\/blog.spbinvest.hu\/?p=1004","url":"https:\/\/blog.spbinvest.hu\/?p=1004","name":"Sz\u00edntelen, szagtalan, m\u00e9gis kiv\u00e1l\u00f3 befektet\u00e9s a hidrog\u00e9n - SPB Blog","isPartOf":{"@id":"https:\/\/blog.spbinvest.hu\/#website"},"primaryImageOfPage":{"@id":"https:\/\/blog.spbinvest.hu\/?p=1004#primaryimage"},"image":{"@id":"https:\/\/blog.spbinvest.hu\/?p=1004#primaryimage"},"thumbnailUrl":"https:\/\/blog.spbinvest.hu\/wp-content\/uploads\/2022\/01\/vilaggazdasag_2022_01_19.jpg","datePublished":"2022-01-19T15:48:18+00:00","author":{"@id":"https:\/\/blog.spbinvest.hu\/#\/schema\/person\/d5af847b20d61bf27bae3db50d6247f7"},"description":"Szakemberek szerint a kl\u00edmafordulatot hidrog\u00e9n n\u00e9lk\u00fcl nem lehet el\u00e9rni, ennek ellen\u00e9re jelenleg vil\u00e1gszerte csak h\u00fasz orsz\u00e1gnak van H2-koncepci\u00f3ja.","breadcrumb":{"@id":"https:\/\/blog.spbinvest.hu\/?p=1004#breadcrumb"},"inLanguage":"hu","potentialAction":[{"@type":"ReadAction","target":["https:\/\/blog.spbinvest.hu\/?p=1004"]}]},{"@type":"ImageObject","inLanguage":"hu","@id":"https:\/\/blog.spbinvest.hu\/?p=1004#primaryimage","url":"https:\/\/blog.spbinvest.hu\/wp-content\/uploads\/2022\/01\/vilaggazdasag_2022_01_19.jpg","contentUrl":"https:\/\/blog.spbinvest.hu\/wp-content\/uploads\/2022\/01\/vilaggazdasag_2022_01_19.jpg","width":2000,"height":1333},{"@type":"BreadcrumbList","@id":"https:\/\/blog.spbinvest.hu\/?p=1004#breadcrumb","itemListElement":[{"@type":"ListItem","position":1,"name":"Kezd\u0151lap","item":"https:\/\/blog.spbinvest.hu\/"},{"@type":"ListItem","position":2,"name":"Sz\u00edntelen, szagtalan, m\u00e9gis kiv\u00e1l\u00f3 befektet\u00e9s a hidrog\u00e9n"}]},{"@type":"WebSite","@id":"https:\/\/blog.spbinvest.hu\/#website","url":"https:\/\/blog.spbinvest.hu\/","name":"SPB Blog","description":"","potentialAction":[{"@type":"SearchAction","target":{"@type":"EntryPoint","urlTemplate":"https:\/\/blog.spbinvest.hu\/?s={search_term_string}"},"query-input":{"@type":"PropertyValueSpecification","valueRequired":true,"valueName":"search_term_string"}}],"inLanguage":"hu"},{"@type":"Person","@id":"https:\/\/blog.spbinvest.hu\/#\/schema\/person\/d5af847b20d61bf27bae3db50d6247f7","name":"SPB","image":{"@type":"ImageObject","inLanguage":"hu","@id":"https:\/\/secure.gravatar.com\/avatar\/e4bde87cb0016e1f94b62d02932290f9440405440ef9e5f3917ee5cec0b41662?s=96&d=mm&r=g","url":"https:\/\/secure.gravatar.com\/avatar\/e4bde87cb0016e1f94b62d02932290f9440405440ef9e5f3917ee5cec0b41662?s=96&d=mm&r=g","contentUrl":"https:\/\/secure.gravatar.com\/avatar\/e4bde87cb0016e1f94b62d02932290f9440405440ef9e5f3917ee5cec0b41662?s=96&d=mm&r=g","caption":"SPB"},"sameAs":["https:\/\/blog.spbinvest.hu"],"url":"https:\/\/blog.spbinvest.hu\/?author=1"}]}},"_links":{"self":[{"href":"https:\/\/blog.spbinvest.hu\/index.php?rest_route=\/wp\/v2\/posts\/1004","targetHints":{"allow":["GET"]}}],"collection":[{"href":"https:\/\/blog.spbinvest.hu\/index.php?rest_route=\/wp\/v2\/posts"}],"about":[{"href":"https:\/\/blog.spbinvest.hu\/index.php?rest_route=\/wp\/v2\/types\/post"}],"author":[{"embeddable":true,"href":"https:\/\/blog.spbinvest.hu\/index.php?rest_route=\/wp\/v2\/users\/1"}],"replies":[{"embeddable":true,"href":"https:\/\/blog.spbinvest.hu\/index.php?rest_route=%2Fwp%2Fv2%2Fcomments&post=1004"}],"version-history":[{"count":1,"href":"https:\/\/blog.spbinvest.hu\/index.php?rest_route=\/wp\/v2\/posts\/1004\/revisions"}],"predecessor-version":[{"id":1006,"href":"https:\/\/blog.spbinvest.hu\/index.php?rest_route=\/wp\/v2\/posts\/1004\/revisions\/1006"}],"wp:featuredmedia":[{"embeddable":true,"href":"https:\/\/blog.spbinvest.hu\/index.php?rest_route=\/wp\/v2\/media\/1005"}],"wp:attachment":[{"href":"https:\/\/blog.spbinvest.hu\/index.php?rest_route=%2Fwp%2Fv2%2Fmedia&parent=1004"}],"wp:term":[{"taxonomy":"category","embeddable":true,"href":"https:\/\/blog.spbinvest.hu\/index.php?rest_route=%2Fwp%2Fv2%2Fcategories&post=1004"},{"taxonomy":"post_tag","embeddable":true,"href":"https:\/\/blog.spbinvest.hu\/index.php?rest_route=%2Fwp%2Fv2%2Ftags&post=1004"}],"curies":[{"name":"wp","href":"https:\/\/api.w.org\/{rel}","templated":true}]}}